{"id":85731,"date":"2025-12-03T09:34:17","date_gmt":"2025-12-03T12:34:17","guid":{"rendered":"https:\/\/www.tvnovelas.com.br\/tvnews\/?p=85731"},"modified":"2025-12-03T09:34:17","modified_gmt":"2025-12-03T12:34:17","slug":"dona-de-mim-filipa-descobre-que-foi-jaques-quem-matou-abel","status":"publish","type":"post","link":"https:\/\/www.tvnovelas.com.br\/tvnews\/dona-de-mim-filipa-descobre-que-foi-jaques-quem-matou-abel\/","title":{"rendered":"Dona de Mim: Filipa descobre que foi Jaques quem matou Abel"},"content":{"rendered":"<figure id=\"attachment_85732\" aria-describedby=\"caption-attachment-85732\" style=\"width: 727px\" class=\"wp-caption aligncenter\"><img data-recalc-dims=\"1\" decoding=\"async\" class=\"wp-image-85732 size-full\" title=\"(Foto: TV Globo\/Dona de Mim)\" src=\"https:\/\/i0.wp.com\/www.tvnovelas.com.br\/tvnews\/wp-content\/uploads\/2025\/12\/12512.jpg?resize=727%2C410&#038;ssl=1\" alt=\"Foto em Dona de Mim: Filipa descobre que foi Jaques quem matou Abel\" width=\"727\" height=\"410\" srcset=\"https:\/\/i0.wp.com\/www.tvnovelas.com.br\/tvnews\/wp-content\/uploads\/2025\/12\/12512.jpg?w=727&amp;ssl=1 727w, https:\/\/i0.wp.com\/www.tvnovelas.com.br\/tvnews\/wp-content\/uploads\/2025\/12\/12512.jpg?resize=250%2C141&amp;ssl=1 250w\" sizes=\"(max-width: 727px) 100vw, 727px\" \/><figcaption id=\"caption-attachment-85732\" class=\"wp-caption-text\">Dona de Mim: Filipa descobre que foi Jaques quem matou Abel<\/figcaption><\/figure>\n<p>Em Dona de Mim, Filipa (Cl\u00e1udia Abreu) vai descobrir atrav\u00e9s de T\u00e2nia (Aline Borges) toda a verdade sobre a morte de Abel (Tony Ramos). Depois, ela pressionar\u00e1 Danilo (Felipe Simas) e o ex-motorista confessar\u00e1 que foi ele quem ensinou Jaques (Marcello Novaes) como sabotar o carro do pr\u00f3prio irm\u00e3o. Filipa ficar\u00e1 fora de si e mandar\u00e1 Danilo, apaixonado por ela, se entregar \u00e0 pol\u00edcia.<\/p>\n<p>\u201cRicardo parecia meio lento, mas n\u00e3o \u00e9 que ele filmou Jaques sabotando o carro do Abel? Claro que Jaques teve um consultor, nunca soube trocar um pneu. Adivinha quem? Danilo\u201d, despeja T\u00e2nia.<\/p>\n<p>Filipa ficar\u00e1 em choque e mandar\u00e1 T\u00e2nia embora. Mas, logo depois, chamar\u00e1 Danilo para sua casa e o colocar\u00e1 contra a parede.<\/p>\n<p>\u201cEu sei que o Jaques matou o Abel. E sei que se voc\u00ea me ama de verdade, voc\u00ea pode me ajudar a provar. Eu sei que voc\u00ea disse pro Jaques como mexer no freio. Eu sei que ele matou meu marido. Eu sei tudo! Olha no meu olho, Danilo, e diz que \u00e9 mentira\u201d, dispara Filipa.<\/p>\n<p>Danilo, culpado, n\u00e3o conseguir\u00e1 encarar Filipa, mas tentar\u00e1 se defender.<\/p>\n<p>\u201cComo eu ia adivinhar que o Jaques ia matar o Abel? Ele me perguntou como fazia pra um carro parar e eu s\u00f3 dei as op\u00e7\u00f5es! N\u00e3o podia imaginar. Eu juro! Filipa, pensa! Mesmo voc\u00ea custou a acreditar que isso era poss\u00edvel\u201d, diz ele.<\/p>\n<p>Filipa ir\u00e1 questionar o porqu\u00ea de Danilo n\u00e3o ter entregado Jaques \u00e0 pol\u00edcia.<\/p>\n<p>\u201cPor que voc\u00ea n\u00e3o entregou o Jaques? Depois?\u201d, pergunta ela.<\/p>\n<p>\u201cTive medo, sim! Voc\u00ea n\u00e3o teria? Jaques disse que eu tinha me tornado c\u00famplice dele. Que eu ia preso! A corda sempre arrebenta do lado mais fraco mesmo\u201d, afirma ele.<\/p>\n<p>Filipa, ent\u00e3o, tentar\u00e1 convencer Danilo a contar tudo para a pol\u00edcia para que Jaques possa pagar pelo crime.<\/p>\n<p>\u201cVem comigo na pol\u00edcia agora. Confessa tudo.\u201d<\/p>\n<p>Danilo ficar\u00e1 atordoado e ir\u00e1 embora batendo a porta. Filipa dar\u00e1 um grito de dor. Mas depois contar\u00e1 tudo o que descobriu a Samuel (Juan Paiva).<br \/>\n<a href=\"https:\/\/tvnovelas.com.br\/novelas\/resumos-de-dona-de-mim-da-proxima-semana\/\" target=\"_blank\" rel=\"noopener\">Resumos dos cap\u00edtulos de Dona de Mim<\/a><br \/>\n<div class=\"pt-cv-wrapper\"><h2 class='pt-cv-heading-container heading2' data-blockid='9b88c0b6t2'><span class='pt-cv-heading'> \u00daltimas da novela <\/span><\/h2><div class=\"pt-cv-view pt-cv-grid pt-cv-colsys\" id=\"pt-cv-view-9b88c0b6t2\"><div data-id=\"pt-cv-page-1\" class=\"pt-cv-page\" data-cvc=\"1\"><div class=\"col-md-12 col-sm-12 col-xs-12 pt-cv-content-item pt-cv-1-col\" ><div class='pt-cv-ifield'><h4 class=\"pt-cv-title\"><a href=\"https:\/\/www.tvnovelas.com.br\/tvnews\/dona-de-mim-abel-aparece-e-salva-sofia-do-incendio\/\" class=\"_blank\" target=\"_blank\" >Dona de Mim: Abel \u2018aparece&#8217; e salva Sofia do inc\u00eandio<\/a><\/h4><\/div><\/div>\n<div class=\"col-md-12 col-sm-12 col-xs-12 pt-cv-content-item pt-cv-1-col\" ><div class='pt-cv-ifield'><h4 class=\"pt-cv-title\"><a href=\"https:\/\/www.tvnovelas.com.br\/tvnews\/dona-de-mim-jaques-coloca-fogo-na-boaz\/\" class=\"_blank\" target=\"_blank\" >Dona de Mim: Jaques coloca fogo na Boaz<\/a><\/h4><\/div><\/div>\n<div class=\"col-md-12 col-sm-12 col-xs-12 pt-cv-content-item pt-cv-1-col\" ><div class='pt-cv-ifield'><h4 class=\"pt-cv-title\"><a href=\"https:\/\/www.tvnovelas.com.br\/tvnews\/dona-de-mim-davi-e-barbara-sofrem-grave-acidente\/\" class=\"_blank\" target=\"_blank\" >Dona de Mim: Davi e B\u00e1rbara sofrem grave acidente<\/a><\/h4><\/div><\/div><\/div><\/div><\/div><\/p>\n<div style=\"font-size: 150%;\"><h3>Confira tamb\u00e9m<\/h3>\r\n<a href=\"https:\/\/tvnovelas.com.br\/novelas\/\" rel=\"noopener\" target=\"_blank\"><strong>Todos os resumos de novelas<\/strong><\/a><\/br>\r\n<a href=\"https:\/\/www.tvnovelas.com.br\/tvnews\/\" rel=\"noopener\" target=\"_blank\"><strong>\u00daltimas not\u00edcias das novelas<\/strong><\/a><\/br>\r\n<a href=\"https:\/\/www.tvnovelas.com.br\/filmes\/\" target=\"_blank\" rel=\"noopener noreferrer\"><strong>Programa\u00e7\u00e3o de filmes na TV aberta<\/strong><\/a><\/br>\r\n<a href=\"https:\/\/caetenews.com.br\/semana\/filmes-da-globo-na-sessao-da-tarde-desta-semana\/\" target=\"_blank\" rel=\"noopener\"><strong>Confira os filmes da semana na Sess\u00e3o da Tarde<\/strong><\/a><\/br>\r\n<a href=\"https:\/\/classindportal.mj.gov.br\/consulta-filmes\" target=\"_blank\" rel=\"noopener\"><strong>Consulte a classifica\u00e7\u00e3o indicativa dos filmes e novelas<\/strong><\/a><\/br><\/div>\n","protected":false},"excerpt":{"rendered":"<p>Dona de Mim: Filipa descobre que foi Jaques&#8230;  Em Dona de Mim, Filipa (Cl\u00e1udia Abreu) vai descobrir atrav\u00e9s de T\u00e2nia (Aline Borges) toda a verdade&#8230;<\/p>\n","protected":false},"author":1,"featured_media":85732,"comment_status":"closed","ping_status":"closed","sticky":false,"template":"","format":"standard","meta":{"_uf_show_specific_survey":0,"_uf_disable_surveys":false,"_jetpack_memberships_contains_paid_content":false,"footnotes":"","_wp_rev_ctl_limit":""},"categories":[884],"tags":[883,5,64],"class_list":["post-85731","post","type-post","status-publish","format-standard","has-post-thumbnail","hentry","category-dona-de-mim","tag-dona-de-mim","tag-globo","tag-novelas","wpcat-884-id"],"aioseo_notices":[],"jetpack_featured_media_url":"https:\/\/i0.wp.com\/www.tvnovelas.com.br\/tvnews\/wp-content\/uploads\/2025\/12\/12512.jpg?fit=727%2C410&ssl=1","jetpack_shortlink":"https:\/\/wp.me\/pdP2BO-miL","jetpack_sharing_enabled":true,"_links":{"self":[{"href":"https:\/\/www.tvnovelas.com.br\/tvnews\/wp-json\/wp\/v2\/posts\/85731","targetHints":{"allow":["GET"]}}],"collection":[{"href":"https:\/\/www.tvnovelas.com.br\/tvnews\/wp-json\/wp\/v2\/posts"}],"about":[{"href":"https:\/\/www.tvnovelas.com.br\/tvnews\/wp-json\/wp\/v2\/types\/post"}],"author":[{"embeddable":true,"href":"https:\/\/www.tvnovelas.com.br\/tvnews\/wp-json\/wp\/v2\/users\/1"}],"replies":[{"embeddable":true,"href":"https:\/\/www.tvnovelas.com.br\/tvnews\/wp-json\/wp\/v2\/comments?post=85731"}],"version-history":[{"count":1,"href":"https:\/\/www.tvnovelas.com.br\/tvnews\/wp-json\/wp\/v2\/posts\/85731\/revisions"}],"predecessor-version":[{"id":85733,"href":"https:\/\/www.tvnovelas.com.br\/tvnews\/wp-json\/wp\/v2\/posts\/85731\/revisions\/85733"}],"wp:featuredmedia":[{"embeddable":true,"href":"https:\/\/www.tvnovelas.com.br\/tvnews\/wp-json\/wp\/v2\/media\/85732"}],"wp:attachment":[{"href":"https:\/\/www.tvnovelas.com.br\/tvnews\/wp-json\/wp\/v2\/media?parent=85731"}],"wp:term":[{"taxonomy":"category","embeddable":true,"href":"https:\/\/www.tvnovelas.com.br\/tvnews\/wp-json\/wp\/v2\/categories?post=85731"},{"taxonomy":"post_tag","embeddable":true,"href":"https:\/\/www.tvnovelas.com.br\/tvnews\/wp-json\/wp\/v2\/tags?post=85731"}],"curies":[{"name":"wp","href":"https:\/\/api.w.org\/{rel}","templated":true}]}}