{"id":85751,"date":"2025-12-03T17:03:50","date_gmt":"2025-12-03T20:03:50","guid":{"rendered":"https:\/\/www.tvnovelas.com.br\/tvnews\/?p=85751"},"modified":"2025-12-03T17:03:50","modified_gmt":"2025-12-03T20:03:50","slug":"zeynep-se-apavora-com-medo-de-perder-turna","status":"publish","type":"post","link":"https:\/\/www.tvnovelas.com.br\/tvnews\/zeynep-se-apavora-com-medo-de-perder-turna\/","title":{"rendered":"Zeynep se apavora com medo de perder Turna"},"content":{"rendered":"<figure id=\"attachment_85752\" aria-describedby=\"caption-attachment-85752\" style=\"width: 728px\" class=\"wp-caption aligncenter\"><img data-recalc-dims=\"1\" decoding=\"async\" class=\"wp-image-85752 size-full\" title=\"(Foto: Record TV\/M\u00e3e)\" src=\"https:\/\/i0.wp.com\/www.tvnovelas.com.br\/tvnews\/wp-content\/uploads\/2025\/12\/12517.jpg?resize=728%2C406&#038;ssl=1\" alt=\"Foto em Zeynep se apavora com medo de perder Turna\" width=\"728\" height=\"406\" srcset=\"https:\/\/i0.wp.com\/www.tvnovelas.com.br\/tvnews\/wp-content\/uploads\/2025\/12\/12517.jpg?w=728&amp;ssl=1 728w, https:\/\/i0.wp.com\/www.tvnovelas.com.br\/tvnews\/wp-content\/uploads\/2025\/12\/12517.jpg?resize=250%2C139&amp;ssl=1 250w\" sizes=\"(max-width: 728px) 100vw, 728px\" \/><figcaption id=\"caption-attachment-85752\" class=\"wp-caption-text\">Zeynep se apavora com medo de perder Turna<\/figcaption><\/figure>\n<p>No cap\u00edtulo de M\u00e3e desta quarta-feira (03\/12), Zeynep n\u00e3o consegue esconder a ang\u00fastia e o temor de imaginar Turna (Melek) voltando para os bra\u00e7os de Sule a consome. A menina, percebendo a tens\u00e3o, tamb\u00e9m fica apreensiva e faz de tudo para impedir que a m\u00e3e adotiva v\u00e1 \u00e0 delegacia prestar depoimento. Entre<br \/>\ndesculpas e s\u00faplicas, Turna tem uma crise de choro, o que deixa Zeynep ainda mais angustiada.<\/p>\n<p>Na casa da fam\u00edlia Gunes, Cahide tamb\u00e9m vive momentos decisivos. A sogra de Gamze aparece para discutir os detalhes do casamento do filho, trazendo \u00e0 tona conflitos. J\u00e1 Duru tenta animar Turna ap\u00f3s a sa\u00edda de Zeynep, mas a menina continua mergulhada no medo<br \/>\nde perder quem ama.<\/p>\n<p>Do outro lado da cidade, Sule enfrenta o frio e a falta de dinheiro. Sem sa\u00edda, ela pede abrigo a Gonul \u2014 e acaba descobrindo um segredo do passado marcado por um crime. Em meio \u00e0s revela\u00e7\u00f5es, Sarp percebe que Duru est\u00e1 cada vez mais pr\u00f3xima de Ali e fica muito<br \/>\nenciumado.<\/p>\n<p>Ansiosa e determinada a ficar com Turna, Zeynep toma uma atitude arriscada: envia uma mensagem pedindo para agilizar a produ\u00e7\u00e3o dos passaportes falsos.<\/p>\n<p>Confira o resumo do cap\u00edtulo de hoje:<\/p>\n<h2 style=\"color: #92487a;\">Resumo de quarta-feira, 03 de dezembro<\/h2>\n<p>Zeynep diz a Duru que est\u00e1 com medo de que Turna (Melek) volte a morar com Sule. Na manh\u00e3 seguinte, Turna (Melek) inventa desculpas e implora para que Zeynep n\u00e3o v\u00e1 para a delegacia. A menina tem uma crise de choro e deixa a m\u00e3e adotiva apreensiva. A sogra de Gamze chega \u00e0 casa de Cahide para falar do casamento do filho. Duro tenta animar Turna (Melek) depois que Zeynep sai para a delegacia. Com frio e sem dinheiro, Sule pede para morar com Gonul. Durante a estadia, a m\u00e3e de Melek descobre que Gonul matou o marido. Sarp percebe que Duru est\u00e1 interessada em Ali. A sogra de Gonul passa mal, mas recusa ajuda. Ansiosa, Zeynep manda mensagem para o contato que ficou respons\u00e1vel pela produ\u00e7\u00e3o dos passaportes falsos.<\/p>\n<p><!--FIM--><\/p>\n<h2>Saiba mais<\/h2>\n<p><a href=\"https:\/\/tvnovelas.com.br\/novelas\/resumos-de-novela-mae\/\" target=\"_blank\" rel=\"noopener\">Resumos dos cap\u00edtulos da semana<\/a><br \/>\n<a href=\"https:\/\/wp.me\/pfspD2-VN\" target=\"_blank\" rel=\"noopener\">M\u00e3e: Resgatando uma crian\u00e7a da viol\u00eancia<\/a><br \/>\n<div class=\"pt-cv-wrapper\"><h2 class='pt-cv-heading-container heading2' data-blockid='759454f593'><span class='pt-cv-heading'> \u00daltimas da Novela <\/span><\/h2><div class=\"pt-cv-view pt-cv-grid pt-cv-colsys\" id=\"pt-cv-view-759454f593\"><div data-id=\"pt-cv-page-1\" class=\"pt-cv-page\" data-cvc=\"1\"><div class=\"col-md-12 col-sm-12 col-xs-12 pt-cv-content-item pt-cv-1-col\" ><div class='pt-cv-ifield'><h4 class=\"pt-cv-title\"><a href=\"https:\/\/www.tvnovelas.com.br\/tvnews\/mae-o-destino-final-de-melek-e-zeynep\/\" class=\"_self\" target=\"_self\" >M\u00e3e: O destino final de Melek e Zeynep<\/a><\/h4><\/div><\/div>\n<div class=\"col-md-12 col-sm-12 col-xs-12 pt-cv-content-item pt-cv-1-col\" ><div class='pt-cv-ifield'><h4 class=\"pt-cv-title\"><a href=\"https:\/\/www.tvnovelas.com.br\/tvnews\/mae-zeynep-enfrenta-cengiz\/\" class=\"_self\" target=\"_self\" >M\u00e3e: Zeynep enfrenta Cengiz<\/a><\/h4><\/div><\/div>\n<div class=\"col-md-12 col-sm-12 col-xs-12 pt-cv-content-item pt-cv-1-col\" ><div class='pt-cv-ifield'><h4 class=\"pt-cv-title\"><a href=\"https:\/\/www.tvnovelas.com.br\/tvnews\/mae-cengiz-e-preso-sob-a-acusacao-de-assassinato\/\" class=\"_self\" target=\"_self\" >M\u00e3e: Cengiz \u00e9 preso sob a acusa\u00e7\u00e3o de assassinato<\/a><\/h4><\/div><\/div>\n<div class=\"col-md-12 col-sm-12 col-xs-12 pt-cv-content-item pt-cv-1-col\" ><div class='pt-cv-ifield'><h4 class=\"pt-cv-title\"><a href=\"https:\/\/www.tvnovelas.com.br\/tvnews\/mae-cengiz-assina-documento-renunciando-a-guarda-dos-filhos\/\" class=\"_self\" target=\"_self\" >M\u00e3e: Cengiz assina documento renunciando \u00e0 guarda dos filhos<\/a><\/h4><\/div><\/div>\n<div class=\"col-md-12 col-sm-12 col-xs-12 pt-cv-content-item pt-cv-1-col\" ><div class='pt-cv-ifield'><h4 class=\"pt-cv-title\"><a href=\"https:\/\/www.tvnovelas.com.br\/tvnews\/mae-cengiz-pode-estar-com-os-dias-contados\/\" class=\"_self\" target=\"_self\" >M\u00e3e: Cengiz pode estar com os dias contados<\/a><\/h4><\/div><\/div><\/div><\/div><\/div><br \/>\n&lt;h<\/p>\n<div style=\"font-size: 120%;\"><h3>Confira tamb\u00e9m<\/h3>\r\n<a href=\"https:\/\/tvnovelas.com.br\/novelas\/\" rel=\"noopener\" target=\"_blank\"><strong>Todos os resumos de novelas<\/strong><\/a><\/br>\r\n<a href=\"https:\/\/www.tvnovelas.com.br\/tvnews\/\" rel=\"noopener\" target=\"_blank\"><strong>\u00daltimas not\u00edcias das novelas<\/strong><\/a><\/br>\r\n<a href=\"https:\/\/www.tvnovelas.com.br\/filmes\/\" target=\"_blank\" rel=\"noopener noreferrer\"><strong>Programa\u00e7\u00e3o de filmes na TV aberta<\/strong><\/a><\/br>\r\n<a href=\"https:\/\/caetenews.com.br\/semana\/filmes-da-globo-na-sessao-da-tarde-desta-semana\/\" target=\"_blank\" rel=\"noopener\"><strong>Confira os filmes da semana na Sess\u00e3o da Tarde<\/strong><\/a><\/br>\r\n<a href=\"https:\/\/classindportal.mj.gov.br\/consulta-filmes\" target=\"_blank\" rel=\"noopener\"><strong>Consulte a classifica\u00e7\u00e3o indicativa dos filmes e novelas<\/strong><\/a><\/br><\/div>\n","protected":false},"excerpt":{"rendered":"<p>Zeynep se apavora com medo de perder Turna&#8230;  No cap\u00edtulo de M\u00e3e desta quarta-feira (03\/12), Zeynep n\u00e3o consegue esconder a ang\u00fastia&#8230; <\/p>\n","protected":false},"author":1,"featured_media":85752,"comment_status":"closed","ping_status":"closed","sticky":false,"template":"","format":"standard","meta":{"_uf_show_specific_survey":0,"_uf_disable_surveys":false,"_jetpack_memberships_contains_paid_content":false,"footnotes":"","_wp_rev_ctl_limit":""},"categories":[1012,309],"tags":[1013,64,14],"class_list":["post-85751","post","type-post","status-publish","format-standard","has-post-thumbnail","hentry","category-mae","category-record","tag-mae","tag-novelas","tag-record","wpcat-1012-id","wpcat-309-id"],"aioseo_notices":[],"jetpack_featured_media_url":"https:\/\/i0.wp.com\/www.tvnovelas.com.br\/tvnews\/wp-content\/uploads\/2025\/12\/12517.jpg?fit=728%2C406&ssl=1","jetpack_shortlink":"https:\/\/wp.me\/pdP2BO-mj5","jetpack_sharing_enabled":true,"_links":{"self":[{"href":"https:\/\/www.tvnovelas.com.br\/tvnews\/wp-json\/wp\/v2\/posts\/85751","targetHints":{"allow":["GET"]}}],"collection":[{"href":"https:\/\/www.tvnovelas.com.br\/tvnews\/wp-json\/wp\/v2\/posts"}],"about":[{"href":"https:\/\/www.tvnovelas.com.br\/tvnews\/wp-json\/wp\/v2\/types\/post"}],"author":[{"embeddable":true,"href":"https:\/\/www.tvnovelas.com.br\/tvnews\/wp-json\/wp\/v2\/users\/1"}],"replies":[{"embeddable":true,"href":"https:\/\/www.tvnovelas.com.br\/tvnews\/wp-json\/wp\/v2\/comments?post=85751"}],"version-history":[{"count":1,"href":"https:\/\/www.tvnovelas.com.br\/tvnews\/wp-json\/wp\/v2\/posts\/85751\/revisions"}],"predecessor-version":[{"id":85753,"href":"https:\/\/www.tvnovelas.com.br\/tvnews\/wp-json\/wp\/v2\/posts\/85751\/revisions\/85753"}],"wp:featuredmedia":[{"embeddable":true,"href":"https:\/\/www.tvnovelas.com.br\/tvnews\/wp-json\/wp\/v2\/media\/85752"}],"wp:attachment":[{"href":"https:\/\/www.tvnovelas.com.br\/tvnews\/wp-json\/wp\/v2\/media?parent=85751"}],"wp:term":[{"taxonomy":"category","embeddable":true,"href":"https:\/\/www.tvnovelas.com.br\/tvnews\/wp-json\/wp\/v2\/categories?post=85751"},{"taxonomy":"post_tag","embeddable":true,"href":"https:\/\/www.tvnovelas.com.br\/tvnews\/wp-json\/wp\/v2\/tags?post=85751"}],"curies":[{"name":"wp","href":"https:\/\/api.w.org\/{rel}","templated":true}]}}