{"id":85763,"date":"2025-12-04T10:05:25","date_gmt":"2025-12-04T13:05:25","guid":{"rendered":"https:\/\/www.tvnovelas.com.br\/tvnews\/?p=85763"},"modified":"2025-12-04T10:32:08","modified_gmt":"2025-12-04T13:32:08","slug":"tres-gracas-gerluce-nao-aceita-convite-para-morar-com-paulinho","status":"publish","type":"post","link":"https:\/\/www.tvnovelas.com.br\/tvnews\/tres-gracas-gerluce-nao-aceita-convite-para-morar-com-paulinho\/","title":{"rendered":"Tr\u00eas Gra\u00e7as: Gerluce n\u00e3o aceita convite para morar com Paulinho"},"content":{"rendered":"<figure id=\"attachment_85764\" aria-describedby=\"caption-attachment-85764\" style=\"width: 728px\" class=\"wp-caption aligncenter\"><img data-recalc-dims=\"1\" decoding=\"async\" class=\"wp-image-85764 size-full\" title=\"(Foto: TV Globo\/Tr\u00eas Gra\u00e7as)\" src=\"https:\/\/i0.wp.com\/www.tvnovelas.com.br\/tvnews\/wp-content\/uploads\/2025\/12\/12520.jpg?resize=728%2C410&#038;ssl=1\" alt=\"Foto em Tr\u00eas Gra\u00e7as: Gerluce n\u00e3o aceita convite para morar com Paulinho\" width=\"728\" height=\"410\" srcset=\"https:\/\/i0.wp.com\/www.tvnovelas.com.br\/tvnews\/wp-content\/uploads\/2025\/12\/12520.jpg?w=728&amp;ssl=1 728w, https:\/\/i0.wp.com\/www.tvnovelas.com.br\/tvnews\/wp-content\/uploads\/2025\/12\/12520.jpg?resize=250%2C141&amp;ssl=1 250w\" sizes=\"(max-width: 728px) 100vw, 728px\" \/><figcaption id=\"caption-attachment-85764\" class=\"wp-caption-text\">Tr\u00eas Gra\u00e7as: Gerluce n\u00e3o aceita convite para morar com Paulinho<\/figcaption><\/figure>\n<p>Em Tr\u00eas Gra\u00e7as, durante a viagem rom\u00e2ntica na casa de praia, Paulinho (Romulo Estrela) vai fazer um convite para Gerluce (Sophie Charlotte). Mas nem tudo sair\u00e1 como esperado pelo policial. A cuidadora acabar\u00e1 recusando o pedido feito pelo namorado.<\/p>\n<p>Em um clima de romance, ap\u00f3s um jantar dos dois na casa emprestada por Juquinha (Gabriela Medvedovsky), o policial vai pedir para Gerluce morar com ele. Por\u00e9m, a m\u00e3e de Jo\u00e9lly (Alana Cabral) negar\u00e1 o convite de Paulinho.<\/p>\n<p>&#8220;Voc\u00ea quer morar comigo?&#8221;, convidar\u00e1 ele.<\/p>\n<p>&#8220;Nossa, fica muito dif\u00edcil responder sua pergunta assim com voc\u00ea falando desse jeitinho. Mas morar junto agora&#8230;Minha m\u00e3e est\u00e1 doente, minha filha est\u00e1 gr\u00e1vida e tem o&#8230;&#8221;, responder\u00e1 Gerluce.<\/p>\n<p>Ao ouvir as palavras da cuidadora, Paulinho ficar\u00e1 curioso e questionar\u00e1 se tem algo que dificulta os dois viverem sob o mesmo teto. &#8220;Tem o qu\u00ea? Tem alguma outra coisa que te impede de ficar comigo? Voc\u00ea tem algum outro plano?&#8221;, perguntar\u00e1 ele.<\/p>\n<p>&#8220;Plano? Que plano? Eu falei plano?&#8221;, questionar\u00e1 ela. &#8220;\u00c9 que&#8230;N\u00e3o sei, se voc\u00ea tem uma viagem, voc\u00ea vai mudar de cidade, sei l\u00e1&#8221;, afirmar\u00e1 Paulinho.<\/p>\n<p>&#8220;N\u00e3o, n\u00e3o tenho, n\u00e3o tenho nenhum. Voc\u00ea sabe que a minha vida \u00e9 um dia de cada vez. \u00c9 um corre louco. Olha, eu quero construir algo com voc\u00ea mesmo. Nunca homem nenhum me tratou com tanto respeito. \u00c9 t\u00e3o parceiro. Eu quero morar com voc\u00ea, eu s\u00f3 n\u00e3o consigo agora. Voc\u00ea entende?&#8221;, dir\u00e1 ela.<\/p>\n<p>O policial entender\u00e1 e comentar\u00e1 que a casa dele sempre estar\u00e1 dispon\u00edvel para receb\u00ea-la.<\/p>\n<p>&#8220;Tudo bem! A gente volta a falar disso numa outra hora. At\u00e9 l\u00e1 eu queria que voc\u00ea soubesse que o meu castelo, o meu imenso castelo de quarto e sala, ele est\u00e1 de portas abertas esperando voc\u00ea a hora que voc\u00ea quiser&#8221;, dir\u00e1 Paulinho.<br \/>\n<!--FIM--><br \/>\n<div class=\"pt-cv-wrapper\"><h2 class='pt-cv-heading-container heading2' data-blockid='aa8cb49py2'><span class='pt-cv-heading'> \u00daltimas da Novela <\/span><\/h2><div class=\"pt-cv-view pt-cv-grid pt-cv-colsys\" id=\"pt-cv-view-aa8cb49py2\"><div data-id=\"pt-cv-page-1\" class=\"pt-cv-page\" data-cvc=\"1\"><div class=\"col-md-12 col-sm-12 col-xs-12 pt-cv-content-item pt-cv-1-col\" ><div class='pt-cv-ifield'><h4 class=\"pt-cv-title\"><a href=\"https:\/\/www.tvnovelas.com.br\/tvnews\/tres-gracas-joaquim-propoe-fuga-a-arminda-com-o-dinheiro-das-tres-gracas\/\" class=\"_self\" target=\"_self\" >Tr\u00eas Gra\u00e7as:  Joaquim prop\u00f5e fuga a Arminda com o dinheiro das Tr\u00eas Gra\u00e7as<\/a><\/h4><\/div><\/div>\n<div class=\"col-md-12 col-sm-12 col-xs-12 pt-cv-content-item pt-cv-1-col\" ><div class='pt-cv-ifield'><h4 class=\"pt-cv-title\"><a href=\"https:\/\/www.tvnovelas.com.br\/tvnews\/tres-gracas-bagda-e-preso-por-juquinha\/\" class=\"_self\" target=\"_self\" >Tr\u00eas Gra\u00e7as:  Bagd\u00e1 \u00e9 preso por Juquinha<\/a><\/h4><\/div><\/div>\n<div class=\"col-md-12 col-sm-12 col-xs-12 pt-cv-content-item pt-cv-1-col\" ><div class='pt-cv-ifield'><h4 class=\"pt-cv-title\"><a href=\"https:\/\/www.tvnovelas.com.br\/tvnews\/os-resumos-de-tres-gracas-da-semana-27-4-a-02-de-maio\/\" class=\"_self\" target=\"_self\" >Os resumos de Tr\u00eas Gra\u00e7as da semana 27\/4 a 02 de maio<\/a><\/h4><\/div><\/div><\/div><\/div><\/div><\/p>\n<h2>Saiba mais<\/h2>\n<p><a href=\"https:\/\/tvnovelas.com.br\/novelas\/resumos-de-tres-gracas\/\" target=\"_blank\" rel=\"noopener\">Tr\u00eas Gra\u00e7as: Resumos dos cap\u00edtulos da semana<\/a><br \/>\n<a href=\"https:\/\/tvnovelas.com.br\/page2\/arquivo\/tres-gracas-aluta-para-nao-perder-a-esperanca\/\" target=\"_blank\" rel=\"noopener\">&#8216;Tr\u00eas Gra\u00e7as\u2019, a luta para n\u00e3o perder a esperan\u00e7a<\/a> (Sinopse)<br \/>\n<a href=\"https:\/\/www.tvnovelas.com.br\/tvnews\/tres-gracas-as-tres-gracas-e-suas-adversidades\/\" target=\"_blank\" rel=\"noopener\">Tr\u00eas Gra\u00e7as: As tr\u00eas Gra\u00e7as e suas adversidades<\/a><\/p>\n<div style=\"font-size: 120%;\"><h3>Confira tamb\u00e9m<\/h3>\r\n<a href=\"https:\/\/tvnovelas.com.br\/novelas\/\" rel=\"noopener\" target=\"_blank\"><strong>Todos os resumos de novelas<\/strong><\/a><\/br>\r\n<a href=\"https:\/\/www.tvnovelas.com.br\/tvnews\/\" rel=\"noopener\" target=\"_blank\"><strong>\u00daltimas not\u00edcias das novelas<\/strong><\/a><\/br>\r\n<a href=\"https:\/\/www.tvnovelas.com.br\/filmes\/\" target=\"_blank\" rel=\"noopener noreferrer\"><strong>Programa\u00e7\u00e3o de filmes na TV aberta<\/strong><\/a><\/br>\r\n<a href=\"https:\/\/caetenews.com.br\/semana\/filmes-da-globo-na-sessao-da-tarde-desta-semana\/\" target=\"_blank\" rel=\"noopener\"><strong>Confira os filmes da semana na Sess\u00e3o da Tarde<\/strong><\/a><\/br>\r\n<a href=\"https:\/\/classindportal.mj.gov.br\/consulta-filmes\" target=\"_blank\" rel=\"noopener\"><strong>Consulte a classifica\u00e7\u00e3o indicativa dos filmes e novelas<\/strong><\/a><\/br><\/div>\n","protected":false},"excerpt":{"rendered":"<p>Tr\u00eas Gra\u00e7as: Gerluce n\u00e3o aceita convite para morar&#8230; Em Tr\u00eas Gra\u00e7as, durante a viagem rom\u00e2ntica na casa de praia, Paulinho&#8230;<\/p>\n","protected":false},"author":1,"featured_media":85764,"comment_status":"closed","ping_status":"closed","sticky":false,"template":"","format":"standard","meta":{"_uf_show_specific_survey":0,"_uf_disable_surveys":false,"_jetpack_memberships_contains_paid_content":false,"footnotes":"","_wp_rev_ctl_limit":""},"categories":[1006],"tags":[5,64,1007],"class_list":["post-85763","post","type-post","status-publish","format-standard","has-post-thumbnail","hentry","category-tres-gracas","tag-globo","tag-novelas","tag-tres-gracas","wpcat-1006-id"],"aioseo_notices":[],"jetpack_featured_media_url":"https:\/\/i0.wp.com\/www.tvnovelas.com.br\/tvnews\/wp-content\/uploads\/2025\/12\/12520.jpg?fit=728%2C410&ssl=1","jetpack_shortlink":"https:\/\/wp.me\/pdP2BO-mjh","jetpack_sharing_enabled":true,"_links":{"self":[{"href":"https:\/\/www.tvnovelas.com.br\/tvnews\/wp-json\/wp\/v2\/posts\/85763","targetHints":{"allow":["GET"]}}],"collection":[{"href":"https:\/\/www.tvnovelas.com.br\/tvnews\/wp-json\/wp\/v2\/posts"}],"about":[{"href":"https:\/\/www.tvnovelas.com.br\/tvnews\/wp-json\/wp\/v2\/types\/post"}],"author":[{"embeddable":true,"href":"https:\/\/www.tvnovelas.com.br\/tvnews\/wp-json\/wp\/v2\/users\/1"}],"replies":[{"embeddable":true,"href":"https:\/\/www.tvnovelas.com.br\/tvnews\/wp-json\/wp\/v2\/comments?post=85763"}],"version-history":[{"count":2,"href":"https:\/\/www.tvnovelas.com.br\/tvnews\/wp-json\/wp\/v2\/posts\/85763\/revisions"}],"predecessor-version":[{"id":85766,"href":"https:\/\/www.tvnovelas.com.br\/tvnews\/wp-json\/wp\/v2\/posts\/85763\/revisions\/85766"}],"wp:featuredmedia":[{"embeddable":true,"href":"https:\/\/www.tvnovelas.com.br\/tvnews\/wp-json\/wp\/v2\/media\/85764"}],"wp:attachment":[{"href":"https:\/\/www.tvnovelas.com.br\/tvnews\/wp-json\/wp\/v2\/media?parent=85763"}],"wp:term":[{"taxonomy":"category","embeddable":true,"href":"https:\/\/www.tvnovelas.com.br\/tvnews\/wp-json\/wp\/v2\/categories?post=85763"},{"taxonomy":"post_tag","embeddable":true,"href":"https:\/\/www.tvnovelas.com.br\/tvnews\/wp-json\/wp\/v2\/tags?post=85763"}],"curies":[{"name":"wp","href":"https:\/\/api.w.org\/{rel}","templated":true}]}}