{"id":85850,"date":"2025-12-07T09:49:58","date_gmt":"2025-12-07T12:49:58","guid":{"rendered":"https:\/\/www.tvnovelas.com.br\/tvnews\/?p=85850"},"modified":"2025-12-07T10:01:50","modified_gmt":"2025-12-07T13:01:50","slug":"tres-gracas-joelly-recorre-a-samira-para-ter-os-medicamentos-para-ligia","status":"publish","type":"post","link":"https:\/\/www.tvnovelas.com.br\/tvnews\/tres-gracas-joelly-recorre-a-samira-para-ter-os-medicamentos-para-ligia\/","title":{"rendered":"Tr\u00eas Gra\u00e7as: Jo\u00e9lly recorre a Samira para ter os medicamentos para L\u00edgia"},"content":{"rendered":"<figure id=\"attachment_85851\" aria-describedby=\"caption-attachment-85851\" style=\"width: 728px\" class=\"wp-caption aligncenter\"><img data-recalc-dims=\"1\" decoding=\"async\" class=\"wp-image-85851 size-full\" title=\"(Foto: TV Globo\/Tr\u00eas Gra\u00e7as)\" src=\"https:\/\/i0.wp.com\/www.tvnovelas.com.br\/tvnews\/wp-content\/uploads\/2025\/12\/12539.jpg?resize=728%2C406&#038;ssl=1\" alt=\"Foto em Tr\u00eas Gra\u00e7as: Jo\u00e9lly recorre a Samira para ter os medicamentos para L\u00edgia\" width=\"728\" height=\"406\" srcset=\"https:\/\/i0.wp.com\/www.tvnovelas.com.br\/tvnews\/wp-content\/uploads\/2025\/12\/12539.jpg?w=728&amp;ssl=1 728w, https:\/\/i0.wp.com\/www.tvnovelas.com.br\/tvnews\/wp-content\/uploads\/2025\/12\/12539.jpg?resize=250%2C139&amp;ssl=1 250w\" sizes=\"(max-width: 728px) 100vw, 728px\" \/><figcaption id=\"caption-attachment-85851\" class=\"wp-caption-text\">Tr\u00eas Gra\u00e7as: Jo\u00e9lly recorre a Samira para ter os medicamentos para L\u00edgia<\/figcaption><\/figure>\n<p>Em Tr\u00eas Gra\u00e7as, Ao ver a situa\u00e7\u00e3o da av\u00f3 por conta da doen\u00e7a hipertens\u00e3o arterial pulmonar, Jo\u00e9lly (Alana Cabral) pedir\u00e1 ajuda a Samira (Fernanda Vasconcellos). A adolescente vai implorar para que a chef de cozinha consiga comprar os medicamentos para salvar a vida da matriarca da Maria das Gra\u00e7as.<\/p>\n<p>A adolescente se encontrar\u00e1 com a chef de cozinha na comunidade da Chacrinha para pedir o favor para salvar a av\u00f3.<\/p>\n<p>&#8220;Mas j\u00e1 t\u00f4 salvando a vida do seu filho garantindo um futuro pra ele, Jo\u00e9lly. Voc\u00ea quer agora que eu salve a da tua av\u00f3 tamb\u00e9m?&#8221;, questionar\u00e1 Samira.<\/p>\n<p>Jo\u00e9lly, ent\u00e3o, pegar\u00e1 a caixa do rem\u00e9dio e mostrar\u00e1 para Samira. &#8220;Presta aten\u00e7\u00e3o, Samira. A minha av\u00f3 precisa tomar tr\u00eas caixas dessa todo m\u00eas pra n\u00e3o morrer. Ela depende disso&#8221;, dir\u00e1 a adolescente.<\/p>\n<p>&#8220;Esse rem\u00e9dio \u00e9 car\u00edssimo! Tenho cara de dona de laborat\u00f3rio?&#8221;, indagar\u00e1 a chef de cozinha.<\/p>\n<p>&#8220;\u00c9 s\u00e9rio, Samira! Quero que voc\u00ea n\u00e3o deixe faltar esse rem\u00e9dio, como forma de pagamento pelo meu filho&#8221;, afirmar\u00e1 Jo\u00e9lly.<\/p>\n<p>Samira reagir\u00e1, de forma ir\u00f4nica, perguntando se a mam\u00e3e do ano quer que ela banque os rem\u00e9dios da vov\u00f3.<\/p>\n<p>&#8220;Vou ter que patrocinar a fam\u00edlia inteira? Cachorro, papagaio&#8230; Voc\u00ea pensa que eu n\u00e3o sei que esses rem\u00e9dios s\u00e3o dados pela Funda\u00e7\u00e3o Ferette?&#8221;, destacar\u00e1 Samira.<\/p>\n<p>&#8220;J\u00e1 entendi! Voc\u00ea pensa que eu sou sua fada madrinha. Eu tenho cara de banco? De ficar dando dinheiro para rem\u00e9dio que voc\u00eas recebem de gra\u00e7a? Pera\u00ed, n\u00e9?&#8221;, continuar\u00e1 a chef de cozinha.<br \/>\n<!--FIM--><br \/>\n<div class=\"pt-cv-wrapper\"><h2 class='pt-cv-heading-container heading2' data-blockid='aa8cb49py2'><span class='pt-cv-heading'> \u00daltimas da Novela <\/span><\/h2><div class=\"pt-cv-view pt-cv-grid pt-cv-colsys\" id=\"pt-cv-view-aa8cb49py2\"><div data-id=\"pt-cv-page-1\" class=\"pt-cv-page\" data-cvc=\"1\"><div class=\"col-md-12 col-sm-12 col-xs-12 pt-cv-content-item pt-cv-1-col\" ><div class='pt-cv-ifield'><h4 class=\"pt-cv-title\"><a href=\"https:\/\/www.tvnovelas.com.br\/tvnews\/tres-gracas-joelly-e-gerluce-descobrem-que-filha-de-lena-e-a-bebe-roubada\/\" class=\"_self\" target=\"_self\" >Tr\u00eas Gra\u00e7as: Jo\u00e9lly e Gerluce descobrem que filha de Lena \u00e9 a beb\u00ea roubada<\/a><\/h4><\/div><\/div>\n<div class=\"col-md-12 col-sm-12 col-xs-12 pt-cv-content-item pt-cv-1-col\" ><div class='pt-cv-ifield'><h4 class=\"pt-cv-title\"><a href=\"https:\/\/www.tvnovelas.com.br\/tvnews\/tres-gracas-paulinho-e-afastado-da-policia-por-causa-de-gerluce\/\" class=\"_self\" target=\"_self\" >Tr\u00eas Gra\u00e7as: Paulinho \u00e9 afastado da pol\u00edcia por causa de Gerluce<\/a><\/h4><\/div><\/div>\n<div class=\"col-md-12 col-sm-12 col-xs-12 pt-cv-content-item pt-cv-1-col\" ><div class='pt-cv-ifield'><h4 class=\"pt-cv-title\"><a href=\"https:\/\/www.tvnovelas.com.br\/tvnews\/tres-gracas-arminda-surta-ao-confirmar-que-ferette-e-pai-de-raul\/\" class=\"_self\" target=\"_self\" >Tr\u00eas Gra\u00e7as:  Arminda surta ao confirmar que Ferette \u00e9 pai de Raul<\/a><\/h4><\/div><\/div><\/div><\/div><\/div><\/p>\n<h2>Saiba mais<\/h2>\n<p><a href=\"https:\/\/tvnovelas.com.br\/novelas\/resumos-de-tres-gracas\/\" target=\"_blank\" rel=\"noopener\">Tr\u00eas Gra\u00e7as: Resumos dos cap\u00edtulos da semana<\/a><br \/>\n<a href=\"https:\/\/tvnovelas.com.br\/page2\/arquivo\/tres-gracas-aluta-para-nao-perder-a-esperanca\/\" target=\"_blank\" rel=\"noopener\">&#8216;Tr\u00eas Gra\u00e7as\u2019, a luta para n\u00e3o perder a esperan\u00e7a<\/a> (Sinopse)<br \/>\n<a href=\"https:\/\/www.tvnovelas.com.br\/tvnews\/tres-gracas-as-tres-gracas-e-suas-adversidades\/\" target=\"_blank\" rel=\"noopener\">Tr\u00eas Gra\u00e7as: As tr\u00eas Gra\u00e7as e suas adversidades<\/a><\/p>\n<div style=\"font-size: 120%;\"><h3>Confira tamb\u00e9m<\/h3>\r\n<a href=\"https:\/\/tvnovelas.com.br\/novelas\/\" rel=\"noopener\" target=\"_blank\"><strong>Todos os resumos de novelas<\/strong><\/a><\/br>\r\n<a href=\"https:\/\/www.tvnovelas.com.br\/tvnews\/\" rel=\"noopener\" target=\"_blank\"><strong>\u00daltimas not\u00edcias das novelas<\/strong><\/a><\/br>\r\n<a href=\"https:\/\/www.tvnovelas.com.br\/filmes\/\" target=\"_blank\" rel=\"noopener noreferrer\"><strong>Programa\u00e7\u00e3o de filmes na TV aberta<\/strong><\/a><\/br>\r\n<a href=\"https:\/\/caetenews.com.br\/semana\/filmes-da-globo-na-sessao-da-tarde-desta-semana\/\" target=\"_blank\" rel=\"noopener\"><strong>Confira os filmes da semana na Sess\u00e3o da Tarde<\/strong><\/a><\/br>\r\n<a href=\"https:\/\/classindportal.mj.gov.br\/consulta-filmes\" target=\"_blank\" rel=\"noopener\"><strong>Consulte a classifica\u00e7\u00e3o indicativa dos filmes e novelas<\/strong><\/a><\/br><\/div>\n","protected":false},"excerpt":{"rendered":"<p>Tr\u00eas Gra\u00e7as: Jo\u00e9lly recorre a Samira para ter&#8230; Em Tr\u00eas Gra\u00e7as, Ao ver a situa\u00e7\u00e3o da av\u00f3 por conta da doen\u00e7a hipertens\u00e3o arterial pulmonar&#8230;.<\/p>\n","protected":false},"author":1,"featured_media":85851,"comment_status":"closed","ping_status":"closed","sticky":false,"template":"","format":"standard","meta":{"_uf_show_specific_survey":0,"_uf_disable_surveys":false,"_jetpack_memberships_contains_paid_content":false,"footnotes":"","_wp_rev_ctl_limit":""},"categories":[1006],"tags":[5,64,1007],"class_list":["post-85850","post","type-post","status-publish","format-standard","has-post-thumbnail","hentry","category-tres-gracas","tag-globo","tag-novelas","tag-tres-gracas","wpcat-1006-id"],"aioseo_notices":[],"jetpack_featured_media_url":"https:\/\/i0.wp.com\/www.tvnovelas.com.br\/tvnews\/wp-content\/uploads\/2025\/12\/12539.jpg?fit=728%2C406&ssl=1","jetpack_shortlink":"https:\/\/wp.me\/pdP2BO-mkG","jetpack_sharing_enabled":true,"_links":{"self":[{"href":"https:\/\/www.tvnovelas.com.br\/tvnews\/wp-json\/wp\/v2\/posts\/85850","targetHints":{"allow":["GET"]}}],"collection":[{"href":"https:\/\/www.tvnovelas.com.br\/tvnews\/wp-json\/wp\/v2\/posts"}],"about":[{"href":"https:\/\/www.tvnovelas.com.br\/tvnews\/wp-json\/wp\/v2\/types\/post"}],"author":[{"embeddable":true,"href":"https:\/\/www.tvnovelas.com.br\/tvnews\/wp-json\/wp\/v2\/users\/1"}],"replies":[{"embeddable":true,"href":"https:\/\/www.tvnovelas.com.br\/tvnews\/wp-json\/wp\/v2\/comments?post=85850"}],"version-history":[{"count":1,"href":"https:\/\/www.tvnovelas.com.br\/tvnews\/wp-json\/wp\/v2\/posts\/85850\/revisions"}],"predecessor-version":[{"id":85852,"href":"https:\/\/www.tvnovelas.com.br\/tvnews\/wp-json\/wp\/v2\/posts\/85850\/revisions\/85852"}],"wp:featuredmedia":[{"embeddable":true,"href":"https:\/\/www.tvnovelas.com.br\/tvnews\/wp-json\/wp\/v2\/media\/85851"}],"wp:attachment":[{"href":"https:\/\/www.tvnovelas.com.br\/tvnews\/wp-json\/wp\/v2\/media?parent=85850"}],"wp:term":[{"taxonomy":"category","embeddable":true,"href":"https:\/\/www.tvnovelas.com.br\/tvnews\/wp-json\/wp\/v2\/categories?post=85850"},{"taxonomy":"post_tag","embeddable":true,"href":"https:\/\/www.tvnovelas.com.br\/tvnews\/wp-json\/wp\/v2\/tags?post=85850"}],"curies":[{"name":"wp","href":"https:\/\/api.w.org\/{rel}","templated":true}]}}