{"id":85889,"date":"2025-12-09T09:34:23","date_gmt":"2025-12-09T12:34:23","guid":{"rendered":"https:\/\/www.tvnovelas.com.br\/tvnews\/?p=85889"},"modified":"2025-12-09T09:37:06","modified_gmt":"2025-12-09T12:37:06","slug":"dona-de-mim-danilo-entrega-prova-contra-jaques-a-policia","status":"publish","type":"post","link":"https:\/\/www.tvnovelas.com.br\/tvnews\/dona-de-mim-danilo-entrega-prova-contra-jaques-a-policia\/","title":{"rendered":"Dona de Mim: Danilo entrega Jaques \u00e0 pol\u00edcia"},"content":{"rendered":"<figure id=\"attachment_85890\" aria-describedby=\"caption-attachment-85890\" style=\"width: 727px\" class=\"wp-caption aligncenter\"><img data-recalc-dims=\"1\" decoding=\"async\" class=\"wp-image-85890 size-full\" title=\"(Foto: TV Globo\/Dona de Mim)\" src=\"https:\/\/i0.wp.com\/www.tvnovelas.com.br\/tvnews\/wp-content\/uploads\/2025\/12\/12547.jpg?resize=727%2C410&#038;ssl=1\" alt=\"Foto em Dona de Mim: Danilo entrega prova contra Jaques \u00e0 pol\u00edcia\" width=\"727\" height=\"410\" srcset=\"https:\/\/i0.wp.com\/www.tvnovelas.com.br\/tvnews\/wp-content\/uploads\/2025\/12\/12547.jpg?w=727&amp;ssl=1 727w, https:\/\/i0.wp.com\/www.tvnovelas.com.br\/tvnews\/wp-content\/uploads\/2025\/12\/12547.jpg?resize=250%2C141&amp;ssl=1 250w\" sizes=\"(max-width: 727px) 100vw, 727px\" \/><figcaption id=\"caption-attachment-85890\" class=\"wp-caption-text\">Dona de Mim: Danilo entrega prova contra Jaques \u00e0 pol\u00edcia<\/figcaption><\/figure>\n<p style=\"text-align: center;\"><em>Ex-comparsa conta tudo para Leo, Marlon e Samuel e vai \u00e0 delegacia<\/em><\/p>\n<p>Em Dona de Mim, Danilo (Felipe Simas) se cansa de se sentir culpado e resolve contar toda a verdade sobre a morte de Abel (Tony Ramos) a Marlon (Humberto Morais) e Leo (Clara Moneke). O ex-motorista revelar\u00e1 que tem um v\u00eddeo que mostra Jaques (Marcello Novaes) cortando os freios do carro do irm\u00e3o. Depois, Danilo ir\u00e1 at\u00e9 a pol\u00edcia entregar a prova contra Jaques. Vem saber mais.<br \/>\n\u201c\u00c9 pra voc\u00eas que eu preciso confessar meus crimes. Leo, voc\u00ea j\u00e1 sabe que eu espionava o Abel pro Jaques. Mas eu fiz muito mais. O Jaques matou o Abel. E eu tenho o v\u00eddeo que prova isso\u201d, dispara.<\/p>\n<p>\u201cDesgra\u00e7ado! Assassino!\u201d, reage Leo.<\/p>\n<p>Danilo dir\u00e1 que percebeu o qu\u00e3o longe suas atitudes tinham chegado ao ver Filipa (Cl\u00e1udia Abreu) presa em uma cl\u00ednica psiqui\u00e1trica por causa de Jaques.<\/p>\n<p>\u201cQuando eu vi a Filipa perdida naquele lugar entendi que minha raiva me levou longe demais.\u201d<\/p>\n<p>Danilo decidir\u00e1 ir at\u00e9 a pol\u00edcia contar tudo o que sabe depois que Filipa estiver segura e fora da cl\u00ednica. Marlon ficar\u00e1 ao seu lado.<\/p>\n<p>\u201cQuando eu tiver certeza que a Filipa est\u00e1 livre, eu vou na pol\u00edcia. Porque eu sei que ela s\u00f3 vai ficar segura mesmo com o Jaques preso. E eu tamb\u00e9m quero e tenho que pagar por ter feito parte dessa sujeira toda\u201d, diz ele.<\/p>\n<p>\u201cVou \u00e0 delegacia com voc\u00ea. Fico do seu lado\u201d, afirma Marlon.<\/p>\n<p>Depois, Danilo tamb\u00e9m se explicar\u00e1 para Samuel (Juan Paiva) e se despedir\u00e1 do pai e do irm\u00e3o antes de seguir para a delegacia com Marlon, sem advogado.<\/p>\n<p>\u201cEu tenho como provar que o Jaques t\u00e1 por tr\u00e1s da morte do Abel. Ricardo gravou as c\u00e2meras de seguran\u00e7a do estacionamento da Boaz na noite do crime, antes de apagar. As imagens mostram o Jaques sabotando o carro do irm\u00e3o\u201d, afirma Danilo \u00e0 delegada.<br \/>\n<!--FIM DO POST--><br \/>\n<a href=\"https:\/\/tvnovelas.com.br\/novelas\/resumos-de-dona-de-mim\/\" target=\"_blank\" rel=\"noopener\">Resumos dos cap\u00edtulos de Dona de Mim<\/a><br \/>\n<div class=\"pt-cv-wrapper\"><h2 class='pt-cv-heading-container heading2' data-blockid='9b88c0b6t2'><span class='pt-cv-heading'> \u00daltimas da novela <\/span><\/h2><div class=\"pt-cv-view pt-cv-grid pt-cv-colsys\" id=\"pt-cv-view-9b88c0b6t2\"><div data-id=\"pt-cv-page-1\" class=\"pt-cv-page\" data-cvc=\"1\"><div class=\"col-md-12 col-sm-12 col-xs-12 pt-cv-content-item pt-cv-1-col\" ><div class='pt-cv-ifield'><h4 class=\"pt-cv-title\"><a href=\"https:\/\/www.tvnovelas.com.br\/tvnews\/dona-de-mim-abel-aparece-e-salva-sofia-do-incendio\/\" class=\"_blank\" target=\"_blank\" >Dona de Mim: Abel \u2018aparece&#8217; e salva Sofia do inc\u00eandio<\/a><\/h4><\/div><\/div>\n<div class=\"col-md-12 col-sm-12 col-xs-12 pt-cv-content-item pt-cv-1-col\" ><div class='pt-cv-ifield'><h4 class=\"pt-cv-title\"><a href=\"https:\/\/www.tvnovelas.com.br\/tvnews\/dona-de-mim-jaques-coloca-fogo-na-boaz\/\" class=\"_blank\" target=\"_blank\" >Dona de Mim: Jaques coloca fogo na Boaz<\/a><\/h4><\/div><\/div>\n<div class=\"col-md-12 col-sm-12 col-xs-12 pt-cv-content-item pt-cv-1-col\" ><div class='pt-cv-ifield'><h4 class=\"pt-cv-title\"><a href=\"https:\/\/www.tvnovelas.com.br\/tvnews\/dona-de-mim-davi-e-barbara-sofrem-grave-acidente\/\" class=\"_blank\" target=\"_blank\" >Dona de Mim: Davi e B\u00e1rbara sofrem grave acidente<\/a><\/h4><\/div><\/div><\/div><\/div><\/div><\/p>\n<div style=\"font-size: 150%;\"><h3>Confira tamb\u00e9m<\/h3>\r\n<a href=\"https:\/\/tvnovelas.com.br\/novelas\/\" rel=\"noopener\" target=\"_blank\"><strong>Todos os resumos de novelas<\/strong><\/a><\/br>\r\n<a href=\"https:\/\/www.tvnovelas.com.br\/tvnews\/\" rel=\"noopener\" target=\"_blank\"><strong>\u00daltimas not\u00edcias das novelas<\/strong><\/a><\/br>\r\n<a href=\"https:\/\/www.tvnovelas.com.br\/filmes\/\" target=\"_blank\" rel=\"noopener noreferrer\"><strong>Programa\u00e7\u00e3o de filmes na TV aberta<\/strong><\/a><\/br>\r\n<a href=\"https:\/\/caetenews.com.br\/semana\/filmes-da-globo-na-sessao-da-tarde-desta-semana\/\" target=\"_blank\" rel=\"noopener\"><strong>Confira os filmes da semana na Sess\u00e3o da Tarde<\/strong><\/a><\/br>\r\n<a href=\"https:\/\/classindportal.mj.gov.br\/consulta-filmes\" target=\"_blank\" rel=\"noopener\"><strong>Consulte a classifica\u00e7\u00e3o indicativa dos filmes e novelas<\/strong><\/a><\/br><\/div>\n","protected":false},"excerpt":{"rendered":"<p>Dona de Mim: Danilo entrega prova contra Jaques \u00e0 pol\u00edcia&#8230;<\/p>\n","protected":false},"author":1,"featured_media":85890,"comment_status":"closed","ping_status":"closed","sticky":false,"template":"","format":"standard","meta":{"_uf_show_specific_survey":0,"_uf_disable_surveys":false,"_jetpack_memberships_contains_paid_content":false,"footnotes":"","_wp_rev_ctl_limit":""},"categories":[884],"tags":[883,5,64],"class_list":["post-85889","post","type-post","status-publish","format-standard","has-post-thumbnail","hentry","category-dona-de-mim","tag-dona-de-mim","tag-globo","tag-novelas","wpcat-884-id"],"aioseo_notices":[],"jetpack_featured_media_url":"https:\/\/i0.wp.com\/www.tvnovelas.com.br\/tvnews\/wp-content\/uploads\/2025\/12\/12547.jpg?fit=727%2C410&ssl=1","jetpack_shortlink":"https:\/\/wp.me\/pdP2BO-mlj","jetpack_sharing_enabled":true,"_links":{"self":[{"href":"https:\/\/www.tvnovelas.com.br\/tvnews\/wp-json\/wp\/v2\/posts\/85889","targetHints":{"allow":["GET"]}}],"collection":[{"href":"https:\/\/www.tvnovelas.com.br\/tvnews\/wp-json\/wp\/v2\/posts"}],"about":[{"href":"https:\/\/www.tvnovelas.com.br\/tvnews\/wp-json\/wp\/v2\/types\/post"}],"author":[{"embeddable":true,"href":"https:\/\/www.tvnovelas.com.br\/tvnews\/wp-json\/wp\/v2\/users\/1"}],"replies":[{"embeddable":true,"href":"https:\/\/www.tvnovelas.com.br\/tvnews\/wp-json\/wp\/v2\/comments?post=85889"}],"version-history":[{"count":4,"href":"https:\/\/www.tvnovelas.com.br\/tvnews\/wp-json\/wp\/v2\/posts\/85889\/revisions"}],"predecessor-version":[{"id":85894,"href":"https:\/\/www.tvnovelas.com.br\/tvnews\/wp-json\/wp\/v2\/posts\/85889\/revisions\/85894"}],"wp:featuredmedia":[{"embeddable":true,"href":"https:\/\/www.tvnovelas.com.br\/tvnews\/wp-json\/wp\/v2\/media\/85890"}],"wp:attachment":[{"href":"https:\/\/www.tvnovelas.com.br\/tvnews\/wp-json\/wp\/v2\/media?parent=85889"}],"wp:term":[{"taxonomy":"category","embeddable":true,"href":"https:\/\/www.tvnovelas.com.br\/tvnews\/wp-json\/wp\/v2\/categories?post=85889"},{"taxonomy":"post_tag","embeddable":true,"href":"https:\/\/www.tvnovelas.com.br\/tvnews\/wp-json\/wp\/v2\/tags?post=85889"}],"curies":[{"name":"wp","href":"https:\/\/api.w.org\/{rel}","templated":true}]}}