{"id":85896,"date":"2025-12-09T09:56:18","date_gmt":"2025-12-09T12:56:18","guid":{"rendered":"https:\/\/www.tvnovelas.com.br\/tvnews\/?p=85896"},"modified":"2025-12-09T11:01:28","modified_gmt":"2025-12-09T14:01:28","slug":"tres-gracas-misael-exige-que-joaquim-peca-perdao-a-gerluce","status":"publish","type":"post","link":"https:\/\/www.tvnovelas.com.br\/tvnews\/tres-gracas-misael-exige-que-joaquim-peca-perdao-a-gerluce\/","title":{"rendered":"Em Tr\u00eas Gra\u00e7as: Misael exige que Joaquim pe\u00e7a perd\u00e3o a Gerluce"},"content":{"rendered":"<figure id=\"attachment_85897\" aria-describedby=\"caption-attachment-85897\" style=\"width: 728px\" class=\"wp-caption aligncenter\"><img data-recalc-dims=\"1\" decoding=\"async\" class=\"wp-image-85897 size-full\" title=\"(Foto: TV Globo\/Tr\u00eas Gra\u00e7as)\" src=\"https:\/\/i0.wp.com\/www.tvnovelas.com.br\/tvnews\/wp-content\/uploads\/2025\/12\/12548.jpg?resize=728%2C410&#038;ssl=1\" alt=\"Foto em Tr\u00eas Gra\u00e7as: Misael exige que Joaquim pe\u00e7a perd\u00e3o a Gerluce\" width=\"728\" height=\"410\" srcset=\"https:\/\/i0.wp.com\/www.tvnovelas.com.br\/tvnews\/wp-content\/uploads\/2025\/12\/12548.jpg?w=728&amp;ssl=1 728w, https:\/\/i0.wp.com\/www.tvnovelas.com.br\/tvnews\/wp-content\/uploads\/2025\/12\/12548.jpg?resize=250%2C141&amp;ssl=1 250w\" sizes=\"(max-width: 728px) 100vw, 728px\" \/><figcaption id=\"caption-attachment-85897\" class=\"wp-caption-text\">Tr\u00eas Gra\u00e7as: Misael exige que Joaquim pe\u00e7a perd\u00e3o a Gerluce<\/figcaption><\/figure>\n<p>Em Tr\u00eas Gra\u00e7as, Misael (Belo) vai repreender Joaquim (Marcos Palmeira) por aparecer na casa de Arminda (Grazi Massafera). Ap\u00f3s a ida dele at\u00e9 o local onde se encontra a est\u00e1tua, o marido de Isaura vai exigir que o amigo pe\u00e7a perd\u00e3o \u00e0 filha, Gerluce (Sophie Charlotte), que trabalha no casar\u00e3o.<\/p>\n<p>&#8220;Eu n\u00e3o acredito. Que ideia de maluco \u00e9 essa? O que voc\u00ea tem na cabe\u00e7a? Que ideia de jerico foi essa de voc\u00ea dar as caras no local onde a gente vai cometer o nosso futuro crime? Que isso, cara?&#8221;, questionar\u00e1 Misael.<\/p>\n<p>Joaquim concorda com o amigo, mas afirma que surgiu de surpresa na frente da casa da vil\u00e3, no bairro da Aclima\u00e7\u00e3o, ap\u00f3s L\u00edgia (Dira Paes) desmaiar nos bra\u00e7os dele:<\/p>\n<p>&#8220;Eu sei que fiz tudo errado mesmo, mas aquela hist\u00f3ria da L\u00edgia desmaiada nos meus bra\u00e7os&#8230;Aquilo me tirou do s\u00e9rio&#8221;.<\/p>\n<p>Joaquim reconhecer\u00e1 que se arrependeu da sua atitude de ir at\u00e9 a casa de Arminda: &#8220;Quantas vezes vou ter que repetir? Ainda bem que a mo\u00e7a n\u00e3o me viu l\u00e1 na porta da patroa dela, mas foi por pouco. Agora vida que segue, j\u00e1 est\u00e1 tudo resolvido mesmo&#8221;.<\/p>\n<p>Por\u00e9m, o arrependimento n\u00e3o ser\u00e1 o bastante para Misael. O amigo de Joaquim dir\u00e1 que ele precisa falar isso na frente de todas as pessoas que fazem parte do plano. Al\u00e9m disso, ainda dever\u00e1 se desculpar com Gerluce.<\/p>\n<p>&#8220;N\u00e3o, senhor! N\u00e3o tem nada resolvido aqui n\u00e3o. Voc\u00ea vai pedir uma reuni\u00e3o para eles hoje \u00e0 noite e \u00e9 o seguinte: vai dizer que voc\u00ea est\u00e1 arrependido e vai pedir perd\u00e3o para a tua filha, sim&#8221;, destacar\u00e1 ele.<br \/>\n<!--FIM--><br \/>\n<div class=\"pt-cv-wrapper\"><h2 class='pt-cv-heading-container heading2' data-blockid='aa8cb49py2'><span class='pt-cv-heading'> \u00daltimas da Novela <\/span><\/h2><div class=\"pt-cv-view pt-cv-grid pt-cv-colsys\" id=\"pt-cv-view-aa8cb49py2\"><div data-id=\"pt-cv-page-1\" class=\"pt-cv-page\" data-cvc=\"1\"><div class=\"col-md-12 col-sm-12 col-xs-12 pt-cv-content-item pt-cv-1-col\" ><div class='pt-cv-ifield'><h4 class=\"pt-cv-title\"><a href=\"https:\/\/www.tvnovelas.com.br\/tvnews\/tres-gracas-paulinho-e-afastado-da-policia-por-causa-de-gerluce\/\" class=\"_self\" target=\"_self\" >Tr\u00eas Gra\u00e7as: Paulinho \u00e9 afastado da pol\u00edcia por causa de Gerluce<\/a><\/h4><\/div><\/div>\n<div class=\"col-md-12 col-sm-12 col-xs-12 pt-cv-content-item pt-cv-1-col\" ><div class='pt-cv-ifield'><h4 class=\"pt-cv-title\"><a href=\"https:\/\/www.tvnovelas.com.br\/tvnews\/tres-gracas-arminda-surta-ao-confirmar-que-ferette-e-pai-de-raul\/\" class=\"_self\" target=\"_self\" >Tr\u00eas Gra\u00e7as:  Arminda surta ao confirmar que Ferette \u00e9 pai de Raul<\/a><\/h4><\/div><\/div>\n<div class=\"col-md-12 col-sm-12 col-xs-12 pt-cv-content-item pt-cv-1-col\" ><div class='pt-cv-ifield'><h4 class=\"pt-cv-title\"><a href=\"https:\/\/www.tvnovelas.com.br\/tvnews\/tres-gracas-joaquim-propoe-fuga-a-arminda-com-o-dinheiro-das-tres-gracas\/\" class=\"_self\" target=\"_self\" >Tr\u00eas Gra\u00e7as:  Joaquim prop\u00f5e fuga a Arminda com o dinheiro das Tr\u00eas Gra\u00e7as<\/a><\/h4><\/div><\/div><\/div><\/div><\/div><\/p>\n<h2>Saiba mais<\/h2>\n<p><a href=\"https:\/\/tvnovelas.com.br\/novelas\/resumos-de-tres-gracas\/\" target=\"_blank\" rel=\"noopener\">Tr\u00eas Gra\u00e7as: Resumos dos cap\u00edtulos da semana<\/a><br \/>\n<a href=\"https:\/\/tvnovelas.com.br\/page2\/arquivo\/tres-gracas-aluta-para-nao-perder-a-esperanca\/\" target=\"_blank\" rel=\"noopener\">&#8216;Tr\u00eas Gra\u00e7as\u2019, a luta para n\u00e3o perder a esperan\u00e7a<\/a> (Sinopse)<br \/>\n<a href=\"https:\/\/www.tvnovelas.com.br\/tvnews\/tres-gracas-as-tres-gracas-e-suas-adversidades\/\" target=\"_blank\" rel=\"noopener\">Tr\u00eas Gra\u00e7as: As tr\u00eas Gra\u00e7as e suas adversidades<\/a><\/p>\n<div style=\"font-size: 120%;\"><h3>Confira tamb\u00e9m<\/h3>\r\n<a href=\"https:\/\/tvnovelas.com.br\/novelas\/\" rel=\"noopener\" target=\"_blank\"><strong>Todos os resumos de novelas<\/strong><\/a><\/br>\r\n<a href=\"https:\/\/www.tvnovelas.com.br\/tvnews\/\" rel=\"noopener\" target=\"_blank\"><strong>\u00daltimas not\u00edcias das novelas<\/strong><\/a><\/br>\r\n<a href=\"https:\/\/www.tvnovelas.com.br\/filmes\/\" target=\"_blank\" rel=\"noopener noreferrer\"><strong>Programa\u00e7\u00e3o de filmes na TV aberta<\/strong><\/a><\/br>\r\n<a href=\"https:\/\/caetenews.com.br\/semana\/filmes-da-globo-na-sessao-da-tarde-desta-semana\/\" target=\"_blank\" rel=\"noopener\"><strong>Confira os filmes da semana na Sess\u00e3o da Tarde<\/strong><\/a><\/br>\r\n<a href=\"https:\/\/classindportal.mj.gov.br\/consulta-filmes\" target=\"_blank\" rel=\"noopener\"><strong>Consulte a classifica\u00e7\u00e3o indicativa dos filmes e novelas<\/strong><\/a><\/br><\/div>\n","protected":false},"excerpt":{"rendered":"<p>Tr\u00eas Gra\u00e7as: Misael exige que Joaquim pe\u00e7a perd\u00e3o a Gerluce&#8230; Em Tr\u00eas Gra\u00e7as, Misael (Belo) vai repreender Joaquim (Marcos Palmeira) por aparecer&#8230;<\/p>\n","protected":false},"author":1,"featured_media":85897,"comment_status":"closed","ping_status":"closed","sticky":false,"template":"","format":"standard","meta":{"_uf_show_specific_survey":0,"_uf_disable_surveys":false,"_jetpack_memberships_contains_paid_content":false,"footnotes":"","_wp_rev_ctl_limit":""},"categories":[1006],"tags":[5,64,1007],"class_list":["post-85896","post","type-post","status-publish","format-standard","has-post-thumbnail","hentry","category-tres-gracas","tag-globo","tag-novelas","tag-tres-gracas","wpcat-1006-id"],"aioseo_notices":[],"jetpack_featured_media_url":"https:\/\/i0.wp.com\/www.tvnovelas.com.br\/tvnews\/wp-content\/uploads\/2025\/12\/12548.jpg?fit=728%2C410&ssl=1","jetpack_shortlink":"https:\/\/wp.me\/pdP2BO-mlq","jetpack_sharing_enabled":true,"_links":{"self":[{"href":"https:\/\/www.tvnovelas.com.br\/tvnews\/wp-json\/wp\/v2\/posts\/85896","targetHints":{"allow":["GET"]}}],"collection":[{"href":"https:\/\/www.tvnovelas.com.br\/tvnews\/wp-json\/wp\/v2\/posts"}],"about":[{"href":"https:\/\/www.tvnovelas.com.br\/tvnews\/wp-json\/wp\/v2\/types\/post"}],"author":[{"embeddable":true,"href":"https:\/\/www.tvnovelas.com.br\/tvnews\/wp-json\/wp\/v2\/users\/1"}],"replies":[{"embeddable":true,"href":"https:\/\/www.tvnovelas.com.br\/tvnews\/wp-json\/wp\/v2\/comments?post=85896"}],"version-history":[{"count":2,"href":"https:\/\/www.tvnovelas.com.br\/tvnews\/wp-json\/wp\/v2\/posts\/85896\/revisions"}],"predecessor-version":[{"id":85910,"href":"https:\/\/www.tvnovelas.com.br\/tvnews\/wp-json\/wp\/v2\/posts\/85896\/revisions\/85910"}],"wp:featuredmedia":[{"embeddable":true,"href":"https:\/\/www.tvnovelas.com.br\/tvnews\/wp-json\/wp\/v2\/media\/85897"}],"wp:attachment":[{"href":"https:\/\/www.tvnovelas.com.br\/tvnews\/wp-json\/wp\/v2\/media?parent=85896"}],"wp:term":[{"taxonomy":"category","embeddable":true,"href":"https:\/\/www.tvnovelas.com.br\/tvnews\/wp-json\/wp\/v2\/categories?post=85896"},{"taxonomy":"post_tag","embeddable":true,"href":"https:\/\/www.tvnovelas.com.br\/tvnews\/wp-json\/wp\/v2\/tags?post=85896"}],"curies":[{"name":"wp","href":"https:\/\/api.w.org\/{rel}","templated":true}]}}