{"id":85918,"date":"2025-12-09T16:07:46","date_gmt":"2025-12-09T19:07:46","guid":{"rendered":"https:\/\/www.tvnovelas.com.br\/tvnews\/?p=85918"},"modified":"2025-12-09T16:07:46","modified_gmt":"2025-12-09T19:07:46","slug":"mae-turna-se-desespera-ao-ver-a-mae-algemada","status":"publish","type":"post","link":"https:\/\/www.tvnovelas.com.br\/tvnews\/mae-turna-se-desespera-ao-ver-a-mae-algemada\/","title":{"rendered":"M\u00e3e: Turna se desespera ao ver a m\u00e3e algemada"},"content":{"rendered":"<figure id=\"attachment_85919\" aria-describedby=\"caption-attachment-85919\" style=\"width: 728px\" class=\"wp-caption aligncenter\"><img data-recalc-dims=\"1\" decoding=\"async\" class=\"wp-image-85919 size-full\" title=\"(Foto: Record TV\/M\u00e3e)\" src=\"https:\/\/i0.wp.com\/www.tvnovelas.com.br\/tvnews\/wp-content\/uploads\/2025\/12\/12552.jpg?resize=728%2C410&#038;ssl=1\" alt=\"Foto em M\u00e3e: Turna se desespera ao ver a m\u00e3e algemada\" width=\"728\" height=\"410\" srcset=\"https:\/\/i0.wp.com\/www.tvnovelas.com.br\/tvnews\/wp-content\/uploads\/2025\/12\/12552.jpg?w=728&amp;ssl=1 728w, https:\/\/i0.wp.com\/www.tvnovelas.com.br\/tvnews\/wp-content\/uploads\/2025\/12\/12552.jpg?resize=250%2C141&amp;ssl=1 250w\" sizes=\"(max-width: 728px) 100vw, 728px\" \/><figcaption id=\"caption-attachment-85919\" class=\"wp-caption-text\">M\u00e3e: Turna se desespera ao ver a m\u00e3e algemada<\/figcaption><\/figure>\n<p>No cap\u00edtulo da novela M\u00e3e, desta ter\u00e7a, dia 9, Sule reage com irrita\u00e7\u00e3o ao ser confrontada por Ali sobre a den\u00fancia feita contra Zeynep. Mais tarde, Sule \u00e9 sequestrada e for\u00e7ada a trabalhar para o g\u00e2ngster com quem arrumou confus\u00e3o semanas antes.<\/p>\n<p>No restaurante do hotel, Zeynep percebe que Gonul n\u00e3o est\u00e1 bem e sai para comprar um rem\u00e9dio. Na farm\u00e1cia, a professora v\u00ea no jornal uma manchete em que \u00e9 apontada como sequestradora de Melek. Em choque, Zeynep liga imediatamente para Gonul e revela que ambas<br \/>\nest\u00e3o sendo procuradas pela pol\u00edcia.<\/p>\n<p>O clima de urg\u00eancia se transforma em desespero quando Zeynep v\u00ea que viaturas est\u00e3o posicionadas na entrada do hotel, a sua espera. Desesperada, ela tenta fugir, mas \u00e9 perseguida e capturada pelos policiais.<\/p>\n<p>Turna (Melek) entra em p\u00e2nico ao ver a m\u00e3e algemada. A chegada de Zeynep \u00e0 delegacia vira um espet\u00e1culo p\u00fablico, com a imprensa reunida e imagens transmitidas ao vivo, causando como\u00e7\u00e3o em Cahide e Duru, que choram ao acompanhar tudo pela televis\u00e3o.<br \/>\nConfira o resumo do cap\u00edtulo de hoje:<\/p>\n<h2 style=\"color: #ff6d1f;\">Resumo de ter\u00e7a-feira, 09 de dezembro<\/h2>\n<p>Sule se irrita quando Ali a questiona sobre a den\u00fancia que ela fez contra Zeynep. No hotel, Zeynep percebe que Gonul est\u00e1 tossindo muito e vai at\u00e9 uma farm\u00e1cia comprar um rem\u00e9dio. Sinan recebe uma informa\u00e7\u00e3o sobre Zeynep. Sule \u00e9 sequestrada e obrigada a trabalhar para pagar a d\u00edvida com o dono da casa noturna. Na farm\u00e1cia, Zeynep v\u00ea no jornal a not\u00edcia em que ela \u00e9 citada como sequestradora. Aflita ela liga para Gonul e avisa que elas est\u00e3o sendo procuradas pela pol\u00edcia. Na entrada do hotel, Zeynep avista as viaturas estacionadas e sai correndo. Ap\u00f3s uma persegui\u00e7\u00e3o os policiais capturam a professora e a pequena Melek se desespera ao ver a m\u00e3e algemada. Em frente \u00e0 delegacia, toda imprensa aguarda a chegada de Zeynep. Cahide e Duru choram ao assistirem \u00e0 pris\u00e3o de Zeynep na TV. Sinan inicia os depoimentos com Zeynep e Gonul e, na sequ\u00eancia, tenta conversar com a pequena Melek.<br \/>\n<!--FIM--><\/p>\n<h2>Saiba mais<\/h2>\n<p><a href=\"https:\/\/tvnovelas.com.br\/novelas\/resumos-de-novela-mae\/\" target=\"_blank\" rel=\"noopener\">Resumos dos cap\u00edtulos da semana<\/a><br \/>\n<a href=\"https:\/\/wp.me\/pfspD2-VN\" target=\"_blank\" rel=\"noopener\">M\u00e3e: Resgatando uma crian\u00e7a da viol\u00eancia<\/a><br \/>\n<div class=\"pt-cv-wrapper\"><h2 class='pt-cv-heading-container heading2' data-blockid='759454f593'><span class='pt-cv-heading'> \u00daltimas da Novela <\/span><\/h2><div class=\"pt-cv-view pt-cv-grid pt-cv-colsys\" id=\"pt-cv-view-759454f593\"><div data-id=\"pt-cv-page-1\" class=\"pt-cv-page\" data-cvc=\"1\"><div class=\"col-md-12 col-sm-12 col-xs-12 pt-cv-content-item pt-cv-1-col\" ><div class='pt-cv-ifield'><h4 class=\"pt-cv-title\"><a href=\"https:\/\/www.tvnovelas.com.br\/tvnews\/mae-o-destino-final-de-melek-e-zeynep\/\" class=\"_self\" target=\"_self\" >M\u00e3e: O destino final de Melek e Zeynep<\/a><\/h4><\/div><\/div>\n<div class=\"col-md-12 col-sm-12 col-xs-12 pt-cv-content-item pt-cv-1-col\" ><div class='pt-cv-ifield'><h4 class=\"pt-cv-title\"><a href=\"https:\/\/www.tvnovelas.com.br\/tvnews\/mae-zeynep-enfrenta-cengiz\/\" class=\"_self\" target=\"_self\" >M\u00e3e: Zeynep enfrenta Cengiz<\/a><\/h4><\/div><\/div>\n<div class=\"col-md-12 col-sm-12 col-xs-12 pt-cv-content-item pt-cv-1-col\" ><div class='pt-cv-ifield'><h4 class=\"pt-cv-title\"><a href=\"https:\/\/www.tvnovelas.com.br\/tvnews\/mae-cengiz-e-preso-sob-a-acusacao-de-assassinato\/\" class=\"_self\" target=\"_self\" >M\u00e3e: Cengiz \u00e9 preso sob a acusa\u00e7\u00e3o de assassinato<\/a><\/h4><\/div><\/div>\n<div class=\"col-md-12 col-sm-12 col-xs-12 pt-cv-content-item pt-cv-1-col\" ><div class='pt-cv-ifield'><h4 class=\"pt-cv-title\"><a href=\"https:\/\/www.tvnovelas.com.br\/tvnews\/mae-cengiz-assina-documento-renunciando-a-guarda-dos-filhos\/\" class=\"_self\" target=\"_self\" >M\u00e3e: Cengiz assina documento renunciando \u00e0 guarda dos filhos<\/a><\/h4><\/div><\/div>\n<div class=\"col-md-12 col-sm-12 col-xs-12 pt-cv-content-item pt-cv-1-col\" ><div class='pt-cv-ifield'><h4 class=\"pt-cv-title\"><a href=\"https:\/\/www.tvnovelas.com.br\/tvnews\/mae-cengiz-pode-estar-com-os-dias-contados\/\" class=\"_self\" target=\"_self\" >M\u00e3e: Cengiz pode estar com os dias contados<\/a><\/h4><\/div><\/div><\/div><\/div><\/div><br \/>\n&lt;h<\/p>\n<div style=\"font-size: 120%;\"><h3>Confira tamb\u00e9m<\/h3>\r\n<a href=\"https:\/\/tvnovelas.com.br\/novelas\/\" rel=\"noopener\" target=\"_blank\"><strong>Todos os resumos de novelas<\/strong><\/a><\/br>\r\n<a href=\"https:\/\/www.tvnovelas.com.br\/tvnews\/\" rel=\"noopener\" target=\"_blank\"><strong>\u00daltimas not\u00edcias das novelas<\/strong><\/a><\/br>\r\n<a href=\"https:\/\/www.tvnovelas.com.br\/filmes\/\" target=\"_blank\" rel=\"noopener noreferrer\"><strong>Programa\u00e7\u00e3o de filmes na TV aberta<\/strong><\/a><\/br>\r\n<a href=\"https:\/\/caetenews.com.br\/semana\/filmes-da-globo-na-sessao-da-tarde-desta-semana\/\" target=\"_blank\" rel=\"noopener\"><strong>Confira os filmes da semana na Sess\u00e3o da Tarde<\/strong><\/a><\/br>\r\n<a href=\"https:\/\/classindportal.mj.gov.br\/consulta-filmes\" target=\"_blank\" rel=\"noopener\"><strong>Consulte a classifica\u00e7\u00e3o indicativa dos filmes e novelas<\/strong><\/a><\/br><\/div>\n","protected":false},"excerpt":{"rendered":"<p>M\u00e3e: Turna se desespera ao ver a m\u00e3e algemada&#8230; No cap\u00edtulo da novela M\u00e3e, desta ter\u00e7a, dia 9, Sule reage com irrita\u00e7\u00e3o&#8230;<\/p>\n","protected":false},"author":1,"featured_media":85919,"comment_status":"closed","ping_status":"closed","sticky":false,"template":"","format":"standard","meta":{"_uf_show_specific_survey":0,"_uf_disable_surveys":false,"_jetpack_memberships_contains_paid_content":false,"footnotes":"","_wp_rev_ctl_limit":""},"categories":[1012],"tags":[1025,1038,1013,1024,64,14],"class_list":["post-85918","post","type-post","status-publish","format-standard","has-post-thumbnail","hentry","category-mae","tag-anne","tag-madre","tag-mae","tag-mother","tag-novelas","tag-record","wpcat-1012-id"],"aioseo_notices":[],"jetpack_featured_media_url":"https:\/\/i0.wp.com\/www.tvnovelas.com.br\/tvnews\/wp-content\/uploads\/2025\/12\/12552.jpg?fit=728%2C410&ssl=1","jetpack_shortlink":"https:\/\/wp.me\/pdP2BO-mlM","jetpack_sharing_enabled":true,"_links":{"self":[{"href":"https:\/\/www.tvnovelas.com.br\/tvnews\/wp-json\/wp\/v2\/posts\/85918","targetHints":{"allow":["GET"]}}],"collection":[{"href":"https:\/\/www.tvnovelas.com.br\/tvnews\/wp-json\/wp\/v2\/posts"}],"about":[{"href":"https:\/\/www.tvnovelas.com.br\/tvnews\/wp-json\/wp\/v2\/types\/post"}],"author":[{"embeddable":true,"href":"https:\/\/www.tvnovelas.com.br\/tvnews\/wp-json\/wp\/v2\/users\/1"}],"replies":[{"embeddable":true,"href":"https:\/\/www.tvnovelas.com.br\/tvnews\/wp-json\/wp\/v2\/comments?post=85918"}],"version-history":[{"count":1,"href":"https:\/\/www.tvnovelas.com.br\/tvnews\/wp-json\/wp\/v2\/posts\/85918\/revisions"}],"predecessor-version":[{"id":85920,"href":"https:\/\/www.tvnovelas.com.br\/tvnews\/wp-json\/wp\/v2\/posts\/85918\/revisions\/85920"}],"wp:featuredmedia":[{"embeddable":true,"href":"https:\/\/www.tvnovelas.com.br\/tvnews\/wp-json\/wp\/v2\/media\/85919"}],"wp:attachment":[{"href":"https:\/\/www.tvnovelas.com.br\/tvnews\/wp-json\/wp\/v2\/media?parent=85918"}],"wp:term":[{"taxonomy":"category","embeddable":true,"href":"https:\/\/www.tvnovelas.com.br\/tvnews\/wp-json\/wp\/v2\/categories?post=85918"},{"taxonomy":"post_tag","embeddable":true,"href":"https:\/\/www.tvnovelas.com.br\/tvnews\/wp-json\/wp\/v2\/tags?post=85918"}],"curies":[{"name":"wp","href":"https:\/\/api.w.org\/{rel}","templated":true}]}}