{"id":85923,"date":"2025-12-10T09:12:06","date_gmt":"2025-12-10T12:12:06","guid":{"rendered":"https:\/\/www.tvnovelas.com.br\/tvnews\/?p=85923"},"modified":"2025-12-10T09:13:05","modified_gmt":"2025-12-10T12:13:05","slug":"em-eta-mundo-melhor-candinho-implora-ara-voltar-a-vida","status":"publish","type":"post","link":"https:\/\/www.tvnovelas.com.br\/tvnews\/em-eta-mundo-melhor-candinho-implora-ara-voltar-a-vida\/","title":{"rendered":"Em \u00cata Mundo Melhor!, Candinho implora para voltar \u00e0 vida"},"content":{"rendered":"<figure id=\"attachment_85924\" aria-describedby=\"caption-attachment-85924\" style=\"width: 728px\" class=\"wp-caption aligncenter\"><img data-recalc-dims=\"1\" decoding=\"async\" class=\"wp-image-85924 size-full\" title=\"(Foto: TV Globo\/\u00cata Mundo Melhor!)\" src=\"https:\/\/i0.wp.com\/www.tvnovelas.com.br\/tvnews\/wp-content\/uploads\/2025\/12\/12553.jpg?resize=728%2C409&#038;ssl=1\" alt=\"Foto em Em \u00cata Mundo Melhor!, Candinho implora ara voltar \u00e0 vida\" width=\"728\" height=\"409\" srcset=\"https:\/\/i0.wp.com\/www.tvnovelas.com.br\/tvnews\/wp-content\/uploads\/2025\/12\/12553.jpg?w=728&amp;ssl=1 728w, https:\/\/i0.wp.com\/www.tvnovelas.com.br\/tvnews\/wp-content\/uploads\/2025\/12\/12553.jpg?resize=250%2C140&amp;ssl=1 250w\" sizes=\"(max-width: 728px) 100vw, 728px\" \/><figcaption id=\"caption-attachment-85924\" class=\"wp-caption-text\">Em \u00cata Mundo Melhor!, Candinho implora ara voltar \u00e0 vida<\/figcaption><\/figure>\n<p><em>Anast\u00e1cia d\u00e1 tamb\u00e9m aviso assustador<\/em><br \/>\nEm \u00cata Mundo Melhor!, durante o coma, Candinho (Sergio Guiz\u00e9) reencontrou Anast\u00e1cia (Eliane Giardini) em um sonho para l\u00e1 de especial. Na conversa, ela revelou ao filho que ele \u00e9 pai de Samir (Davi Malizia). O caipira vai implorar para viver e poder contar ao menino que ele \u00e9 J\u00fanior, seu filho que foi sequestrado por Ernesto (Eriberto Le\u00e3o).<\/p>\n<p>&#8220;N\u00f3is tem tanta coisa pra viv\u00ea junto! Ieu tenho tanto pra mostr\u00e1 pra ele. N\u00f3is pricisa si incontr\u00e1. Num posso \u00ed cum a sinhora. Priciso vort\u00e1, m\u00e3ezinha!&#8221;<\/p>\n<p>&#8220;Candinho, meu amado filho, talvez isso n\u00e3o aconte\u00e7a&#8221;, responde o esp\u00edrito.<\/p>\n<p>&#8220;Num diz isso! Me ajuda a vorta, m\u00e3ezinha. Priciso v\u00ea o meu minino!&#8221;, implora Candinho.<\/p>\n<p>Candinho pergunta \u00e0 Anast\u00e1cia como que faz para voltar \u00e0 vida. Ela explica que ele precisa desejar isso fortemente, de cora\u00e7\u00e3o. O caipira responde que o que ele mais quer \u00e9 ficar bem para poder recuperar o tempo perdido ao lado de Samir.<\/p>\n<p>Percebendo o desejo do filho em voltar, Anast\u00e1cia avisa que ele n\u00e3o vai morrer e depois d\u00e1 um alerta:<\/p>\n<p>&#8220;Voc\u00ea vai, Candinho! O amor que voc\u00ea tem por seu filho, n\u00e3o merece acabar assim! [&#8230;] Antes de ir, voc\u00ea precisa saber: muita coisa de ruim ainda vai acontecer na sua vida<br \/>\n<!--FIM--><br \/>\n<a href=\"https:\/\/tvnovelas.com.br\/novelas\/resumos-de-eta-mundo-melhor\/\" target=\"_blank\" rel=\"noopener\">Resumos dos cap\u00edtulos de \u00cata Mundo Melhor!<\/a><br \/>\n<div class=\"pt-cv-wrapper\"><h2 class='pt-cv-heading-container heading2' data-blockid='ae5b5529ra'><span class='pt-cv-heading'> \u00daltimas da novela <\/span><\/h2><div class=\"pt-cv-view pt-cv-grid pt-cv-colsys\" id=\"pt-cv-view-ae5b5529ra\"><div data-id=\"pt-cv-page-1\" class=\"pt-cv-page\" data-cvc=\"1\"><div class=\"col-md-12 col-sm-12 col-xs-12 pt-cv-content-item pt-cv-1-col\" ><div class='pt-cv-ifield'><h4 class=\"pt-cv-title\"><a href=\"https:\/\/www.tvnovelas.com.br\/tvnews\/eta-mundo-melhor-sandra-avisa-que-nao-vai-desistir-da-vinganca\/\" class=\"_blank\" target=\"_blank\" >\u00cata Mundo Melhor!: Sandra avisa que n\u00e3o vai desistir da vingan\u00e7a<\/a><\/h4><\/div><\/div>\n<div class=\"col-md-12 col-sm-12 col-xs-12 pt-cv-content-item pt-cv-1-col\" ><div class='pt-cv-ifield'><h4 class=\"pt-cv-title\"><a href=\"https:\/\/www.tvnovelas.com.br\/tvnews\/eta-mundo-melhor-celso-conta-a-candinho-o-que-sempre-escondeu-sobre-samir\/\" class=\"_blank\" target=\"_blank\" >\u00cata Mundo Melhor!: Celso conta a Candinho o que sempre escondeu sobre Samir<\/a><\/h4><\/div><\/div>\n<div class=\"col-md-12 col-sm-12 col-xs-12 pt-cv-content-item pt-cv-1-col\" ><div class='pt-cv-ifield'><h4 class=\"pt-cv-title\"><a href=\"https:\/\/www.tvnovelas.com.br\/tvnews\/eta-mundo-melhor-lourival-pede-uma-chance-a-dita-e-eles-se-beijam\/\" class=\"_blank\" target=\"_blank\" >\u00cata Mundo Melhor!: Lourival pede uma chance a Dita e eles se beijam<\/a><\/h4><\/div><\/div><\/div><\/div><\/div><br \/>\n&lt;h<\/p>\n<div style=\"font-size: 120%;\"><h3>Confira tamb\u00e9m<\/h3>\r\n<a href=\"https:\/\/tvnovelas.com.br\/novelas\/\" rel=\"noopener\" target=\"_blank\"><strong>Todos os resumos de novelas<\/strong><\/a><\/br>\r\n<a href=\"https:\/\/www.tvnovelas.com.br\/tvnews\/\" rel=\"noopener\" target=\"_blank\"><strong>\u00daltimas not\u00edcias das novelas<\/strong><\/a><\/br>\r\n<a href=\"https:\/\/www.tvnovelas.com.br\/filmes\/\" target=\"_blank\" rel=\"noopener noreferrer\"><strong>Programa\u00e7\u00e3o de filmes na TV aberta<\/strong><\/a><\/br>\r\n<a href=\"https:\/\/caetenews.com.br\/semana\/filmes-da-globo-na-sessao-da-tarde-desta-semana\/\" target=\"_blank\" rel=\"noopener\"><strong>Confira os filmes da semana na Sess\u00e3o da Tarde<\/strong><\/a><\/br>\r\n<a href=\"https:\/\/classindportal.mj.gov.br\/consulta-filmes\" target=\"_blank\" rel=\"noopener\"><strong>Consulte a classifica\u00e7\u00e3o indicativa dos filmes e novelas<\/strong><\/a><\/br><\/div>\n<h2>Sobre a novela:<\/h2>\n<p><a href=\"https:\/\/tvnovelas.com.br\/page2\/arquivo\/eta-mundo-melhor-a-volta-de-candinho-e-policarpo\/&quot;\" target=\"_blank\" rel=\"noopener\">\u00cata Mundo Melhor!: A volta de Candinho e Policarpo<\/a> (Sinopse)<br \/>\n<a href=\"https:\/\/pt.wikipedia.org\/wiki\/%C3%8Ata_Mundo_Melhor!\" target=\"_blank\" rel=\"noopener\">Sobre \u00cata Mundo Melhor!, na Wikipedia<\/a><\/p>\n","protected":false},"excerpt":{"rendered":"<p>Em \u00cata Mundo Melhor!, Candinho implora ara voltar \u00e0 vida&#8230; Em \u00cata Mundo Melhor!, Durante o coma, Candinho (Sergio Guiz\u00e9) reencontrou&#8230;<\/p>\n","protected":false},"author":1,"featured_media":85924,"comment_status":"closed","ping_status":"closed","sticky":false,"template":"","format":"standard","meta":{"_uf_show_specific_survey":0,"_uf_disable_surveys":false,"_jetpack_memberships_contains_paid_content":false,"footnotes":"","_wp_rev_ctl_limit":""},"categories":[920],"tags":[921,5,64],"class_list":["post-85923","post","type-post","status-publish","format-standard","has-post-thumbnail","hentry","category-eta-mundo-melhor","tag-eta-mundo-melhor","tag-globo","tag-novelas","wpcat-920-id"],"aioseo_notices":[],"jetpack_featured_media_url":"https:\/\/i0.wp.com\/www.tvnovelas.com.br\/tvnews\/wp-content\/uploads\/2025\/12\/12553.jpg?fit=728%2C409&ssl=1","jetpack_shortlink":"https:\/\/wp.me\/pdP2BO-mlR","jetpack_sharing_enabled":true,"_links":{"self":[{"href":"https:\/\/www.tvnovelas.com.br\/tvnews\/wp-json\/wp\/v2\/posts\/85923","targetHints":{"allow":["GET"]}}],"collection":[{"href":"https:\/\/www.tvnovelas.com.br\/tvnews\/wp-json\/wp\/v2\/posts"}],"about":[{"href":"https:\/\/www.tvnovelas.com.br\/tvnews\/wp-json\/wp\/v2\/types\/post"}],"author":[{"embeddable":true,"href":"https:\/\/www.tvnovelas.com.br\/tvnews\/wp-json\/wp\/v2\/users\/1"}],"replies":[{"embeddable":true,"href":"https:\/\/www.tvnovelas.com.br\/tvnews\/wp-json\/wp\/v2\/comments?post=85923"}],"version-history":[{"count":2,"href":"https:\/\/www.tvnovelas.com.br\/tvnews\/wp-json\/wp\/v2\/posts\/85923\/revisions"}],"predecessor-version":[{"id":85926,"href":"https:\/\/www.tvnovelas.com.br\/tvnews\/wp-json\/wp\/v2\/posts\/85923\/revisions\/85926"}],"wp:featuredmedia":[{"embeddable":true,"href":"https:\/\/www.tvnovelas.com.br\/tvnews\/wp-json\/wp\/v2\/media\/85924"}],"wp:attachment":[{"href":"https:\/\/www.tvnovelas.com.br\/tvnews\/wp-json\/wp\/v2\/media?parent=85923"}],"wp:term":[{"taxonomy":"category","embeddable":true,"href":"https:\/\/www.tvnovelas.com.br\/tvnews\/wp-json\/wp\/v2\/categories?post=85923"},{"taxonomy":"post_tag","embeddable":true,"href":"https:\/\/www.tvnovelas.com.br\/tvnews\/wp-json\/wp\/v2\/tags?post=85923"}],"curies":[{"name":"wp","href":"https:\/\/api.w.org\/{rel}","templated":true}]}}