{"id":85928,"date":"2025-12-10T09:29:36","date_gmt":"2025-12-10T12:29:36","guid":{"rendered":"https:\/\/www.tvnovelas.com.br\/tvnews\/?p=85928"},"modified":"2025-12-10T09:30:22","modified_gmt":"2025-12-10T12:30:22","slug":"siga-em-dona-de-mim-jaques-foge-para-nao-ser-preso","status":"publish","type":"post","link":"https:\/\/www.tvnovelas.com.br\/tvnews\/siga-em-dona-de-mim-jaques-foge-para-nao-ser-preso\/","title":{"rendered":"Siga em Dona de Mim: Jaques foge para n\u00e3o ser preso"},"content":{"rendered":"<figure id=\"attachment_85929\" aria-describedby=\"caption-attachment-85929\" style=\"width: 728px\" class=\"wp-caption aligncenter\"><img data-recalc-dims=\"1\" decoding=\"async\" class=\"wp-image-85929 size-full\" title=\"(Foto: TV Globo\/Dona de Mim)\" src=\"https:\/\/i0.wp.com\/www.tvnovelas.com.br\/tvnews\/wp-content\/uploads\/2025\/12\/12554.jpg?resize=728%2C410&#038;ssl=1\" alt=\"Foto em Dona de Mim: Jaques foge para n\u00e3o ser preso\" width=\"728\" height=\"410\" srcset=\"https:\/\/i0.wp.com\/www.tvnovelas.com.br\/tvnews\/wp-content\/uploads\/2025\/12\/12554.jpg?w=728&amp;ssl=1 728w, https:\/\/i0.wp.com\/www.tvnovelas.com.br\/tvnews\/wp-content\/uploads\/2025\/12\/12554.jpg?resize=250%2C141&amp;ssl=1 250w\" sizes=\"(max-width: 728px) 100vw, 728px\" \/><figcaption id=\"caption-attachment-85929\" class=\"wp-caption-text\">Dona de Mim: Jaques foge para n\u00e3o ser preso<\/figcaption><\/figure>\n<p>Em Dona de Mim, Jaques (Marcello Novaes) tem a pris\u00e3o preventiva decretada e vai fugir para n\u00e3o ser preso pela morte de Abel (Tony Ramos). Mas, antes, o vil\u00e3o ir\u00e1 se despedir de Davi (Rafael Vitti) e Ayla (Bel Lima) sem que os filhos percebam a fuga e tamb\u00e9m ir\u00e1 brigar com Samuel (Juan Paiva) e empurrar a pr\u00f3pria m\u00e3e, Rosa (Suely Franco).<\/p>\n<p>\u201cSabe, Davi, at\u00e9 hoje eu nunca tinha me arrependido de nada que fiz na vida! Acerto, erro, burrada, estava tudo no mesmo pacote. Mas desde o dia em que eu descobri que voc\u00ea e a Ayla eram meus filhos, minha vida fez isso aqui, mudou totalmente de eixo! Eu virei pai. Me tornei o que nunca pensei que quisesse tanto, pai! Voc\u00ea \u00e9 a garantia que eu n\u00e3o vou ser esquecido\u201d, diz Jaques a Davi.<\/p>\n<p>Depois, Jaques falar\u00e1 tamb\u00e9m emocionado com Ayla.<\/p>\n<p>\u201cMe deixa olhar pra voc\u00ea. Me deixa tocar nos meus netos&#8230; Promete que vai contar pra eles de mim? Que eles tiveram um av\u00f4 todo errado, mas que era totalmente apaixonado por eles, antes mesmo de conhecer\u201d, diz ele.<br \/>\nJaques ir\u00e1 para casa e arrumar\u00e1 uma mala. Mas, quando estiver saindo, dar\u00e1 de cara com Samuel, que o tentar\u00e1 impedir de sair.<\/p>\n<p>\u201cT\u00e1 indo aonde, Jaques? Eu n\u00e3o vou te deixar fugir\u201d, avisa Samuel.<\/p>\n<p>Tio e sobrinho iniciar\u00e3o uma briga e sobrar\u00e1 at\u00e9 para Rosa. Jaques ir\u00e1 empurrar a pr\u00f3pria m\u00e3e da escada e sair\u00e1 correndo para pegar o carro e fugir para n\u00e3o ser preso.<\/p>\n<p>\u201cJaques!\u201d, grita Samuel.<\/p>\n<p>Mas ele conseguir\u00e1 fugir.<br \/>\n<!--FIM DO POST--><br \/>\n<a href=\"https:\/\/tvnovelas.com.br\/novelas\/resumos-de-dona-de-mim\/\" target=\"_blank\" rel=\"noopener\">Resumos dos cap\u00edtulos de Dona de Mim<\/a><br \/>\n<div class=\"pt-cv-wrapper\"><h2 class='pt-cv-heading-container heading2' data-blockid='9b88c0b6t2'><span class='pt-cv-heading'> \u00daltimas da novela <\/span><\/h2><div class=\"pt-cv-view pt-cv-grid pt-cv-colsys\" id=\"pt-cv-view-9b88c0b6t2\"><div data-id=\"pt-cv-page-1\" class=\"pt-cv-page\" data-cvc=\"1\"><div class=\"col-md-12 col-sm-12 col-xs-12 pt-cv-content-item pt-cv-1-col\" ><div class='pt-cv-ifield'><h4 class=\"pt-cv-title\"><a href=\"https:\/\/www.tvnovelas.com.br\/tvnews\/dona-de-mim-abel-aparece-e-salva-sofia-do-incendio\/\" class=\"_blank\" target=\"_blank\" >Dona de Mim: Abel \u2018aparece&#8217; e salva Sofia do inc\u00eandio<\/a><\/h4><\/div><\/div>\n<div class=\"col-md-12 col-sm-12 col-xs-12 pt-cv-content-item pt-cv-1-col\" ><div class='pt-cv-ifield'><h4 class=\"pt-cv-title\"><a href=\"https:\/\/www.tvnovelas.com.br\/tvnews\/dona-de-mim-jaques-coloca-fogo-na-boaz\/\" class=\"_blank\" target=\"_blank\" >Dona de Mim: Jaques coloca fogo na Boaz<\/a><\/h4><\/div><\/div>\n<div class=\"col-md-12 col-sm-12 col-xs-12 pt-cv-content-item pt-cv-1-col\" ><div class='pt-cv-ifield'><h4 class=\"pt-cv-title\"><a href=\"https:\/\/www.tvnovelas.com.br\/tvnews\/dona-de-mim-davi-e-barbara-sofrem-grave-acidente\/\" class=\"_blank\" target=\"_blank\" >Dona de Mim: Davi e B\u00e1rbara sofrem grave acidente<\/a><\/h4><\/div><\/div><\/div><\/div><\/div><\/p>\n<div style=\"font-size: 150%;\"><h3>Confira tamb\u00e9m<\/h3>\r\n<a href=\"https:\/\/tvnovelas.com.br\/novelas\/\" rel=\"noopener\" target=\"_blank\"><strong>Todos os resumos de novelas<\/strong><\/a><\/br>\r\n<a href=\"https:\/\/www.tvnovelas.com.br\/tvnews\/\" rel=\"noopener\" target=\"_blank\"><strong>\u00daltimas not\u00edcias das novelas<\/strong><\/a><\/br>\r\n<a href=\"https:\/\/www.tvnovelas.com.br\/filmes\/\" target=\"_blank\" rel=\"noopener noreferrer\"><strong>Programa\u00e7\u00e3o de filmes na TV aberta<\/strong><\/a><\/br>\r\n<a href=\"https:\/\/caetenews.com.br\/semana\/filmes-da-globo-na-sessao-da-tarde-desta-semana\/\" target=\"_blank\" rel=\"noopener\"><strong>Confira os filmes da semana na Sess\u00e3o da Tarde<\/strong><\/a><\/br>\r\n<a href=\"https:\/\/classindportal.mj.gov.br\/consulta-filmes\" target=\"_blank\" rel=\"noopener\"><strong>Consulte a classifica\u00e7\u00e3o indicativa dos filmes e novelas<\/strong><\/a><\/br><\/div>\n","protected":false},"excerpt":{"rendered":"<p>Dona de Mim: Jaques foge para n\u00e3o ser preso&#8230; Em Dona de Mim, Jaques (Marcello Novaes) tem a pris\u00e3o preventiva decretada e vai fugir&#8230;<\/p>\n","protected":false},"author":1,"featured_media":85929,"comment_status":"closed","ping_status":"closed","sticky":false,"template":"","format":"standard","meta":{"_uf_show_specific_survey":0,"_uf_disable_surveys":false,"_jetpack_memberships_contains_paid_content":false,"footnotes":"","_wp_rev_ctl_limit":""},"categories":[884],"tags":[883,5,64],"class_list":["post-85928","post","type-post","status-publish","format-standard","has-post-thumbnail","hentry","category-dona-de-mim","tag-dona-de-mim","tag-globo","tag-novelas","wpcat-884-id"],"aioseo_notices":[],"jetpack_featured_media_url":"https:\/\/i0.wp.com\/www.tvnovelas.com.br\/tvnews\/wp-content\/uploads\/2025\/12\/12554.jpg?fit=728%2C410&ssl=1","jetpack_shortlink":"https:\/\/wp.me\/pdP2BO-mlW","jetpack_sharing_enabled":true,"_links":{"self":[{"href":"https:\/\/www.tvnovelas.com.br\/tvnews\/wp-json\/wp\/v2\/posts\/85928","targetHints":{"allow":["GET"]}}],"collection":[{"href":"https:\/\/www.tvnovelas.com.br\/tvnews\/wp-json\/wp\/v2\/posts"}],"about":[{"href":"https:\/\/www.tvnovelas.com.br\/tvnews\/wp-json\/wp\/v2\/types\/post"}],"author":[{"embeddable":true,"href":"https:\/\/www.tvnovelas.com.br\/tvnews\/wp-json\/wp\/v2\/users\/1"}],"replies":[{"embeddable":true,"href":"https:\/\/www.tvnovelas.com.br\/tvnews\/wp-json\/wp\/v2\/comments?post=85928"}],"version-history":[{"count":2,"href":"https:\/\/www.tvnovelas.com.br\/tvnews\/wp-json\/wp\/v2\/posts\/85928\/revisions"}],"predecessor-version":[{"id":85931,"href":"https:\/\/www.tvnovelas.com.br\/tvnews\/wp-json\/wp\/v2\/posts\/85928\/revisions\/85931"}],"wp:featuredmedia":[{"embeddable":true,"href":"https:\/\/www.tvnovelas.com.br\/tvnews\/wp-json\/wp\/v2\/media\/85929"}],"wp:attachment":[{"href":"https:\/\/www.tvnovelas.com.br\/tvnews\/wp-json\/wp\/v2\/media?parent=85928"}],"wp:term":[{"taxonomy":"category","embeddable":true,"href":"https:\/\/www.tvnovelas.com.br\/tvnews\/wp-json\/wp\/v2\/categories?post=85928"},{"taxonomy":"post_tag","embeddable":true,"href":"https:\/\/www.tvnovelas.com.br\/tvnews\/wp-json\/wp\/v2\/tags?post=85928"}],"curies":[{"name":"wp","href":"https:\/\/api.w.org\/{rel}","templated":true}]}}