{"id":86014,"date":"2025-12-12T11:46:02","date_gmt":"2025-12-12T14:46:02","guid":{"rendered":"https:\/\/www.tvnovelas.com.br\/tvnews\/?p=86014"},"modified":"2025-12-12T11:46:34","modified_gmt":"2025-12-12T14:46:34","slug":"a-mar-nesta-sexta-estrela-se-retira-do-sindicato","status":"publish","type":"post","link":"https:\/\/www.tvnovelas.com.br\/tvnews\/a-mar-nesta-sexta-estrela-se-retira-do-sindicato\/","title":{"rendered":"A.Mar nesta sexta: Estrela se retira do Sindicato"},"content":{"rendered":"<p><figure id=\"attachment_86015\" aria-describedby=\"caption-attachment-86015\" style=\"width: 728px\" class=\"wp-caption aligncenter\"><img data-recalc-dims=\"1\" decoding=\"async\" src=\"https:\/\/i0.wp.com\/www.tvnovelas.com.br\/tvnews\/wp-content\/uploads\/2025\/12\/12572.jpg?resize=728%2C410&#038;ssl=1\" alt=\"Foto em A.Mar: Estrela se retira do Sindicato\" width=\"728\" height=\"410\" class=\"size-full wp-image-86015\" srcset=\"https:\/\/i0.wp.com\/www.tvnovelas.com.br\/tvnews\/wp-content\/uploads\/2025\/12\/12572.jpg?w=728&amp;ssl=1 728w, https:\/\/i0.wp.com\/www.tvnovelas.com.br\/tvnews\/wp-content\/uploads\/2025\/12\/12572.jpg?resize=250%2C141&amp;ssl=1 250w\" sizes=\"(max-width: 728px) 100vw, 728px\" \/><figcaption id=\"caption-attachment-86015\" class=\"wp-caption-text\">A.Mar: Estrela se retira do Sindicato<\/figcaption><\/figure><br \/>\n(Foto: SBT\/Televisa\/A.Mar)<br \/>\nNo cap\u00edtulo de A.Mar desta sexta, dia 12, Mercedes diz a Estrela que ela precisa ser forte porque, sendo presidente do sindicato, ter\u00e1 de ver Fabian todos os dias. Estrela diz \u00e0 sua m\u00e3e que n\u00e3o v\u00e3o mais depender de um homem como Fabian.<\/p>\n<p>Mais tarde, Estrela informa a Fabian que sua fam\u00edlia e ela renunciam a fazer parte do sindicato dele. Ele diz para n\u00e3o tomar uma decis\u00e3o precipitada da qual possa se arrepender. Estrela responde que fique claro que ela n\u00e3o quer voltar a saber nada dele. <\/p>\n<p><em> Confira o resumo do cap\u00edtulo de hoje:<\/em><\/p>\n<h2 style=\"color: #FF6D1F;\">Resumo de sexta-feira, 12 de dezembro<\/h2>\n<p>Mercedes diz a Estrela que ela precisa ser forte porque, sendo presidente do sindicato, ter\u00e1 de ver Fabian todos os dias. Estrela diz \u00e0 sua m\u00e3e que n\u00e3o v\u00e3o mais depender de um homem como Fabian. Gabriel agradece a Brisa por tudo o que fez para que ele pudesse ver \u00c9der, a Marina por convenc\u00ea-lo a fazer as coisas bem, e a todos os seus companheiros pelo apoio e carinho com \u00c9der. Dolores tenta chantagear Perla com sua suposta doen\u00e7a para que aceite casar com Pascoal. Oliver diz a Yasmin que est\u00e1 decidido a lutar pelo amor deles, que terminar\u00e1 o ensino m\u00e9dio online e ir\u00e1 com ela para estudar o colegial e a universidade, que poderiam estudar juntos e assim estar \u00e0 altura dela. Perla, irritada, diz a Dolores que n\u00e3o permitir\u00e1 que ela continue manipulando todos e que \u00e9 melhor dizer a verdade. Dolores finge passar mal. Yasmin diz a Oliver que n\u00e3o quer que terminem; ele responde que devem lutar pelo amor deles e se abra\u00e7am. Nicolas diz a Adriana que ainda sente dor pela perda de seu filho e de sua esposa Antonia. Ela lhe diz que j\u00e1 se passaram muitos anos, que abandone o passado, que ela tamb\u00e9m sofre pela perda da irm\u00e3 e do sobrinho. Estrela informa a Fabian que sua fam\u00edlia e ela renunciam a fazer parte do sindicato dele. Ele diz para n\u00e3o tomar uma decis\u00e3o precipitada da qual possa se arrepender. Estrela responde que fique claro que ela n\u00e3o quer voltar a saber nada dele. Perla diz a Valentim que Dolores \u00e9 uma manipuladora e que vai provar que est\u00e1 mais saud\u00e1vel do que todos juntos.<br \/>\n<!--FIM--><a href=\"https:\/\/tvnovelas.com.br\/novelas\/resumo-de-novelas-a-mar\/\" target=\"_blank\" rel=\"noopener\">Resumos dos cap\u00edtulos da semana de A.Mar<\/a><br \/>\n<div class=\"pt-cv-wrapper\"><h2 class='pt-cv-heading-container heading2' data-blockid='ab488fdp2g'><span class='pt-cv-heading'> \u00daltimas da Novela <\/span><\/h2><div class=\"pt-cv-view pt-cv-grid pt-cv-colsys\" id=\"pt-cv-view-ab488fdp2g\"><div data-id=\"pt-cv-page-1\" class=\"pt-cv-page\" data-cvc=\"1\"><div class=\"col-md-12 col-sm-12 col-xs-12 pt-cv-content-item pt-cv-1-col\" ><div class='pt-cv-ifield'><h4 class=\"pt-cv-title\"><a href=\"https:\/\/www.tvnovelas.com.br\/tvnews\/a-mar-estrela-reune-moradores-para-barrar-maquinario-de-sergio\/\" class=\"_self\" target=\"_self\" >A.Mar: Estrela re\u00fane moradores para barrar m\u00e1quin\u00e1rio de S\u00e9rgio<\/a><\/h4><\/div><\/div>\n<div class=\"col-md-12 col-sm-12 col-xs-12 pt-cv-content-item pt-cv-1-col\" ><div class='pt-cv-ifield'><h4 class=\"pt-cv-title\"><a href=\"https:\/\/www.tvnovelas.com.br\/tvnews\/a-mar-erika-inocenta-fabian-e-ulises\/\" class=\"_self\" target=\"_self\" >A.Mar: \u00c9rika inocenta Fabian e Ulises<\/a><\/h4><\/div><\/div>\n<div class=\"col-md-12 col-sm-12 col-xs-12 pt-cv-content-item pt-cv-1-col\" ><div class='pt-cv-ifield'><h4 class=\"pt-cv-title\"><a href=\"https:\/\/www.tvnovelas.com.br\/tvnews\/a-mar-erika-confessa-a-fabian-que-mentiu-sobre-gravidez\/\" class=\"_self\" target=\"_self\" >A.Mar: \u00c9rika confessa a Fabian que mentiu sobre gravidez<\/a><\/h4><\/div><\/div><\/div><\/div><\/div><\/p>\n<div style=\"font-size: 120%;\"><h3>Confira tamb\u00e9m<\/h3>\r\n<a href=\"https:\/\/tvnovelas.com.br\/novelas\/\" rel=\"noopener\" target=\"_blank\"><strong>Todos os resumos de novelas<\/strong><\/a><\/br>\r\n<a href=\"https:\/\/www.tvnovelas.com.br\/tvnews\/\" rel=\"noopener\" target=\"_blank\"><strong>\u00daltimas not\u00edcias das novelas<\/strong><\/a><\/br>\r\n<a href=\"https:\/\/www.tvnovelas.com.br\/filmes\/\" target=\"_blank\" rel=\"noopener noreferrer\"><strong>Programa\u00e7\u00e3o de filmes na TV aberta<\/strong><\/a><\/br>\r\n<a href=\"https:\/\/caetenews.com.br\/semana\/filmes-da-globo-na-sessao-da-tarde-desta-semana\/\" target=\"_blank\" rel=\"noopener\"><strong>Confira os filmes da semana na Sess\u00e3o da Tarde<\/strong><\/a><\/br>\r\n<a href=\"https:\/\/classindportal.mj.gov.br\/consulta-filmes\" target=\"_blank\" rel=\"noopener\"><strong>Consulte a classifica\u00e7\u00e3o indicativa dos filmes e novelas<\/strong><\/a><\/br><\/div>\n<p><a href=\"https:\/\/tvnovelas.com.br\/page2\/arquivo\/a-mar-conflitos-tragedia-e-drama-na-historia-de-estrela\/\" target=\"_blank\" rel=\"noopener\">A.Mar: Conhe\u00e7a a hist\u00f3ria da novela<\/a><\/p>\n","protected":false},"excerpt":{"rendered":"<p>A.Mar: Estrela se retira do Sindicato&#8230; No cap\u00edtulo de A.Mar desta sexta, dia 12, Mercedes diz a Estrela que ela precisa ser forte porque&#8230; <\/p>\n","protected":false},"author":1,"featured_media":86015,"comment_status":"closed","ping_status":"closed","sticky":false,"template":"","format":"standard","meta":{"_uf_show_specific_survey":0,"_uf_disable_surveys":false,"_jetpack_memberships_contains_paid_content":false,"footnotes":"","_wp_rev_ctl_limit":""},"categories":[1003],"tags":[1004,64,13],"class_list":["post-86014","post","type-post","status-publish","format-standard","has-post-thumbnail","hentry","category-a-mar","tag-a-mar","tag-novelas","tag-sbt","wpcat-1003-id"],"aioseo_notices":[],"jetpack_featured_media_url":"https:\/\/i0.wp.com\/www.tvnovelas.com.br\/tvnews\/wp-content\/uploads\/2025\/12\/12572.jpg?fit=728%2C410&ssl=1","jetpack_shortlink":"https:\/\/wp.me\/pdP2BO-mnk","jetpack_sharing_enabled":true,"_links":{"self":[{"href":"https:\/\/www.tvnovelas.com.br\/tvnews\/wp-json\/wp\/v2\/posts\/86014","targetHints":{"allow":["GET"]}}],"collection":[{"href":"https:\/\/www.tvnovelas.com.br\/tvnews\/wp-json\/wp\/v2\/posts"}],"about":[{"href":"https:\/\/www.tvnovelas.com.br\/tvnews\/wp-json\/wp\/v2\/types\/post"}],"author":[{"embeddable":true,"href":"https:\/\/www.tvnovelas.com.br\/tvnews\/wp-json\/wp\/v2\/users\/1"}],"replies":[{"embeddable":true,"href":"https:\/\/www.tvnovelas.com.br\/tvnews\/wp-json\/wp\/v2\/comments?post=86014"}],"version-history":[{"count":2,"href":"https:\/\/www.tvnovelas.com.br\/tvnews\/wp-json\/wp\/v2\/posts\/86014\/revisions"}],"predecessor-version":[{"id":86017,"href":"https:\/\/www.tvnovelas.com.br\/tvnews\/wp-json\/wp\/v2\/posts\/86014\/revisions\/86017"}],"wp:featuredmedia":[{"embeddable":true,"href":"https:\/\/www.tvnovelas.com.br\/tvnews\/wp-json\/wp\/v2\/media\/86015"}],"wp:attachment":[{"href":"https:\/\/www.tvnovelas.com.br\/tvnews\/wp-json\/wp\/v2\/media?parent=86014"}],"wp:term":[{"taxonomy":"category","embeddable":true,"href":"https:\/\/www.tvnovelas.com.br\/tvnews\/wp-json\/wp\/v2\/categories?post=86014"},{"taxonomy":"post_tag","embeddable":true,"href":"https:\/\/www.tvnovelas.com.br\/tvnews\/wp-json\/wp\/v2\/tags?post=86014"}],"curies":[{"name":"wp","href":"https:\/\/api.w.org\/{rel}","templated":true}]}}