{"id":86026,"date":"2025-12-12T16:04:15","date_gmt":"2025-12-12T19:04:15","guid":{"rendered":"https:\/\/www.tvnovelas.com.br\/tvnews\/?p=86026"},"modified":"2025-12-13T16:47:08","modified_gmt":"2025-12-13T19:47:08","slug":"acontece-em-tres-gracas-na-semana-15-a-20-12","status":"publish","type":"post","link":"https:\/\/www.tvnovelas.com.br\/tvnews\/acontece-em-tres-gracas-na-semana-15-a-20-12\/","title":{"rendered":"Resumos do dia de Tr\u00eas Gra\u00e7as na semana 15 a 20\/12"},"content":{"rendered":"<div style=\"background-color: #e6e6e6; border-style: solid; border-width: 0px 0px 10px 0px; solid green; border-radius: 30px; padding: 10px; font-size: 125%; text-align: justify;\">\n.<\/p>\n<p><figure id=\"attachment_86027\" aria-describedby=\"caption-attachment-86027\" style=\"width: 728px\" class=\"wp-caption aligncenter\"><img data-recalc-dims=\"1\" decoding=\"async\" class=\"wp-image-86027 size-full\" title=\"(Foto: TV Globo\/Tr\u00eas Gra\u00e7as)\" src=\"https:\/\/i0.wp.com\/www.tvnovelas.com.br\/tvnews\/wp-content\/uploads\/2025\/12\/12575.jpg?resize=728%2C410&#038;ssl=1\" alt=\"Foto em Tr\u00eas Gra\u00e7as na semana 15 a 20\/12\" width=\"728\" height=\"410\" srcset=\"https:\/\/i0.wp.com\/www.tvnovelas.com.br\/tvnews\/wp-content\/uploads\/2025\/12\/12575.jpg?w=728&amp;ssl=1 728w, https:\/\/i0.wp.com\/www.tvnovelas.com.br\/tvnews\/wp-content\/uploads\/2025\/12\/12575.jpg?resize=250%2C141&amp;ssl=1 250w\" sizes=\"(max-width: 728px) 100vw, 728px\" \/><figcaption id=\"caption-attachment-86027\" class=\"wp-caption-text\">Tr\u00eas Gra\u00e7as na semana 15 a 20\/12<\/figcaption><\/figure><br \/>\n<strong style=\"color: #AA2B1D; font-size: 120%;\">Nos pr\u00f3ximos cap\u00edtulos de, <\/strong><span style=\"color: #AA2B1D; font-size: 120%;\">Raul reage ao ser acusado por Ferette e Arminda de ter comentado com algu\u00e9m sobre a est\u00e1tua; Jairo avisa a Paulinho que recebeu a ordem de n\u00e3o investigar o assalto na casa de Arminda; Paulinho questiona Gerluce sobre seu comportamento desde o assalto; Jo\u00e9lly revela a Kellen que tem medo de Samira&#8230;<\/span><\/div>\n<p>\u00a0<br \/>\n<strong style=\"color: #aa2b1d; font-size: 120%;\">Nos pr\u00f3ximos cap\u00edtulos de Tr\u00eas Gra\u00e7as, <\/strong><span style=\"color: #aa2b1d; font-size: 120%;\">Raul reage ao ser acusado por Ferette e Arminda de ter comentado com algu\u00e9m sobre a est\u00e1tua; Jairo avisa a Paulinho que recebeu a ordem de n\u00e3o investigar o assalto na casa de Arminda; Paulinho questiona Gerluce sobre seu comportamento desde o assalto; Jo\u00e9lly revela a Kellen que tem medo de Samira&#8230;<\/span><\/div>\n<h2 style=\"color: #aa2b1d;\">Resumo de segunda-feira, 15 de dezembro<\/h2>\n<p>Paulinho avisa para Juquinha e Jairo que houve um assalto na casa onde Gerluce trabalha. Raul reage ao ser acusado por Ferette e Arminda de ter comentado com algu\u00e9m sobre a est\u00e1tua. Arminda e Ferette negam para Paulinho que tenha ocorrido um assalto na casa, deixando o policial constrangido. Ferette orienta Gerluce a manter a boca fechada sobre o que aconteceu. Gerluce confirma para Paulinho que foi feita como ref\u00e9m com Josefa, mas n\u00e3o contou nada para o policial porque ficou com receio de perder o emprego.<\/p>\n<h2 style=\"color: #aa2b1d;\">Resumo de ter\u00e7a-feira, 16 de dezembro<\/h2>\n<p>Zenilda diz a Ferette que sente orgulho do marido. Paulinho pergunta ao delegado Jairo se ele est\u00e1 com receio de abrir uma investiga\u00e7\u00e3o por causa de Ferette. Feliciano mostra a Gerluce e Joaquim o desenho da aranha que comprova a autenticidade da est\u00e1tua As Tr\u00eas Gra\u00e7as. Samira se nega a dar dinheiro para Jo\u00e9lly comprar o rem\u00e9dio da av\u00f3. Feliciano n\u00e3o encontra a aranha na est\u00e1tua, e responde a Gerluce dizendo que a obra \u00e9 falsa.<\/p>\n<h2 style=\"color: #aa2b1d;\">Resumo de quarta-feira, 17 de dezembro<\/h2>\n<p>Arminda acha curioso que o namorado de Gerluce seja o policial que foi interrog\u00e1-la sobre o suposto assalto que sofreu em casa. Ferette deixa Arminda apavorada ao afirmar que, caso algu\u00e9m encontre os milh\u00f5es que est\u00e3o escondidos na est\u00e1tua, ambos ser\u00e3o presos. Jairo avisa a Paulinho que recebeu a ordem de n\u00e3o investigar o assalto na casa de Arminda. Gerluce \u00e9 abordada por Claudia. Samira avisa a Lena e Herculano para n\u00e3o procurarem Jo\u00e9lly. Kasper estranha o interesse de Ferette por uma escultura de Giovanni Aragna.<\/p>\n<h2 style=\"color: #aa2b1d;\">Resumo de quinta-feira, 18 de dezembro<\/h2>\n<p>L\u00edgia diz ao pastor Alb\u00e9rico que far\u00e1 o poss\u00edvel para convencer Jo\u00e9lly a aceitar Jorginho. Arminda pensa em Joaquim. Ferette fala para Zenilda desistir de trabalhar, deixando-a pensativa.<\/p>\n<h2 style=\"color: #aa2b1d;\">Resumo de sexta-feira, 19 de dezembro<\/h2>\n<p>Lorena nota que a m\u00e3e est\u00e1 pensativa desde a \u00faltima conversa que tiveram sobre Ferette. X\u00eanica aceita se encontrar com Lorena. Arminda reclama de Raul. Paulinho questiona Gerluce sobre seu comportamento desde o assalto e pressiona a namorada a dizer o que est\u00e1 acontecendo.<\/p>\n<h2 style=\"color: #aa2b1d;\">Resumo de s\u00e1bado, 20 de dezembro<\/h2>\n<p>Gerluce confessa a Josefa que est\u00e1 com problemas. Juquinha comenta com Paulinho que acha estranha a atitude do delegado Jairo de impedir a investiga\u00e7\u00e3o do assalto na casa de Arminda. Jo\u00e9lly revela a Kellen que tem medo de Samira. Lena desobedece a Samira e se aproxima de Jo\u00e9lly. Zenilda faz perguntas a X\u00eanica sobre Ferette. X\u00eanica incentiva Zenilda a trabalhar. Gerluce afirma a Arminda que mant\u00e9m a decis\u00e3o sobre sua demiss\u00e3o. Jos\u00e9 Maria pergunta a Lena o que ela faz na Chacrinha, ao se deparar com a mulher de Herculano entrando no consult\u00f3rio com Jo\u00e9lly. Rog\u00e9rio avisa a Cl\u00e1udia que est\u00e1 chegando a hora de Arminda e Ferette terem o que merecem.<br \/>\n<!--FIM--><br \/>\n<div class=\"pt-cv-wrapper\"><h2 class='pt-cv-heading-container heading2' data-blockid='aa8cb49py2'><span class='pt-cv-heading'> \u00daltimas da Novela <\/span><\/h2><div class=\"pt-cv-view pt-cv-grid pt-cv-colsys\" id=\"pt-cv-view-aa8cb49py2\"><div data-id=\"pt-cv-page-1\" class=\"pt-cv-page\" data-cvc=\"1\"><div class=\"col-md-12 col-sm-12 col-xs-12 pt-cv-content-item pt-cv-1-col\" ><div class='pt-cv-ifield'><h4 class=\"pt-cv-title\"><a href=\"https:\/\/www.tvnovelas.com.br\/tvnews\/tres-gracas-paulinho-e-afastado-da-policia-por-causa-de-gerluce\/\" class=\"_self\" target=\"_self\" >Tr\u00eas Gra\u00e7as: Paulinho \u00e9 afastado da pol\u00edcia por causa de Gerluce<\/a><\/h4><\/div><\/div>\n<div class=\"col-md-12 col-sm-12 col-xs-12 pt-cv-content-item pt-cv-1-col\" ><div class='pt-cv-ifield'><h4 class=\"pt-cv-title\"><a href=\"https:\/\/www.tvnovelas.com.br\/tvnews\/tres-gracas-arminda-surta-ao-confirmar-que-ferette-e-pai-de-raul\/\" class=\"_self\" target=\"_self\" >Tr\u00eas Gra\u00e7as:  Arminda surta ao confirmar que Ferette \u00e9 pai de Raul<\/a><\/h4><\/div><\/div>\n<div class=\"col-md-12 col-sm-12 col-xs-12 pt-cv-content-item pt-cv-1-col\" ><div class='pt-cv-ifield'><h4 class=\"pt-cv-title\"><a href=\"https:\/\/www.tvnovelas.com.br\/tvnews\/tres-gracas-joaquim-propoe-fuga-a-arminda-com-o-dinheiro-das-tres-gracas\/\" class=\"_self\" target=\"_self\" >Tr\u00eas Gra\u00e7as:  Joaquim prop\u00f5e fuga a Arminda com o dinheiro das Tr\u00eas Gra\u00e7as<\/a><\/h4><\/div><\/div><\/div><\/div><\/div><\/p>\n<h2>Saiba mais<\/h2>\n<p><a href=\"https:\/\/tvnovelas.com.br\/novelas\/resumos-de-tres-gracas\/\" target=\"_blank\" rel=\"noopener\">Tr\u00eas Gra\u00e7as: Resumos dos cap\u00edtulos da semana<\/a><br \/>\n<a href=\"https:\/\/tvnovelas.com.br\/page2\/arquivo\/tres-gracas-aluta-para-nao-perder-a-esperanca\/\" target=\"_blank\" rel=\"noopener\">&#8216;Tr\u00eas Gra\u00e7as\u2019, a luta para n\u00e3o perder a esperan\u00e7a<\/a> (Sinopse)<br \/>\n<a href=\"https:\/\/www.tvnovelas.com.br\/tvnews\/tres-gracas-as-tres-gracas-e-suas-adversidades\/\" target=\"_blank\" rel=\"noopener\">Tr\u00eas Gra\u00e7as: As tr\u00eas Gra\u00e7as e suas adversidades<\/a><\/p>\n<div style=\"font-size: 120%;\"><h3>Confira tamb\u00e9m<\/h3>\r\n<a href=\"https:\/\/tvnovelas.com.br\/novelas\/\" rel=\"noopener\" target=\"_blank\"><strong>Todos os resumos de novelas<\/strong><\/a><\/br>\r\n<a href=\"https:\/\/www.tvnovelas.com.br\/tvnews\/\" rel=\"noopener\" target=\"_blank\"><strong>\u00daltimas not\u00edcias das novelas<\/strong><\/a><\/br>\r\n<a href=\"https:\/\/www.tvnovelas.com.br\/filmes\/\" target=\"_blank\" rel=\"noopener noreferrer\"><strong>Programa\u00e7\u00e3o de filmes na TV aberta<\/strong><\/a><\/br>\r\n<a href=\"https:\/\/caetenews.com.br\/semana\/filmes-da-globo-na-sessao-da-tarde-desta-semana\/\" target=\"_blank\" rel=\"noopener\"><strong>Confira os filmes da semana na Sess\u00e3o da Tarde<\/strong><\/a><\/br>\r\n<a href=\"https:\/\/classindportal.mj.gov.br\/consulta-filmes\" target=\"_blank\" rel=\"noopener\"><strong>Consulte a classifica\u00e7\u00e3o indicativa dos filmes e novelas<\/strong><\/a><\/br><\/div>\n","protected":false},"excerpt":{"rendered":"<p>Acontece em Tr\u00eas Gra\u00e7as na semana 15 a 20\/12&#8230;  Nos pr\u00f3ximos cap\u00edtulos de Tr\u00eas Gra\u00e7as, Raul reage ao ser acusado por Ferette e Arminda&#8230;<\/p>\n","protected":false},"author":1,"featured_media":86027,"comment_status":"closed","ping_status":"closed","sticky":false,"template":"","format":"standard","meta":{"_uf_show_specific_survey":0,"_uf_disable_surveys":false,"_jetpack_memberships_contains_paid_content":false,"footnotes":"","_wp_rev_ctl_limit":""},"categories":[1006],"tags":[5,64,1007],"class_list":["post-86026","post","type-post","status-publish","format-standard","has-post-thumbnail","hentry","category-tres-gracas","tag-globo","tag-novelas","tag-tres-gracas","wpcat-1006-id"],"aioseo_notices":[],"jetpack_featured_media_url":"https:\/\/i0.wp.com\/www.tvnovelas.com.br\/tvnews\/wp-content\/uploads\/2025\/12\/12575.jpg?fit=728%2C410&ssl=1","jetpack_shortlink":"https:\/\/wp.me\/pdP2BO-mnw","jetpack_sharing_enabled":true,"_links":{"self":[{"href":"https:\/\/www.tvnovelas.com.br\/tvnews\/wp-json\/wp\/v2\/posts\/86026","targetHints":{"allow":["GET"]}}],"collection":[{"href":"https:\/\/www.tvnovelas.com.br\/tvnews\/wp-json\/wp\/v2\/posts"}],"about":[{"href":"https:\/\/www.tvnovelas.com.br\/tvnews\/wp-json\/wp\/v2\/types\/post"}],"author":[{"embeddable":true,"href":"https:\/\/www.tvnovelas.com.br\/tvnews\/wp-json\/wp\/v2\/users\/1"}],"replies":[{"embeddable":true,"href":"https:\/\/www.tvnovelas.com.br\/tvnews\/wp-json\/wp\/v2\/comments?post=86026"}],"version-history":[{"count":4,"href":"https:\/\/www.tvnovelas.com.br\/tvnews\/wp-json\/wp\/v2\/posts\/86026\/revisions"}],"predecessor-version":[{"id":86050,"href":"https:\/\/www.tvnovelas.com.br\/tvnews\/wp-json\/wp\/v2\/posts\/86026\/revisions\/86050"}],"wp:featuredmedia":[{"embeddable":true,"href":"https:\/\/www.tvnovelas.com.br\/tvnews\/wp-json\/wp\/v2\/media\/86027"}],"wp:attachment":[{"href":"https:\/\/www.tvnovelas.com.br\/tvnews\/wp-json\/wp\/v2\/media?parent=86026"}],"wp:term":[{"taxonomy":"category","embeddable":true,"href":"https:\/\/www.tvnovelas.com.br\/tvnews\/wp-json\/wp\/v2\/categories?post=86026"},{"taxonomy":"post_tag","embeddable":true,"href":"https:\/\/www.tvnovelas.com.br\/tvnews\/wp-json\/wp\/v2\/tags?post=86026"}],"curies":[{"name":"wp","href":"https:\/\/api.w.org\/{rel}","templated":true}]}}