{"id":86098,"date":"2025-12-16T09:46:17","date_gmt":"2025-12-16T12:46:17","guid":{"rendered":"https:\/\/www.tvnovelas.com.br\/tvnews\/?p=86098"},"modified":"2025-12-16T12:39:12","modified_gmt":"2025-12-16T15:39:12","slug":"tres-gracas-feliciano-examina-estatua-e-conclui-que-ela-e-falsa","status":"publish","type":"post","link":"https:\/\/www.tvnovelas.com.br\/tvnews\/tres-gracas-feliciano-examina-estatua-e-conclui-que-ela-e-falsa\/","title":{"rendered":"Tr\u00eas Gra\u00e7as nesta ter\u00e7a, 16: Feliciano examina est\u00e1tua e conclui que ela \u00e9 falsa"},"content":{"rendered":"<figure id=\"attachment_86099\" aria-describedby=\"caption-attachment-86099\" style=\"width: 728px\" class=\"wp-caption aligncenter\"><img data-recalc-dims=\"1\" decoding=\"async\" class=\"wp-image-86099 size-full\" title=\"(Foto: TV Globo\/Tr\u00eas Gra\u00e7as)\" src=\"https:\/\/i0.wp.com\/www.tvnovelas.com.br\/tvnews\/wp-content\/uploads\/2025\/12\/12585-1.jpg?resize=728%2C410&#038;ssl=1\" alt=\"Foto em Tr\u00eas Gra\u00e7as: Feliciano examina est\u00e1tua e conclui que ela \u00e9 falsa\" width=\"728\" height=\"410\" srcset=\"https:\/\/i0.wp.com\/www.tvnovelas.com.br\/tvnews\/wp-content\/uploads\/2025\/12\/12585-1.jpg?w=728&amp;ssl=1 728w, https:\/\/i0.wp.com\/www.tvnovelas.com.br\/tvnews\/wp-content\/uploads\/2025\/12\/12585-1.jpg?resize=250%2C141&amp;ssl=1 250w\" sizes=\"(max-width: 728px) 100vw, 728px\" \/><figcaption id=\"caption-attachment-86099\" class=\"wp-caption-text\">Tr\u00eas Gra\u00e7as: Feliciano examina est\u00e1tua e conclui que ela \u00e9 falsa<\/figcaption><\/figure>\n<p>Em Tr\u00eas Gra\u00e7as, Feliciano (Maciel Silva) ir\u00e1 at\u00e9 o ferro velho de Joaquim (Marcos Palmeira) na comunidade da Chacrinha para examinar a veracidade da est\u00e1tua. O contato de J\u00fanior (Guthierry Sotero) para vender a escultura dir\u00e1 para o bando que a obra \u00e9 falsa.<\/p>\n<p>Feliciano explicar\u00e1 para o bando que para a obra ser aut\u00eantica \u00e9 necess\u00e1rio que ela tenha o desenho de uma aranha em alguma parte da escultura. Por isso, o grupo analisar\u00e1 minuciosamente se h\u00e1 uma marca do artista na est\u00e1tua.<\/p>\n<p>&#8220;Seu Feliciano, o senhor pode olhar ali embaixo para ver se encontra a marca da aranha?&#8221;, pedir\u00e1 Gerluce (Sophie Charlotte).<\/p>\n<p>Ent\u00e3o, o grupo questionar\u00e1 o contato de J\u00fanior sobre ter encontrado ou n\u00e3o o desenho na obra. &#8220;Se tivesse internet naquela \u00e9poca, o artista ia postar v\u00e1rias selfiezonas fazendo a obra. A\u00ed todo mundo ia saber onde ele tinha botado a assinatura&#8221;, comentar\u00e1 J\u00fanor.<\/p>\n<p>&#8220;Pois \u00e9, mas n\u00e3o tinha internet. Agora, a gente est\u00e1 procurando esse desenho da aranha embaixo&#8221;, afirmar\u00e1 Gerluce.<\/p>\n<p>Na sequ\u00eancia, Feliciano finalizar\u00e1 a procura pela est\u00e1tua, o que provocar\u00e1 ansiedade no bando do assalto e questionamentos deles.<\/p>\n<p>&#8220;Nenhum sinal da aranha&#8221;, declarar\u00e1 Feliciano.<\/p>\n<p>Ap\u00f3s ouvir, Viviane (Gabriela Loran) perguntar\u00e1 o que eles dever\u00e3o fazer em seguida. &#8220;Mas, Feliciano, a gente olhou em cada cantinho, e agora o que a gente faz?&#8221;.<\/p>\n<p>&#8220;Melhor dar adeus ao 1,5 milh\u00e3o porque se n\u00e3o tem a assinatura da aranha \u00e9 uma c\u00f3pia&#8221;, afirmar\u00e1 Feliciano.<br \/>\n<!--FIM--><br \/>\n<div class=\"pt-cv-wrapper\"><h2 class='pt-cv-heading-container heading2' data-blockid='aa8cb49py2'><span class='pt-cv-heading'> \u00daltimas da Novela <\/span><\/h2><div class=\"pt-cv-view pt-cv-grid pt-cv-colsys\" id=\"pt-cv-view-aa8cb49py2\"><div data-id=\"pt-cv-page-1\" class=\"pt-cv-page\" data-cvc=\"1\"><div class=\"col-md-12 col-sm-12 col-xs-12 pt-cv-content-item pt-cv-1-col\" ><div class='pt-cv-ifield'><h4 class=\"pt-cv-title\"><a href=\"https:\/\/www.tvnovelas.com.br\/tvnews\/tres-gracas-joaquim-propoe-fuga-a-arminda-com-o-dinheiro-das-tres-gracas\/\" class=\"_self\" target=\"_self\" >Tr\u00eas Gra\u00e7as:  Joaquim prop\u00f5e fuga a Arminda com o dinheiro das Tr\u00eas Gra\u00e7as<\/a><\/h4><\/div><\/div>\n<div class=\"col-md-12 col-sm-12 col-xs-12 pt-cv-content-item pt-cv-1-col\" ><div class='pt-cv-ifield'><h4 class=\"pt-cv-title\"><a href=\"https:\/\/www.tvnovelas.com.br\/tvnews\/tres-gracas-bagda-e-preso-por-juquinha\/\" class=\"_self\" target=\"_self\" >Tr\u00eas Gra\u00e7as:  Bagd\u00e1 \u00e9 preso por Juquinha<\/a><\/h4><\/div><\/div>\n<div class=\"col-md-12 col-sm-12 col-xs-12 pt-cv-content-item pt-cv-1-col\" ><div class='pt-cv-ifield'><h4 class=\"pt-cv-title\"><a href=\"https:\/\/www.tvnovelas.com.br\/tvnews\/os-resumos-de-tres-gracas-da-semana-27-4-a-02-de-maio\/\" class=\"_self\" target=\"_self\" >Os resumos de Tr\u00eas Gra\u00e7as da semana 27\/4 a 02 de maio<\/a><\/h4><\/div><\/div><\/div><\/div><\/div><\/p>\n<h2>Saiba mais<\/h2>\n<p><a href=\"https:\/\/tvnovelas.com.br\/novelas\/resumos-de-tres-gracas\/\" target=\"_blank\" rel=\"noopener\">Tr\u00eas Gra\u00e7as: Resumos dos cap\u00edtulos da semana<\/a><br \/>\n<a href=\"https:\/\/tvnovelas.com.br\/page2\/arquivo\/tres-gracas-aluta-para-nao-perder-a-esperanca\/\" target=\"_blank\" rel=\"noopener\">&#8216;Tr\u00eas Gra\u00e7as\u2019, a luta para n\u00e3o perder a esperan\u00e7a<\/a> (Sinopse)<br \/>\n<a href=\"https:\/\/www.tvnovelas.com.br\/tvnews\/tres-gracas-as-tres-gracas-e-suas-adversidades\/\" target=\"_blank\" rel=\"noopener\">Tr\u00eas Gra\u00e7as: As tr\u00eas Gra\u00e7as e suas adversidades<\/a><\/p>\n<div style=\"font-size: 120%;\"><h3>Confira tamb\u00e9m<\/h3>\r\n<a href=\"https:\/\/tvnovelas.com.br\/novelas\/\" rel=\"noopener\" target=\"_blank\"><strong>Todos os resumos de novelas<\/strong><\/a><\/br>\r\n<a href=\"https:\/\/www.tvnovelas.com.br\/tvnews\/\" rel=\"noopener\" target=\"_blank\"><strong>\u00daltimas not\u00edcias das novelas<\/strong><\/a><\/br>\r\n<a href=\"https:\/\/www.tvnovelas.com.br\/filmes\/\" target=\"_blank\" rel=\"noopener noreferrer\"><strong>Programa\u00e7\u00e3o de filmes na TV aberta<\/strong><\/a><\/br>\r\n<a href=\"https:\/\/caetenews.com.br\/semana\/filmes-da-globo-na-sessao-da-tarde-desta-semana\/\" target=\"_blank\" rel=\"noopener\"><strong>Confira os filmes da semana na Sess\u00e3o da Tarde<\/strong><\/a><\/br>\r\n<a href=\"https:\/\/classindportal.mj.gov.br\/consulta-filmes\" target=\"_blank\" rel=\"noopener\"><strong>Consulte a classifica\u00e7\u00e3o indicativa dos filmes e novelas<\/strong><\/a><\/br><\/div>\n","protected":false},"excerpt":{"rendered":"<p>Tr\u00eas Gra\u00e7as: Feliciano examina est\u00e1tua&#8230; Em Tr\u00eas Gra\u00e7as, Feliciano (Maciel Silva) ir\u00e1 at\u00e9 o ferro velho de Joaquim (Marcos Palmeira) na comunidade&#8230;<\/p>\n","protected":false},"author":1,"featured_media":86099,"comment_status":"closed","ping_status":"closed","sticky":false,"template":"","format":"standard","meta":{"_uf_show_specific_survey":0,"_uf_disable_surveys":false,"_jetpack_memberships_contains_paid_content":false,"footnotes":"","_wp_rev_ctl_limit":""},"categories":[1006],"tags":[5,64,1007],"class_list":["post-86098","post","type-post","status-publish","format-standard","has-post-thumbnail","hentry","category-tres-gracas","tag-globo","tag-novelas","tag-tres-gracas","wpcat-1006-id"],"aioseo_notices":[],"jetpack_featured_media_url":"https:\/\/i0.wp.com\/www.tvnovelas.com.br\/tvnews\/wp-content\/uploads\/2025\/12\/12585-1.jpg?fit=728%2C410&ssl=1","jetpack_shortlink":"https:\/\/wp.me\/pdP2BO-moG","jetpack_sharing_enabled":true,"_links":{"self":[{"href":"https:\/\/www.tvnovelas.com.br\/tvnews\/wp-json\/wp\/v2\/posts\/86098","targetHints":{"allow":["GET"]}}],"collection":[{"href":"https:\/\/www.tvnovelas.com.br\/tvnews\/wp-json\/wp\/v2\/posts"}],"about":[{"href":"https:\/\/www.tvnovelas.com.br\/tvnews\/wp-json\/wp\/v2\/types\/post"}],"author":[{"embeddable":true,"href":"https:\/\/www.tvnovelas.com.br\/tvnews\/wp-json\/wp\/v2\/users\/1"}],"replies":[{"embeddable":true,"href":"https:\/\/www.tvnovelas.com.br\/tvnews\/wp-json\/wp\/v2\/comments?post=86098"}],"version-history":[{"count":2,"href":"https:\/\/www.tvnovelas.com.br\/tvnews\/wp-json\/wp\/v2\/posts\/86098\/revisions"}],"predecessor-version":[{"id":86120,"href":"https:\/\/www.tvnovelas.com.br\/tvnews\/wp-json\/wp\/v2\/posts\/86098\/revisions\/86120"}],"wp:featuredmedia":[{"embeddable":true,"href":"https:\/\/www.tvnovelas.com.br\/tvnews\/wp-json\/wp\/v2\/media\/86099"}],"wp:attachment":[{"href":"https:\/\/www.tvnovelas.com.br\/tvnews\/wp-json\/wp\/v2\/media?parent=86098"}],"wp:term":[{"taxonomy":"category","embeddable":true,"href":"https:\/\/www.tvnovelas.com.br\/tvnews\/wp-json\/wp\/v2\/categories?post=86098"},{"taxonomy":"post_tag","embeddable":true,"href":"https:\/\/www.tvnovelas.com.br\/tvnews\/wp-json\/wp\/v2\/tags?post=86098"}],"curies":[{"name":"wp","href":"https:\/\/api.w.org\/{rel}","templated":true}]}}