{"id":86349,"date":"2025-12-24T09:43:07","date_gmt":"2025-12-24T12:43:07","guid":{"rendered":"https:\/\/www.tvnovelas.com.br\/tvnews\/?p=86349"},"modified":"2026-01-02T11:12:51","modified_gmt":"2026-01-02T14:12:51","slug":"chamas-do-destino-de-bandido-a-mocinho","status":"publish","type":"post","link":"https:\/\/www.tvnovelas.com.br\/tvnews\/chamas-do-destino-de-bandido-a-mocinho\/","title":{"rendered":"Chamas do Destino: De Vil\u00e3o a mocinho"},"content":{"rendered":"<figure id=\"attachment_86331\" aria-describedby=\"caption-attachment-86331\" style=\"width: 726px\" class=\"wp-caption aligncenter\"><img data-recalc-dims=\"1\" decoding=\"async\" class=\"wp-image-86331 size-full\" title=\"(Foto: Record\/Chamas do Destino)\" src=\"https:\/\/i0.wp.com\/www.tvnovelas.com.br\/tvnews\/wp-content\/uploads\/2025\/12\/12632.jpg?resize=726%2C410&#038;ssl=1\" alt=\"Foto em Chamas do Destino: Berkay Ate\u015f de bandido a mocinho na mesma tela\" width=\"726\" height=\"410\" srcset=\"https:\/\/i0.wp.com\/www.tvnovelas.com.br\/tvnews\/wp-content\/uploads\/2025\/12\/12632.jpg?w=726&amp;ssl=1 726w, https:\/\/i0.wp.com\/www.tvnovelas.com.br\/tvnews\/wp-content\/uploads\/2025\/12\/12632.jpg?resize=250%2C141&amp;ssl=1 250w\" sizes=\"(max-width: 726px) 100vw, 726px\" \/><figcaption id=\"caption-attachment-86331\" class=\"wp-caption-text\">Chamas do Destino: Berkay Ate\u015f de bandido a mocinho na mesma tela<\/figcaption><\/figure>\n<p>Ap\u00f3s viver o vil\u00e3o marcante, Cengiz, em M\u00e3e, Berkay Ate\u015f interpreta um jornalista \u00edntegro na nova novela turca Chamas do Destino, que estreia dia 05 de janeiro, \u00e0s 22h30, na tela da Record.<\/p>\n<p>Ser\u00e1, de fato, Berkay Ate\u015f em uma nova vers\u00e3o. Depois de interpretar um personagem violento e manipulador em M\u00e3e, o ator estreia em Chamas do Destino como Ozan Ak\u0131nsel, um jornalista sensato, idealista e \u00edntegro, que acredita no poder da informa\u00e7\u00e3o como ferramenta de justi\u00e7a e n\u00e3o mede esfor\u00e7os para investigar e denunciar abusos que muitos preferem ignorar.<\/p>\n<p>Comprometido em ser a voz de mulheres v\u00edtimas de viol\u00eancia, Ozan enfrenta riscos e press\u00f5es para defender o que considera certo. Ao longo da trama, ele se torna o principal apoio de Cemre, acompanhando de perto sua jornada e ajudando-a a encontrar for\u00e7a para lutar por dignidade e liberdade.<\/p>\n<p>Fora da televis\u00e3o, Berkay Ate\u015f construiu uma trajet\u00f3ria s\u00f3lida no teatro e no cinema, com trabalhos de destaque e premia\u00e7\u00f5es importantes, entre elas o trof\u00e9u de Melhor Ator no Festival de Cinema de Ant\u00e1lia.<br \/>\nFormado em Teatro pela Universidade Mimar Sinan, Ate\u015f \u00e9 admirado pela versatilidade e pela forma como constr\u00f3i personagens densos e desafiadores.<\/p>\n<h2>Sobre a novela:<\/h2>\n<p>Chamas do Destino narra a hist\u00f3ria de Cemre (Demet Evgar), Ruya (Dilan Cicek Deniz) e Cicek (Hazar Erguclu), que veem seus destinos mudarem para sempre ap\u00f3s uma trag\u00e9dia. A trama, \u00e9 uma vers\u00e3o turca da produ\u00e7\u00e3o francesa Le Bazar de la Charit\u00e9.<\/p>\n","protected":false},"excerpt":{"rendered":"<p>Chamas do Destino: De bandido a mocinho&#8230; Depois de interpretar um personagem violento e manipulador em M\u00e3e, o ator estreia em Chamas do Destino&#8230;<\/p>\n","protected":false},"author":1,"featured_media":86331,"comment_status":"closed","ping_status":"closed","sticky":false,"template":"","format":"standard","meta":{"_uf_show_specific_survey":0,"_uf_disable_surveys":false,"_jetpack_memberships_contains_paid_content":false,"footnotes":"","_wp_rev_ctl_limit":""},"categories":[1040],"tags":[1041,64,14],"class_list":["post-86349","post","type-post","status-publish","format-standard","has-post-thumbnail","hentry","category-chamas-do-destino","tag-chamas-do-destino","tag-novelas","tag-record","wpcat-1040-id"],"aioseo_notices":[],"jetpack_featured_media_url":"https:\/\/i0.wp.com\/www.tvnovelas.com.br\/tvnews\/wp-content\/uploads\/2025\/12\/12632.jpg?fit=726%2C410&ssl=1","jetpack_shortlink":"https:\/\/wp.me\/pdP2BO-msJ","jetpack_sharing_enabled":true,"_links":{"self":[{"href":"https:\/\/www.tvnovelas.com.br\/tvnews\/wp-json\/wp\/v2\/posts\/86349","targetHints":{"allow":["GET"]}}],"collection":[{"href":"https:\/\/www.tvnovelas.com.br\/tvnews\/wp-json\/wp\/v2\/posts"}],"about":[{"href":"https:\/\/www.tvnovelas.com.br\/tvnews\/wp-json\/wp\/v2\/types\/post"}],"author":[{"embeddable":true,"href":"https:\/\/www.tvnovelas.com.br\/tvnews\/wp-json\/wp\/v2\/users\/1"}],"replies":[{"embeddable":true,"href":"https:\/\/www.tvnovelas.com.br\/tvnews\/wp-json\/wp\/v2\/comments?post=86349"}],"version-history":[{"count":3,"href":"https:\/\/www.tvnovelas.com.br\/tvnews\/wp-json\/wp\/v2\/posts\/86349\/revisions"}],"predecessor-version":[{"id":86618,"href":"https:\/\/www.tvnovelas.com.br\/tvnews\/wp-json\/wp\/v2\/posts\/86349\/revisions\/86618"}],"wp:featuredmedia":[{"embeddable":true,"href":"https:\/\/www.tvnovelas.com.br\/tvnews\/wp-json\/wp\/v2\/media\/86331"}],"wp:attachment":[{"href":"https:\/\/www.tvnovelas.com.br\/tvnews\/wp-json\/wp\/v2\/media?parent=86349"}],"wp:term":[{"taxonomy":"category","embeddable":true,"href":"https:\/\/www.tvnovelas.com.br\/tvnews\/wp-json\/wp\/v2\/categories?post=86349"},{"taxonomy":"post_tag","embeddable":true,"href":"https:\/\/www.tvnovelas.com.br\/tvnews\/wp-json\/wp\/v2\/tags?post=86349"}],"curies":[{"name":"wp","href":"https:\/\/api.w.org\/{rel}","templated":true}]}}