{"id":86357,"date":"2025-12-24T11:24:19","date_gmt":"2025-12-24T14:24:19","guid":{"rendered":"https:\/\/www.tvnovelas.com.br\/tvnews\/?p=86357"},"modified":"2025-12-24T11:26:27","modified_gmt":"2025-12-24T14:26:27","slug":"cruel-istambul-ceren-tenta-matar-seniz","status":"publish","type":"post","link":"https:\/\/www.tvnovelas.com.br\/tvnews\/cruel-istambul-ceren-tenta-matar-seniz\/","title":{"rendered":"Cruel Istambul: Ceren tenta matar Seniz"},"content":{"rendered":"<figure id=\"attachment_86358\" aria-describedby=\"caption-attachment-86358\" style=\"width: 728px\" class=\"wp-caption aligncenter\"><img data-recalc-dims=\"1\" decoding=\"async\" class=\"wp-image-86358 size-full\" title=\"(Foto: Reprodu\u00e7\u00e3o\/Band\/Cruel Istambul)\" src=\"https:\/\/i0.wp.com\/www.tvnovelas.com.br\/tvnews\/wp-content\/uploads\/2025\/12\/12633.jpg?resize=728%2C405&#038;ssl=1\" alt=\"Foto em Cruel Istambul: Ceren tenta matar Seniz\" width=\"728\" height=\"405\" srcset=\"https:\/\/i0.wp.com\/www.tvnovelas.com.br\/tvnews\/wp-content\/uploads\/2025\/12\/12633.jpg?w=728&amp;ssl=1 728w, https:\/\/i0.wp.com\/www.tvnovelas.com.br\/tvnews\/wp-content\/uploads\/2025\/12\/12633.jpg?resize=250%2C139&amp;ssl=1 250w\" sizes=\"(max-width: 728px) 100vw, 728px\" \/><figcaption id=\"caption-attachment-86358\" class=\"wp-caption-text\">Cruel Istambul: Ceren tenta matar Seniz<\/figcaption><\/figure>\n<p>No cap\u00edtulo de Cruel Istambul desta quarta, dia 24, Ceren sai escondida do m\u00e9dico e regressa \u00e0 mans\u00e3o com um prop\u00f3sito clao. A jovem tenta matar Seniz.<\/p>\n<p>Nedim, por outro lado, obriga Seniz a esconder as marcas deixadas por Ceren.<\/p>\n<p>Confira o resumo do cap\u00edtulo de hoje:<\/p>\n<h2 style=\"color: #5a9cb5;\">Resumo de quarta-feira, 24 de dezembro<\/h2>\n<p>Nedim confronta Cenk para entender o que motivou o falecimento do feto. Todos enterram o beb\u00ea. Cenk grita com Seniz e afirma estar cansado de suas maldades. O herdeiro Kara\u00e7ay se abre com Nedim acerca da paternidade. Ceren sai escondida do m\u00e9dico e regressa \u00e0 mans\u00e3o. A jovem tenta matar a m\u00e3e de Damla. Nedim obriga Seniz a esconder as marcas deixadas por Ceren.<br \/>\n<!--FIM--><a href=\"https:\/\/wp.me\/p8dmjy-cmp\" target=\"_blank\" rel=\"noopener\">Resumos dos cap\u00edtulos de Cruel Istambul<\/a><br \/>\n<div class=\"pt-cv-wrapper\"><h2 class='pt-cv-heading-container heading2' data-blockid='b265921794'><span class='pt-cv-heading'> \u00daltimas da Novela <\/span><\/h2><div class=\"pt-cv-view pt-cv-grid pt-cv-colsys\" id=\"pt-cv-view-b265921794\"><div data-id=\"pt-cv-page-1\" class=\"pt-cv-page\" data-cvc=\"1\"><div class=\"col-md-12 col-sm-12 col-xs-12 pt-cv-content-item pt-cv-1-col\" ><div class='pt-cv-ifield'><h4 class=\"pt-cv-title\"><a href=\"https:\/\/www.tvnovelas.com.br\/tvnews\/cruel-istambul-os-ultimos-momentos-de-cenk\/\" class=\"_blank\" target=\"_blank\" >Cruel Istambul: Os \u00faltimos momentos de Cenk<\/a><\/h4><\/div><\/div>\n<div class=\"col-md-12 col-sm-12 col-xs-12 pt-cv-content-item pt-cv-1-col\" ><div class='pt-cv-ifield'><h4 class=\"pt-cv-title\"><a href=\"https:\/\/www.tvnovelas.com.br\/tvnews\/cruel-istambul-cemre-se-encontra-com-o-pai\/\" class=\"_blank\" target=\"_blank\" >Cruel Istambul: Cemre se encontra com o pai<\/a><\/h4><\/div><\/div>\n<div class=\"col-md-12 col-sm-12 col-xs-12 pt-cv-content-item pt-cv-1-col\" ><div class='pt-cv-ifield'><h4 class=\"pt-cv-title\"><a href=\"https:\/\/www.tvnovelas.com.br\/tvnews\/cruel-istambul-cemre-quer-saber-quem-e-seu-pai\/\" class=\"_blank\" target=\"_blank\" >Cruel Istambul: Cemre quer saber quem \u00e9 seu pai!<\/a><\/h4><\/div><\/div>\n<div class=\"col-md-12 col-sm-12 col-xs-12 pt-cv-content-item pt-cv-1-col\" ><div class='pt-cv-ifield'><h4 class=\"pt-cv-title\"><a href=\"https:\/\/www.tvnovelas.com.br\/tvnews\/cruel-istambul-cenk-confronta-seniz\/\" class=\"_blank\" target=\"_blank\" >Cruel Istambul: Cenk confronta Seniz<\/a><\/h4><\/div><\/div>\n<div class=\"col-md-12 col-sm-12 col-xs-12 pt-cv-content-item pt-cv-1-col\" ><div class='pt-cv-ifield'><h4 class=\"pt-cv-title\"><a href=\"https:\/\/www.tvnovelas.com.br\/tvnews\/cruel-istambul-o-estrago-de-ceren-tres-mortes-na-mansao\/\" class=\"_blank\" target=\"_blank\" >Cruel Istambul: O estrago de Ceren: tr\u00eas mortes na mans\u00e3o<\/a><\/h4><\/div><\/div><\/div><\/div><\/div><\/p>\n<div style=\"font-size: 150%;\"><h3>Confira tamb\u00e9m<\/h3>\r\n<a href=\"https:\/\/tvnovelas.com.br\/novelas\/\" rel=\"noopener\" target=\"_blank\"><strong>Todos os resumos de novelas<\/strong><\/a><\/br>\r\n<a href=\"https:\/\/www.tvnovelas.com.br\/tvnews\/\" rel=\"noopener\" target=\"_blank\"><strong>\u00daltimas not\u00edcias das novelas<\/strong><\/a><\/br>\r\n<a href=\"https:\/\/www.tvnovelas.com.br\/filmes\/\" target=\"_blank\" rel=\"noopener noreferrer\"><strong>Programa\u00e7\u00e3o de filmes na TV aberta<\/strong><\/a><\/br>\r\n<a href=\"https:\/\/caetenews.com.br\/semana\/filmes-da-globo-na-sessao-da-tarde-desta-semana\/\" target=\"_blank\" rel=\"noopener\"><strong>Confira os filmes da semana na Sess\u00e3o da Tarde<\/strong><\/a><\/br>\r\n<a href=\"https:\/\/classindportal.mj.gov.br\/consulta-filmes\" target=\"_blank\" rel=\"noopener\"><strong>Consulte a classifica\u00e7\u00e3o indicativa dos filmes e novelas<\/strong><\/a><\/br><\/div>\n","protected":false},"excerpt":{"rendered":"<p>Cruel Istambul: Ceren tenta matar Seniz&#8230; No cap\u00edtulo de Cruel Istambul desta quarta, dia 24, Ceren sai escondida do m\u00e9dico e regressa \u00e0 mans\u00e3o&#8230;<\/p>\n","protected":false},"author":1,"featured_media":86358,"comment_status":"closed","ping_status":"closed","sticky":false,"template":"","format":"standard","meta":{"_uf_show_specific_survey":0,"_uf_disable_surveys":false,"_jetpack_memberships_contains_paid_content":false,"footnotes":"","_wp_rev_ctl_limit":""},"categories":[990],"tags":[43,991,64],"class_list":["post-86357","post","type-post","status-publish","format-standard","has-post-thumbnail","hentry","category-cruel-istambul","tag-band","tag-cruel-istambul","tag-novelas","wpcat-990-id"],"aioseo_notices":[],"jetpack_featured_media_url":"https:\/\/i0.wp.com\/www.tvnovelas.com.br\/tvnews\/wp-content\/uploads\/2025\/12\/12633.jpg?fit=728%2C405&ssl=1","jetpack_shortlink":"https:\/\/wp.me\/pdP2BO-msR","jetpack_sharing_enabled":true,"_links":{"self":[{"href":"https:\/\/www.tvnovelas.com.br\/tvnews\/wp-json\/wp\/v2\/posts\/86357","targetHints":{"allow":["GET"]}}],"collection":[{"href":"https:\/\/www.tvnovelas.com.br\/tvnews\/wp-json\/wp\/v2\/posts"}],"about":[{"href":"https:\/\/www.tvnovelas.com.br\/tvnews\/wp-json\/wp\/v2\/types\/post"}],"author":[{"embeddable":true,"href":"https:\/\/www.tvnovelas.com.br\/tvnews\/wp-json\/wp\/v2\/users\/1"}],"replies":[{"embeddable":true,"href":"https:\/\/www.tvnovelas.com.br\/tvnews\/wp-json\/wp\/v2\/comments?post=86357"}],"version-history":[{"count":1,"href":"https:\/\/www.tvnovelas.com.br\/tvnews\/wp-json\/wp\/v2\/posts\/86357\/revisions"}],"predecessor-version":[{"id":86359,"href":"https:\/\/www.tvnovelas.com.br\/tvnews\/wp-json\/wp\/v2\/posts\/86357\/revisions\/86359"}],"wp:featuredmedia":[{"embeddable":true,"href":"https:\/\/www.tvnovelas.com.br\/tvnews\/wp-json\/wp\/v2\/media\/86358"}],"wp:attachment":[{"href":"https:\/\/www.tvnovelas.com.br\/tvnews\/wp-json\/wp\/v2\/media?parent=86357"}],"wp:term":[{"taxonomy":"category","embeddable":true,"href":"https:\/\/www.tvnovelas.com.br\/tvnews\/wp-json\/wp\/v2\/categories?post=86357"},{"taxonomy":"post_tag","embeddable":true,"href":"https:\/\/www.tvnovelas.com.br\/tvnews\/wp-json\/wp\/v2\/tags?post=86357"}],"curies":[{"name":"wp","href":"https:\/\/api.w.org\/{rel}","templated":true}]}}