{"id":86368,"date":"2025-12-24T22:23:23","date_gmt":"2025-12-25T01:23:23","guid":{"rendered":"https:\/\/www.tvnovelas.com.br\/tvnews\/?p=86368"},"modified":"2025-12-24T22:37:11","modified_gmt":"2025-12-25T01:37:11","slug":"mae-cengiz-engana-a-policia-e-esconde-melek-no-porta-malas","status":"publish","type":"post","link":"https:\/\/www.tvnovelas.com.br\/tvnews\/mae-cengiz-engana-a-policia-e-esconde-melek-no-porta-malas\/","title":{"rendered":"M\u00e3e: Cengiz engana a pol\u00edcia e esconde Melek no porta-malas"},"content":{"rendered":"<figure id=\"attachment_86369\" aria-describedby=\"caption-attachment-86369\" style=\"width: 728px\" class=\"wp-caption aligncenter\"><img data-recalc-dims=\"1\" decoding=\"async\" class=\"wp-image-86369 size-full\" title=\"(Foto: Record TV\/M\u00e3e)\" src=\"https:\/\/i0.wp.com\/www.tvnovelas.com.br\/tvnews\/wp-content\/uploads\/2025\/12\/12633-1.jpg?resize=728%2C411&#038;ssl=1\" alt=\"Foto em M\u00e3e: Cengiz engana a pol\u00edcia e esconde Melek no porta-malas\" width=\"728\" height=\"411\" srcset=\"https:\/\/i0.wp.com\/www.tvnovelas.com.br\/tvnews\/wp-content\/uploads\/2025\/12\/12633-1.jpg?w=728&amp;ssl=1 728w, https:\/\/i0.wp.com\/www.tvnovelas.com.br\/tvnews\/wp-content\/uploads\/2025\/12\/12633-1.jpg?resize=250%2C141&amp;ssl=1 250w\" sizes=\"(max-width: 728px) 100vw, 728px\" \/><figcaption id=\"caption-attachment-86369\" class=\"wp-caption-text\">M\u00e3e: Cengiz engana a pol\u00edcia e esconde Melek no porta-malas<\/figcaption><\/figure>\n<p>No cap\u00edtulo da novela M\u00e3e desta quinta, dia 25, Sinan decide ir at\u00e9 \u00e0 casa de Sule para checar como Melek est\u00e1, mas a visita termina cercada de mentiras. Gengiz, padrasto da menina, age com frieza, esconde a crian\u00e7a no porta-malas do carro e garante ao delegado que ela est\u00e1 na escola.<\/p>\n<p>Do outro lado da hist\u00f3ria, Cahide se v\u00ea pressionada pelos pr\u00f3prios s\u00f3cios. A decis\u00e3o de atuar como advogada no caso de Zeynep cobra um pre\u00e7o alto: amea\u00e7as diretas e o risco real de perder tudo o que construiu na empresa.<\/p>\n<p>Tomado pelo peso da consci\u00eancia, Sinan resolve abrir o jogo com Zeynep e revela tudo o que sabe sobre o motivo da pris\u00e3o de Gonul.<\/p>\n<p>Abalada, a fot\u00f3grafa busca respostas na casa da m\u00e3e biol\u00f3gica, e o impacto dessa conversa a leva at\u00e9 a resid\u00eancia da fam\u00edlia Gunes, numa tentativa desesperada de entender em quem ainda pode confiar.<\/p>\n<p>Sem not\u00edcias da filha, Sule entra em desespero e tenta localizar Cengiz a qualquer custo. Presa, Melek mostra coragem ao enganar o padrasto e levar o celular para o banheiro, mas acaba sendo flagrada e punida de forma cruel, obrigada a passar a noite trancada ali. Para completar, Sule come\u00e7a a suspeitar que est\u00e1 gr\u00e1vida, adicionando mais tens\u00e3o a um dia j\u00e1 devastador.<\/p>\n<h2>Saiba mais<\/h2>\n<p><a href=\"https:\/\/tvnovelas.com.br\/novelas\/resumos-de-novela-mae\/\" target=\"_blank\" rel=\"noopener\">Resumos dos cap\u00edtulos da semana<\/a><br \/>\n<a href=\"https:\/\/wp.me\/pfspD2-VN\" target=\"_blank\" rel=\"noopener\">M\u00e3e: Resgatando uma crian\u00e7a da viol\u00eancia<\/a><br \/>\n<div class=\"pt-cv-wrapper\"><h2 class='pt-cv-heading-container heading2' data-blockid='759454f593'><span class='pt-cv-heading'> \u00daltimas da Novela <\/span><\/h2><div class=\"pt-cv-view pt-cv-grid pt-cv-colsys\" id=\"pt-cv-view-759454f593\"><div data-id=\"pt-cv-page-1\" class=\"pt-cv-page\" data-cvc=\"1\"><div class=\"col-md-12 col-sm-12 col-xs-12 pt-cv-content-item pt-cv-1-col\" ><div class='pt-cv-ifield'><h4 class=\"pt-cv-title\"><a href=\"https:\/\/www.tvnovelas.com.br\/tvnews\/mae-o-destino-final-de-melek-e-zeynep\/\" class=\"_self\" target=\"_self\" >M\u00e3e: O destino final de Melek e Zeynep<\/a><\/h4><\/div><\/div>\n<div class=\"col-md-12 col-sm-12 col-xs-12 pt-cv-content-item pt-cv-1-col\" ><div class='pt-cv-ifield'><h4 class=\"pt-cv-title\"><a href=\"https:\/\/www.tvnovelas.com.br\/tvnews\/mae-zeynep-enfrenta-cengiz\/\" class=\"_self\" target=\"_self\" >M\u00e3e: Zeynep enfrenta Cengiz<\/a><\/h4><\/div><\/div>\n<div class=\"col-md-12 col-sm-12 col-xs-12 pt-cv-content-item pt-cv-1-col\" ><div class='pt-cv-ifield'><h4 class=\"pt-cv-title\"><a href=\"https:\/\/www.tvnovelas.com.br\/tvnews\/mae-cengiz-e-preso-sob-a-acusacao-de-assassinato\/\" class=\"_self\" target=\"_self\" >M\u00e3e: Cengiz \u00e9 preso sob a acusa\u00e7\u00e3o de assassinato<\/a><\/h4><\/div><\/div>\n<div class=\"col-md-12 col-sm-12 col-xs-12 pt-cv-content-item pt-cv-1-col\" ><div class='pt-cv-ifield'><h4 class=\"pt-cv-title\"><a href=\"https:\/\/www.tvnovelas.com.br\/tvnews\/mae-cengiz-assina-documento-renunciando-a-guarda-dos-filhos\/\" class=\"_self\" target=\"_self\" >M\u00e3e: Cengiz assina documento renunciando \u00e0 guarda dos filhos<\/a><\/h4><\/div><\/div>\n<div class=\"col-md-12 col-sm-12 col-xs-12 pt-cv-content-item pt-cv-1-col\" ><div class='pt-cv-ifield'><h4 class=\"pt-cv-title\"><a href=\"https:\/\/www.tvnovelas.com.br\/tvnews\/mae-cengiz-pode-estar-com-os-dias-contados\/\" class=\"_self\" target=\"_self\" >M\u00e3e: Cengiz pode estar com os dias contados<\/a><\/h4><\/div><\/div><\/div><\/div><\/div><br \/>\n&lt;h<\/p>\n<div style=\"font-size: 120%;\"><h3>Confira tamb\u00e9m<\/h3>\r\n<a href=\"https:\/\/tvnovelas.com.br\/novelas\/\" rel=\"noopener\" target=\"_blank\"><strong>Todos os resumos de novelas<\/strong><\/a><\/br>\r\n<a href=\"https:\/\/www.tvnovelas.com.br\/tvnews\/\" rel=\"noopener\" target=\"_blank\"><strong>\u00daltimas not\u00edcias das novelas<\/strong><\/a><\/br>\r\n<a href=\"https:\/\/www.tvnovelas.com.br\/filmes\/\" target=\"_blank\" rel=\"noopener noreferrer\"><strong>Programa\u00e7\u00e3o de filmes na TV aberta<\/strong><\/a><\/br>\r\n<a href=\"https:\/\/caetenews.com.br\/semana\/filmes-da-globo-na-sessao-da-tarde-desta-semana\/\" target=\"_blank\" rel=\"noopener\"><strong>Confira os filmes da semana na Sess\u00e3o da Tarde<\/strong><\/a><\/br>\r\n<a href=\"https:\/\/classindportal.mj.gov.br\/consulta-filmes\" target=\"_blank\" rel=\"noopener\"><strong>Consulte a classifica\u00e7\u00e3o indicativa dos filmes e novelas<\/strong><\/a><\/br><\/div>\n","protected":false},"excerpt":{"rendered":"<p>M\u00e3e: Cengiz engana a pol\u00edcia e esconde Melek no porta-malas&#8230; No cap\u00edtulo da novela M\u00e3e desta quinta, dia 25, Sinan decide ir at\u00e9 \u00e0 casa de Sule&#8230;<\/p>\n","protected":false},"author":1,"featured_media":86369,"comment_status":"closed","ping_status":"closed","sticky":false,"template":"","format":"standard","meta":{"_uf_show_specific_survey":0,"_uf_disable_surveys":false,"_jetpack_memberships_contains_paid_content":false,"footnotes":"","_wp_rev_ctl_limit":""},"categories":[1012],"tags":[1013,64,14],"class_list":["post-86368","post","type-post","status-publish","format-standard","has-post-thumbnail","hentry","category-mae","tag-mae","tag-novelas","tag-record","wpcat-1012-id"],"aioseo_notices":[],"jetpack_featured_media_url":"https:\/\/i0.wp.com\/www.tvnovelas.com.br\/tvnews\/wp-content\/uploads\/2025\/12\/12633-1.jpg?fit=728%2C411&ssl=1","jetpack_shortlink":"https:\/\/wp.me\/pdP2BO-mt2","jetpack_sharing_enabled":true,"_links":{"self":[{"href":"https:\/\/www.tvnovelas.com.br\/tvnews\/wp-json\/wp\/v2\/posts\/86368","targetHints":{"allow":["GET"]}}],"collection":[{"href":"https:\/\/www.tvnovelas.com.br\/tvnews\/wp-json\/wp\/v2\/posts"}],"about":[{"href":"https:\/\/www.tvnovelas.com.br\/tvnews\/wp-json\/wp\/v2\/types\/post"}],"author":[{"embeddable":true,"href":"https:\/\/www.tvnovelas.com.br\/tvnews\/wp-json\/wp\/v2\/users\/1"}],"replies":[{"embeddable":true,"href":"https:\/\/www.tvnovelas.com.br\/tvnews\/wp-json\/wp\/v2\/comments?post=86368"}],"version-history":[{"count":1,"href":"https:\/\/www.tvnovelas.com.br\/tvnews\/wp-json\/wp\/v2\/posts\/86368\/revisions"}],"predecessor-version":[{"id":86370,"href":"https:\/\/www.tvnovelas.com.br\/tvnews\/wp-json\/wp\/v2\/posts\/86368\/revisions\/86370"}],"wp:featuredmedia":[{"embeddable":true,"href":"https:\/\/www.tvnovelas.com.br\/tvnews\/wp-json\/wp\/v2\/media\/86369"}],"wp:attachment":[{"href":"https:\/\/www.tvnovelas.com.br\/tvnews\/wp-json\/wp\/v2\/media?parent=86368"}],"wp:term":[{"taxonomy":"category","embeddable":true,"href":"https:\/\/www.tvnovelas.com.br\/tvnews\/wp-json\/wp\/v2\/categories?post=86368"},{"taxonomy":"post_tag","embeddable":true,"href":"https:\/\/www.tvnovelas.com.br\/tvnews\/wp-json\/wp\/v2\/tags?post=86368"}],"curies":[{"name":"wp","href":"https:\/\/api.w.org\/{rel}","templated":true}]}}