{"id":86380,"date":"2025-12-25T09:28:16","date_gmt":"2025-12-25T12:28:16","guid":{"rendered":"https:\/\/www.tvnovelas.com.br\/tvnews\/?p=86380"},"modified":"2025-12-25T09:29:21","modified_gmt":"2025-12-25T12:29:21","slug":"dona-de-mim-abel-aparece-e-festeja-com-cada-membro-da-familia","status":"publish","type":"post","link":"https:\/\/www.tvnovelas.com.br\/tvnews\/dona-de-mim-abel-aparece-e-festeja-com-cada-membro-da-familia\/","title":{"rendered":"Dona de Mim: Abel \u2018aparece\u2019 e festeja com cada membro da fam\u00edlia"},"content":{"rendered":"<figure id=\"attachment_86381\" aria-describedby=\"caption-attachment-86381\" style=\"width: 728px\" class=\"wp-caption aligncenter\"><img data-recalc-dims=\"1\" decoding=\"async\" class=\"wp-image-86381 size-full\" title=\"(Foto: TV Globo\/Dona de Mim)\" src=\"https:\/\/i0.wp.com\/www.tvnovelas.com.br\/tvnews\/wp-content\/uploads\/2025\/12\/12636.jpg?resize=728%2C410&#038;ssl=1\" alt=\"Foto em Dona de Mim: Abel \u2018aparece\u2019 e festeja com cada membro da fam\u00edlia\" width=\"728\" height=\"410\" srcset=\"https:\/\/i0.wp.com\/www.tvnovelas.com.br\/tvnews\/wp-content\/uploads\/2025\/12\/12636.jpg?w=728&amp;ssl=1 728w, https:\/\/i0.wp.com\/www.tvnovelas.com.br\/tvnews\/wp-content\/uploads\/2025\/12\/12636.jpg?resize=250%2C141&amp;ssl=1 250w\" sizes=\"(max-width: 728px) 100vw, 728px\" \/><figcaption id=\"caption-attachment-86381\" class=\"wp-caption-text\">Dona de Mim: Abel \u2018aparece\u2019 e festeja com cada membro da fam\u00edlia<\/figcaption><\/figure>\n<p>Em Dona de Mim, Rosa (Suely Franco) acordar\u00e1 pensando estar na \u00e9poca de Hanuk\u00e1, uma celebra\u00e7\u00e3o judaica, e toda a fam\u00edlia Boaz se mobilizar\u00e1 para fazer a festa para ela. E, durante a comemora\u00e7\u00e3o, todos se lembrar\u00e3o de Abel (Tony Ramos), e cada um ter\u00e1 um momento especial com o falecido patriarca. Vem saber como ser\u00e1.<\/p>\n<p>\u201cSamuel, n\u00f3s temos que arrumar tudo antes do seu pai chegar! Vamos fazer uma surpresa! E adivinha o que as crian\u00e7as v\u00e3o ter que procurar pela casa? Hanuk\u00e1 guelts!\u201d, diz Rosa, esquecendo-se do falecimento de Abel.<\/p>\n<p>Rosa ir\u00e1 para a cozinha, Davi (Rafael Vitti) comprar\u00e1 moedas de chocolates, Leo (Clara Moneke) convidar\u00e1 Filipa (Cl\u00e1udia Abreu) e Sofia ir\u00e1 produzir presentes. E at\u00e9 Ellen (Camila Pitanga) estar\u00e1 por l\u00e1 para compartilhar este momento em fam\u00edlia.<\/p>\n<p>De repente, Rosa cair\u00e1 em si de que n\u00e3o \u00e9 Hanuk\u00e1, nem Natal e que Abel n\u00e3o est\u00e1 mais com eles. Mas a av\u00f3 ser\u00e1 amparada por Sofia.<\/p>\n<p>\u201cAh, meu amor, \u00e9 que eu queria tanto que o Abel estivesse com a gente. Lembra quando ele se fantasiava de Papai Noel pra voc\u00ea\u201d, diz Rosa.<\/p>\n<p>\u201cLembro&#8230; Mas vov\u00f3, o papai n\u00e3o ia gostar de ver a gente triste. Ainda mais no Natal\u201d, diz a menina.<\/p>\n<p>Ent\u00e3o, Filipa ter\u00e1 a ideia de dar a alegria de cada um de presente para Abel e, neste momento, o pr\u00f3prio \u201caparecer\u00e1\u201d e ter\u00e1 um momento especial com cada membro de sua fam\u00edlia.<\/p>\n<p>\u201cPapai, n\u00e3o vai, n\u00e3o! Fica comigo, por favorzinho!\u201d, pede Sofia.<\/p>\n<p>\u201cMe escuta, Sofia. Eu vou sempre estar com voc\u00ea! Sempre, sempre!\u201d, reage Abel.<br \/>\n<!--FIM DO POST--><br \/>\n<a href=\"https:\/\/tvnovelas.com.br\/novelas\/resumos-de-dona-de-mim\/\" target=\"_blank\" rel=\"noopener\">Resumos dos cap\u00edtulos de Dona de Mim<\/a><br \/>\n<div class=\"pt-cv-wrapper\"><h2 class='pt-cv-heading-container heading2' data-blockid='9b88c0b6t2'><span class='pt-cv-heading'> \u00daltimas da novela <\/span><\/h2><div class=\"pt-cv-view pt-cv-grid pt-cv-colsys\" id=\"pt-cv-view-9b88c0b6t2\"><div data-id=\"pt-cv-page-1\" class=\"pt-cv-page\" data-cvc=\"1\"><div class=\"col-md-12 col-sm-12 col-xs-12 pt-cv-content-item pt-cv-1-col\" ><div class='pt-cv-ifield'><h4 class=\"pt-cv-title\"><a href=\"https:\/\/www.tvnovelas.com.br\/tvnews\/dona-de-mim-abel-aparece-e-salva-sofia-do-incendio\/\" class=\"_blank\" target=\"_blank\" >Dona de Mim: Abel \u2018aparece&#8217; e salva Sofia do inc\u00eandio<\/a><\/h4><\/div><\/div>\n<div class=\"col-md-12 col-sm-12 col-xs-12 pt-cv-content-item pt-cv-1-col\" ><div class='pt-cv-ifield'><h4 class=\"pt-cv-title\"><a href=\"https:\/\/www.tvnovelas.com.br\/tvnews\/dona-de-mim-jaques-coloca-fogo-na-boaz\/\" class=\"_blank\" target=\"_blank\" >Dona de Mim: Jaques coloca fogo na Boaz<\/a><\/h4><\/div><\/div>\n<div class=\"col-md-12 col-sm-12 col-xs-12 pt-cv-content-item pt-cv-1-col\" ><div class='pt-cv-ifield'><h4 class=\"pt-cv-title\"><a href=\"https:\/\/www.tvnovelas.com.br\/tvnews\/dona-de-mim-davi-e-barbara-sofrem-grave-acidente\/\" class=\"_blank\" target=\"_blank\" >Dona de Mim: Davi e B\u00e1rbara sofrem grave acidente<\/a><\/h4><\/div><\/div><\/div><\/div><\/div><\/p>\n<div style=\"font-size: 150%;\"><h3>Confira tamb\u00e9m<\/h3>\r\n<a href=\"https:\/\/tvnovelas.com.br\/novelas\/\" rel=\"noopener\" target=\"_blank\"><strong>Todos os resumos de novelas<\/strong><\/a><\/br>\r\n<a href=\"https:\/\/www.tvnovelas.com.br\/tvnews\/\" rel=\"noopener\" target=\"_blank\"><strong>\u00daltimas not\u00edcias das novelas<\/strong><\/a><\/br>\r\n<a href=\"https:\/\/www.tvnovelas.com.br\/filmes\/\" target=\"_blank\" rel=\"noopener noreferrer\"><strong>Programa\u00e7\u00e3o de filmes na TV aberta<\/strong><\/a><\/br>\r\n<a href=\"https:\/\/caetenews.com.br\/semana\/filmes-da-globo-na-sessao-da-tarde-desta-semana\/\" target=\"_blank\" rel=\"noopener\"><strong>Confira os filmes da semana na Sess\u00e3o da Tarde<\/strong><\/a><\/br>\r\n<a href=\"https:\/\/classindportal.mj.gov.br\/consulta-filmes\" target=\"_blank\" rel=\"noopener\"><strong>Consulte a classifica\u00e7\u00e3o indicativa dos filmes e novelas<\/strong><\/a><\/br><\/div>\n","protected":false},"excerpt":{"rendered":"<p>Dona de Mim: Abel \u2018aparece\u2019 e festeja com cada membro da fam\u00edlia&#8230; Em Dona de Mim, Rosa (Suely Franco) acordar\u00e1 pensando estar na \u00e9poca&#8230;<\/p>\n","protected":false},"author":1,"featured_media":86381,"comment_status":"closed","ping_status":"closed","sticky":false,"template":"","format":"standard","meta":{"_uf_show_specific_survey":0,"_uf_disable_surveys":false,"_jetpack_memberships_contains_paid_content":false,"footnotes":"","_wp_rev_ctl_limit":""},"categories":[884],"tags":[883,5,64],"class_list":["post-86380","post","type-post","status-publish","format-standard","has-post-thumbnail","hentry","category-dona-de-mim","tag-dona-de-mim","tag-globo","tag-novelas","wpcat-884-id"],"aioseo_notices":[],"jetpack_featured_media_url":"https:\/\/i0.wp.com\/www.tvnovelas.com.br\/tvnews\/wp-content\/uploads\/2025\/12\/12636.jpg?fit=728%2C410&ssl=1","jetpack_shortlink":"https:\/\/wp.me\/pdP2BO-mte","jetpack_sharing_enabled":true,"_links":{"self":[{"href":"https:\/\/www.tvnovelas.com.br\/tvnews\/wp-json\/wp\/v2\/posts\/86380","targetHints":{"allow":["GET"]}}],"collection":[{"href":"https:\/\/www.tvnovelas.com.br\/tvnews\/wp-json\/wp\/v2\/posts"}],"about":[{"href":"https:\/\/www.tvnovelas.com.br\/tvnews\/wp-json\/wp\/v2\/types\/post"}],"author":[{"embeddable":true,"href":"https:\/\/www.tvnovelas.com.br\/tvnews\/wp-json\/wp\/v2\/users\/1"}],"replies":[{"embeddable":true,"href":"https:\/\/www.tvnovelas.com.br\/tvnews\/wp-json\/wp\/v2\/comments?post=86380"}],"version-history":[{"count":1,"href":"https:\/\/www.tvnovelas.com.br\/tvnews\/wp-json\/wp\/v2\/posts\/86380\/revisions"}],"predecessor-version":[{"id":86382,"href":"https:\/\/www.tvnovelas.com.br\/tvnews\/wp-json\/wp\/v2\/posts\/86380\/revisions\/86382"}],"wp:featuredmedia":[{"embeddable":true,"href":"https:\/\/www.tvnovelas.com.br\/tvnews\/wp-json\/wp\/v2\/media\/86381"}],"wp:attachment":[{"href":"https:\/\/www.tvnovelas.com.br\/tvnews\/wp-json\/wp\/v2\/media?parent=86380"}],"wp:term":[{"taxonomy":"category","embeddable":true,"href":"https:\/\/www.tvnovelas.com.br\/tvnews\/wp-json\/wp\/v2\/categories?post=86380"},{"taxonomy":"post_tag","embeddable":true,"href":"https:\/\/www.tvnovelas.com.br\/tvnews\/wp-json\/wp\/v2\/tags?post=86380"}],"curies":[{"name":"wp","href":"https:\/\/api.w.org\/{rel}","templated":true}]}}