{"id":86388,"date":"2025-12-25T10:06:03","date_gmt":"2025-12-25T13:06:03","guid":{"rendered":"https:\/\/www.tvnovelas.com.br\/tvnews\/?p=86388"},"modified":"2025-12-25T10:06:19","modified_gmt":"2025-12-25T13:06:19","slug":"dona-de-mim-filipa-promove-sarau-e-se-aproxima-de-danilo","status":"publish","type":"post","link":"https:\/\/www.tvnovelas.com.br\/tvnews\/dona-de-mim-filipa-promove-sarau-e-se-aproxima-de-danilo\/","title":{"rendered":"Dona de Mim: Filipa promove sarau e se aproxima de Danilo"},"content":{"rendered":"<figure id=\"attachment_86389\" aria-describedby=\"caption-attachment-86389\" style=\"width: 728px\" class=\"wp-caption aligncenter\"><img data-recalc-dims=\"1\" decoding=\"async\" class=\"wp-image-86389 size-full\" title=\"(Foto: TV Globo\/Dona de Mim)\" src=\"https:\/\/i0.wp.com\/www.tvnovelas.com.br\/tvnews\/wp-content\/uploads\/2025\/12\/12638.jpg?resize=728%2C410&#038;ssl=1\" alt=\"Foto em Dona de Mim: Filipa promove sarau e se aproxima de Danilo\" width=\"728\" height=\"410\" srcset=\"https:\/\/i0.wp.com\/www.tvnovelas.com.br\/tvnews\/wp-content\/uploads\/2025\/12\/12638.jpg?w=728&amp;ssl=1 728w, https:\/\/i0.wp.com\/www.tvnovelas.com.br\/tvnews\/wp-content\/uploads\/2025\/12\/12638.jpg?resize=250%2C141&amp;ssl=1 250w\" sizes=\"(max-width: 728px) 100vw, 728px\" \/><figcaption id=\"caption-attachment-86389\" class=\"wp-caption-text\">Dona de Mim: Filipa promove sarau e se aproxima de Danilo<\/figcaption><\/figure>\n<p>Em Dona de Mim, Filipa (Cl\u00e1udia Abreu) se mudou para S\u00e3o Crist\u00f3v\u00e3o e levou com ela a arte para o bairro. A artista vai promover um sarau na padaria de Seu Manuel (Ernani Moraes). Vai ter m\u00e1gica, cantoria, muita alegria e a aproxima\u00e7\u00e3o de Filipa e Danilo (Felipe Simas).<\/p>\n<p>Para come\u00e7ar, Filipa chamar\u00e1 Danilo para ser seu assistente de palco. Ele ser\u00e1 pego de surpresa, mas embarcar\u00e1.<\/p>\n<p>\u201cIh, n\u00e3o consigo ler minha pr\u00f3pria letra. Me ajuda aqui, Danilo! Vem! Aplausos para meu assistente de palco, o Pr\u00edncipe Danilo. Qual \u00e9 a primeira atra\u00e7\u00e3o do nosso Sarau do Porto?\u201d, diz Filipa.<\/p>\n<p>\u201cShow de m\u00e1gica com a dupla Barba &amp; Bigode\u201d, diz Danilo, ainda t\u00edmido.<\/p>\n<p>Ent\u00e3o, Ryan (L7NNON) e Ded\u00e9 (Lorenzo Reis) subir\u00e3o ao palco e far\u00e3o truques de m\u00e1gica. Depois, Yara (Cyda Moreno) cantar\u00e1 m\u00fasica de Alcione. Dara (Cec\u00edlia Chancez) e Jeff (Fa\u00edska Alves) tamb\u00e9m se apresentar\u00e3o. Peter (Pedro Fernandes) far\u00e1 um stand up comedy. Kami (Giovanna Lancellotti), Leo (Clara Moneke) e Pam (Haon\u00ea Thinar) cantar\u00e3o Anitta. Sucesso total.<\/p>\n<p>\u201cEnt\u00e3o, gostou de ser meu ajudante?\u201d, pergunta Filipa a Danilo.<\/p>\n<p>\u201cN\u00e3o estava nos meus planos, mas&#8230; Fui parar no palco, n\u00e9? Sabe isso que voc\u00ea fala? Que a arte sempre mexe com a vida da gente, sempre tem uma m\u00fasica, um filme&#8230;\u201d, responde Danilo.<\/p>\n<p>E os dois v\u00e3o come\u00e7ar a cantar Roberto Carlos.<br \/>\n<!--FIM DO POST--><br \/>\n<a href=\"https:\/\/tvnovelas.com.br\/novelas\/resumos-de-dona-de-mim\/\" target=\"_blank\" rel=\"noopener\">Resumos dos cap\u00edtulos de Dona de Mim<\/a><br \/>\n<div class=\"pt-cv-wrapper\"><h2 class='pt-cv-heading-container heading2' data-blockid='9b88c0b6t2'><span class='pt-cv-heading'> \u00daltimas da novela <\/span><\/h2><div class=\"pt-cv-view pt-cv-grid pt-cv-colsys\" id=\"pt-cv-view-9b88c0b6t2\"><div data-id=\"pt-cv-page-1\" class=\"pt-cv-page\" data-cvc=\"1\"><div class=\"col-md-12 col-sm-12 col-xs-12 pt-cv-content-item pt-cv-1-col\" ><div class='pt-cv-ifield'><h4 class=\"pt-cv-title\"><a href=\"https:\/\/www.tvnovelas.com.br\/tvnews\/dona-de-mim-abel-aparece-e-salva-sofia-do-incendio\/\" class=\"_blank\" target=\"_blank\" >Dona de Mim: Abel \u2018aparece&#8217; e salva Sofia do inc\u00eandio<\/a><\/h4><\/div><\/div>\n<div class=\"col-md-12 col-sm-12 col-xs-12 pt-cv-content-item pt-cv-1-col\" ><div class='pt-cv-ifield'><h4 class=\"pt-cv-title\"><a href=\"https:\/\/www.tvnovelas.com.br\/tvnews\/dona-de-mim-jaques-coloca-fogo-na-boaz\/\" class=\"_blank\" target=\"_blank\" >Dona de Mim: Jaques coloca fogo na Boaz<\/a><\/h4><\/div><\/div>\n<div class=\"col-md-12 col-sm-12 col-xs-12 pt-cv-content-item pt-cv-1-col\" ><div class='pt-cv-ifield'><h4 class=\"pt-cv-title\"><a href=\"https:\/\/www.tvnovelas.com.br\/tvnews\/dona-de-mim-davi-e-barbara-sofrem-grave-acidente\/\" class=\"_blank\" target=\"_blank\" >Dona de Mim: Davi e B\u00e1rbara sofrem grave acidente<\/a><\/h4><\/div><\/div><\/div><\/div><\/div><\/p>\n<div style=\"font-size: 150%;\"><h3>Confira tamb\u00e9m<\/h3>\r\n<a href=\"https:\/\/tvnovelas.com.br\/novelas\/\" rel=\"noopener\" target=\"_blank\"><strong>Todos os resumos de novelas<\/strong><\/a><\/br>\r\n<a href=\"https:\/\/www.tvnovelas.com.br\/tvnews\/\" rel=\"noopener\" target=\"_blank\"><strong>\u00daltimas not\u00edcias das novelas<\/strong><\/a><\/br>\r\n<a href=\"https:\/\/www.tvnovelas.com.br\/filmes\/\" target=\"_blank\" rel=\"noopener noreferrer\"><strong>Programa\u00e7\u00e3o de filmes na TV aberta<\/strong><\/a><\/br>\r\n<a href=\"https:\/\/caetenews.com.br\/semana\/filmes-da-globo-na-sessao-da-tarde-desta-semana\/\" target=\"_blank\" rel=\"noopener\"><strong>Confira os filmes da semana na Sess\u00e3o da Tarde<\/strong><\/a><\/br>\r\n<a href=\"https:\/\/classindportal.mj.gov.br\/consulta-filmes\" target=\"_blank\" rel=\"noopener\"><strong>Consulte a classifica\u00e7\u00e3o indicativa dos filmes e novelas<\/strong><\/a><\/br><\/div>\n","protected":false},"excerpt":{"rendered":"<p>Dona de Mim: Filipa promove sarau e se aproxima de Danilo&#8230;  Em Dona de Mim, Filipa (Cl\u00e1udia Abreu) se mudou para S\u00e3o Crist\u00f3v\u00e3o e levou&#8230;<\/p>\n","protected":false},"author":1,"featured_media":86389,"comment_status":"closed","ping_status":"closed","sticky":false,"template":"","format":"standard","meta":{"_uf_show_specific_survey":0,"_uf_disable_surveys":false,"_jetpack_memberships_contains_paid_content":false,"footnotes":"","_wp_rev_ctl_limit":""},"categories":[884],"tags":[883,5,64],"class_list":["post-86388","post","type-post","status-publish","format-standard","has-post-thumbnail","hentry","category-dona-de-mim","tag-dona-de-mim","tag-globo","tag-novelas","wpcat-884-id"],"aioseo_notices":[],"jetpack_featured_media_url":"https:\/\/i0.wp.com\/www.tvnovelas.com.br\/tvnews\/wp-content\/uploads\/2025\/12\/12638.jpg?fit=728%2C410&ssl=1","jetpack_shortlink":"https:\/\/wp.me\/pdP2BO-mtm","jetpack_sharing_enabled":true,"_links":{"self":[{"href":"https:\/\/www.tvnovelas.com.br\/tvnews\/wp-json\/wp\/v2\/posts\/86388","targetHints":{"allow":["GET"]}}],"collection":[{"href":"https:\/\/www.tvnovelas.com.br\/tvnews\/wp-json\/wp\/v2\/posts"}],"about":[{"href":"https:\/\/www.tvnovelas.com.br\/tvnews\/wp-json\/wp\/v2\/types\/post"}],"author":[{"embeddable":true,"href":"https:\/\/www.tvnovelas.com.br\/tvnews\/wp-json\/wp\/v2\/users\/1"}],"replies":[{"embeddable":true,"href":"https:\/\/www.tvnovelas.com.br\/tvnews\/wp-json\/wp\/v2\/comments?post=86388"}],"version-history":[{"count":1,"href":"https:\/\/www.tvnovelas.com.br\/tvnews\/wp-json\/wp\/v2\/posts\/86388\/revisions"}],"predecessor-version":[{"id":86390,"href":"https:\/\/www.tvnovelas.com.br\/tvnews\/wp-json\/wp\/v2\/posts\/86388\/revisions\/86390"}],"wp:featuredmedia":[{"embeddable":true,"href":"https:\/\/www.tvnovelas.com.br\/tvnews\/wp-json\/wp\/v2\/media\/86389"}],"wp:attachment":[{"href":"https:\/\/www.tvnovelas.com.br\/tvnews\/wp-json\/wp\/v2\/media?parent=86388"}],"wp:term":[{"taxonomy":"category","embeddable":true,"href":"https:\/\/www.tvnovelas.com.br\/tvnews\/wp-json\/wp\/v2\/categories?post=86388"},{"taxonomy":"post_tag","embeddable":true,"href":"https:\/\/www.tvnovelas.com.br\/tvnews\/wp-json\/wp\/v2\/tags?post=86388"}],"curies":[{"name":"wp","href":"https:\/\/api.w.org\/{rel}","templated":true}]}}