{"id":86460,"date":"2025-12-27T09:59:58","date_gmt":"2025-12-27T12:59:58","guid":{"rendered":"https:\/\/www.tvnovelas.com.br\/tvnews\/?p=86460"},"modified":"2025-12-27T09:59:58","modified_gmt":"2025-12-27T12:59:58","slug":"tres-gracas-junior-fica-em-panico-com-alerta-de-feliciano","status":"publish","type":"post","link":"https:\/\/www.tvnovelas.com.br\/tvnews\/tres-gracas-junior-fica-em-panico-com-alerta-de-feliciano\/","title":{"rendered":"Tr\u00eas Gra\u00e7as: J\u00fanior fica em p\u00e2nico com alerta de Feliciano"},"content":{"rendered":"<figure id=\"attachment_86461\" aria-describedby=\"caption-attachment-86461\" style=\"width: 728px\" class=\"wp-caption aligncenter\"><img data-recalc-dims=\"1\" decoding=\"async\" class=\"wp-image-86461 size-full\" title=\"(Foto: TV Globo\/Tr\u00eas Gra\u00e7as)\" src=\"https:\/\/i0.wp.com\/www.tvnovelas.com.br\/tvnews\/wp-content\/uploads\/2025\/12\/12653.jpg?resize=728%2C410&#038;ssl=1\" alt=\"Foto em Tr\u00eas Gra\u00e7as: J\u00fanior fica em p\u00e2nico com alerta de Feliciano\" width=\"728\" height=\"410\" srcset=\"https:\/\/i0.wp.com\/www.tvnovelas.com.br\/tvnews\/wp-content\/uploads\/2025\/12\/12653.jpg?w=728&amp;ssl=1 728w, https:\/\/i0.wp.com\/www.tvnovelas.com.br\/tvnews\/wp-content\/uploads\/2025\/12\/12653.jpg?resize=250%2C141&amp;ssl=1 250w\" sizes=\"(max-width: 728px) 100vw, 728px\" \/><figcaption id=\"caption-attachment-86461\" class=\"wp-caption-text\">Tr\u00eas Gra\u00e7as: J\u00fanior fica em p\u00e2nico com alerta de Feliciano<\/figcaption><\/figure>\n<p>Em Tr\u00eas Gra\u00e7as, J\u00fanior encontrou um negociador para a venda da est\u00e1tua que Gerluce roubou da mans\u00e3o de Arminda: Feliciano, que chegou a sondar Kasper para repassar a obra de arte e conseguir um comprador.<\/p>\n<p>Disposta a se vingar do tio ap\u00f3s descobrir que est\u00e1 fora do testamento, Luc\u00e9lia decidiu ganhar um dinheiro em cima da escultura e mandou um email an\u00f4nimo para Ferette vendendo informa\u00e7\u00f5es sobre a pe\u00e7a.<\/p>\n<p>Foi assim que o empres\u00e1rio chegou a Feliciano e deu aquele susto no negociador. Nos pr\u00f3ximos cap\u00edtulos, ele procura J\u00fanior e o alerta sobre o vil\u00e3o.<\/p>\n<p>&#8220;Me deu maior dura perguntando das Tr\u00eas Gra\u00e7as&#8221;, avisa Feliciano.<\/p>\n<p>&#8220;O senhor n\u00e3o falou que a est\u00e1tua t\u00e1 aqui com a gente, n\u00e9?&#8221;, pergunta J\u00fanior.<\/p>\n<p>&#8220;Claro que n\u00e3o, sou cascudo! Mas voc\u00eas fiquem ligados. O homem t\u00e1 no rastro&#8230; E n\u00e3o t\u00e1 de brincadeira! At\u00e9 me amea\u00e7aram l\u00e1&#8221;, completa Feliciano.<br \/>\n<!--FIM--><br \/>\n<div class=\"pt-cv-wrapper\"><h2 class='pt-cv-heading-container heading2' data-blockid='aa8cb49py2'><span class='pt-cv-heading'> \u00daltimas da Novela <\/span><\/h2><div class=\"pt-cv-view pt-cv-grid pt-cv-colsys\" id=\"pt-cv-view-aa8cb49py2\"><div data-id=\"pt-cv-page-1\" class=\"pt-cv-page\" data-cvc=\"1\"><div class=\"col-md-12 col-sm-12 col-xs-12 pt-cv-content-item pt-cv-1-col\" ><div class='pt-cv-ifield'><h4 class=\"pt-cv-title\"><a href=\"https:\/\/www.tvnovelas.com.br\/tvnews\/tres-gracas-joaquim-propoe-fuga-a-arminda-com-o-dinheiro-das-tres-gracas\/\" class=\"_self\" target=\"_self\" >Tr\u00eas Gra\u00e7as:  Joaquim prop\u00f5e fuga a Arminda com o dinheiro das Tr\u00eas Gra\u00e7as<\/a><\/h4><\/div><\/div>\n<div class=\"col-md-12 col-sm-12 col-xs-12 pt-cv-content-item pt-cv-1-col\" ><div class='pt-cv-ifield'><h4 class=\"pt-cv-title\"><a href=\"https:\/\/www.tvnovelas.com.br\/tvnews\/tres-gracas-bagda-e-preso-por-juquinha\/\" class=\"_self\" target=\"_self\" >Tr\u00eas Gra\u00e7as:  Bagd\u00e1 \u00e9 preso por Juquinha<\/a><\/h4><\/div><\/div>\n<div class=\"col-md-12 col-sm-12 col-xs-12 pt-cv-content-item pt-cv-1-col\" ><div class='pt-cv-ifield'><h4 class=\"pt-cv-title\"><a href=\"https:\/\/www.tvnovelas.com.br\/tvnews\/os-resumos-de-tres-gracas-da-semana-27-4-a-02-de-maio\/\" class=\"_self\" target=\"_self\" >Os resumos de Tr\u00eas Gra\u00e7as da semana 27\/4 a 02 de maio<\/a><\/h4><\/div><\/div><\/div><\/div><\/div><\/p>\n<h2>Saiba mais<\/h2>\n<p><a href=\"https:\/\/tvnovelas.com.br\/novelas\/resumos-de-tres-gracas\/\" target=\"_blank\" rel=\"noopener\">Tr\u00eas Gra\u00e7as: Resumos dos cap\u00edtulos da semana<\/a><br \/>\n<a href=\"https:\/\/tvnovelas.com.br\/page2\/arquivo\/tres-gracas-aluta-para-nao-perder-a-esperanca\/\" target=\"_blank\" rel=\"noopener\">&#8216;Tr\u00eas Gra\u00e7as\u2019, a luta para n\u00e3o perder a esperan\u00e7a<\/a> (Sinopse)<br \/>\n<a href=\"https:\/\/www.tvnovelas.com.br\/tvnews\/tres-gracas-as-tres-gracas-e-suas-adversidades\/\" target=\"_blank\" rel=\"noopener\">Tr\u00eas Gra\u00e7as: As tr\u00eas Gra\u00e7as e suas adversidades<\/a><\/p>\n<div style=\"font-size: 120%;\"><h3>Confira tamb\u00e9m<\/h3>\r\n<a href=\"https:\/\/tvnovelas.com.br\/novelas\/\" rel=\"noopener\" target=\"_blank\"><strong>Todos os resumos de novelas<\/strong><\/a><\/br>\r\n<a href=\"https:\/\/www.tvnovelas.com.br\/tvnews\/\" rel=\"noopener\" target=\"_blank\"><strong>\u00daltimas not\u00edcias das novelas<\/strong><\/a><\/br>\r\n<a href=\"https:\/\/www.tvnovelas.com.br\/filmes\/\" target=\"_blank\" rel=\"noopener noreferrer\"><strong>Programa\u00e7\u00e3o de filmes na TV aberta<\/strong><\/a><\/br>\r\n<a href=\"https:\/\/caetenews.com.br\/semana\/filmes-da-globo-na-sessao-da-tarde-desta-semana\/\" target=\"_blank\" rel=\"noopener\"><strong>Confira os filmes da semana na Sess\u00e3o da Tarde<\/strong><\/a><\/br>\r\n<a href=\"https:\/\/classindportal.mj.gov.br\/consulta-filmes\" target=\"_blank\" rel=\"noopener\"><strong>Consulte a classifica\u00e7\u00e3o indicativa dos filmes e novelas<\/strong><\/a><\/br><\/div>\n","protected":false},"excerpt":{"rendered":"<p>Tr\u00eas Gra\u00e7as: J\u00fanior fica em p\u00e2nico com alerta de Feliciano&#8230;. Em Tr\u00eas Gra\u00e7as, J\u00fanior encontrou um negociador para a venda da est\u00e1tua que Gerluce&#8230;<\/p>\n","protected":false},"author":1,"featured_media":86461,"comment_status":"closed","ping_status":"closed","sticky":false,"template":"","format":"standard","meta":{"_uf_show_specific_survey":0,"_uf_disable_surveys":false,"_jetpack_memberships_contains_paid_content":false,"footnotes":"","_wp_rev_ctl_limit":""},"categories":[1006],"tags":[5,64,1007],"class_list":["post-86460","post","type-post","status-publish","format-standard","has-post-thumbnail","hentry","category-tres-gracas","tag-globo","tag-novelas","tag-tres-gracas","wpcat-1006-id"],"aioseo_notices":[],"jetpack_featured_media_url":"https:\/\/i0.wp.com\/www.tvnovelas.com.br\/tvnews\/wp-content\/uploads\/2025\/12\/12653.jpg?fit=728%2C410&ssl=1","jetpack_shortlink":"https:\/\/wp.me\/pdP2BO-muw","jetpack_sharing_enabled":true,"_links":{"self":[{"href":"https:\/\/www.tvnovelas.com.br\/tvnews\/wp-json\/wp\/v2\/posts\/86460","targetHints":{"allow":["GET"]}}],"collection":[{"href":"https:\/\/www.tvnovelas.com.br\/tvnews\/wp-json\/wp\/v2\/posts"}],"about":[{"href":"https:\/\/www.tvnovelas.com.br\/tvnews\/wp-json\/wp\/v2\/types\/post"}],"author":[{"embeddable":true,"href":"https:\/\/www.tvnovelas.com.br\/tvnews\/wp-json\/wp\/v2\/users\/1"}],"replies":[{"embeddable":true,"href":"https:\/\/www.tvnovelas.com.br\/tvnews\/wp-json\/wp\/v2\/comments?post=86460"}],"version-history":[{"count":2,"href":"https:\/\/www.tvnovelas.com.br\/tvnews\/wp-json\/wp\/v2\/posts\/86460\/revisions"}],"predecessor-version":[{"id":86463,"href":"https:\/\/www.tvnovelas.com.br\/tvnews\/wp-json\/wp\/v2\/posts\/86460\/revisions\/86463"}],"wp:featuredmedia":[{"embeddable":true,"href":"https:\/\/www.tvnovelas.com.br\/tvnews\/wp-json\/wp\/v2\/media\/86461"}],"wp:attachment":[{"href":"https:\/\/www.tvnovelas.com.br\/tvnews\/wp-json\/wp\/v2\/media?parent=86460"}],"wp:term":[{"taxonomy":"category","embeddable":true,"href":"https:\/\/www.tvnovelas.com.br\/tvnews\/wp-json\/wp\/v2\/categories?post=86460"},{"taxonomy":"post_tag","embeddable":true,"href":"https:\/\/www.tvnovelas.com.br\/tvnews\/wp-json\/wp\/v2\/tags?post=86460"}],"curies":[{"name":"wp","href":"https:\/\/api.w.org\/{rel}","templated":true}]}}