{"id":86638,"date":"2026-01-02T17:18:16","date_gmt":"2026-01-02T20:18:16","guid":{"rendered":"https:\/\/www.tvnovelas.com.br\/tvnews\/?p=86638"},"modified":"2026-01-02T17:18:16","modified_gmt":"2026-01-02T20:18:16","slug":"o-que-acontece-em-tres-gracas-na-semana-05-a-10-01","status":"publish","type":"post","link":"https:\/\/www.tvnovelas.com.br\/tvnews\/o-que-acontece-em-tres-gracas-na-semana-05-a-10-01\/","title":{"rendered":"O que acontece em Tr\u00eas Gra\u00e7as na semana 05 a 10\/01"},"content":{"rendered":"<div style=\"background-color: #f6f3c2; border-style: solid; border-width: 0px 0px 10px 0px; solid green; border-radius: 30px; padding: 10px; font-size: 125%; text-align: justify;\">\n.<br \/>\n<figure id=\"attachment_86641\" aria-describedby=\"caption-attachment-86641\" style=\"width: 728px\" class=\"wp-caption aligncenter\"><img data-recalc-dims=\"1\" decoding=\"async\" class=\"wp-image-86641 size-full\" title=\"(Foto: TV Globo\/Tr\u00eas Gra\u00e7as)\" src=\"https:\/\/i0.wp.com\/www.tvnovelas.com.br\/tvnews\/wp-content\/uploads\/2026\/01\/12688.jpg?resize=728%2C410&#038;ssl=1\" alt=\"Foto em O que acontece em Tr\u00eas Gra\u00e7as na semana 05 a 10\/01\" width=\"728\" height=\"410\" srcset=\"https:\/\/i0.wp.com\/www.tvnovelas.com.br\/tvnews\/wp-content\/uploads\/2026\/01\/12688.jpg?w=728&amp;ssl=1 728w, https:\/\/i0.wp.com\/www.tvnovelas.com.br\/tvnews\/wp-content\/uploads\/2026\/01\/12688.jpg?resize=250%2C141&amp;ssl=1 250w\" sizes=\"(max-width: 728px) 100vw, 728px\" \/><figcaption id=\"caption-attachment-86641\" class=\"wp-caption-text\">O que acontece em Tr\u00eas Gra\u00e7as na semana 05 a 10\/01<\/figcaption><\/figure><br \/>\n<strong style=\"color: #6E026F; font-size: 120%;\">Nos pr\u00f3ximos cap\u00edtulos de Tr\u00eas Gra\u00e7as, <\/strong><span style=\"color: #6E026F; font-size: 120%;\">Arminda se depara com Rog\u00e9rio em seu quarto e entra em p\u00e2nico; Ferette avisa a Arminda que acabar\u00e1 com Rog\u00e9rio; Rog\u00e9rio mente para Ferette e Arminda, que n\u00e3o se lembra de nada antes da explos\u00e3o Gerluce se depara com Raul entre pessoas em situa\u00e7\u00e3o de rua; Kasper avisa a Ferette que a pol\u00edcia tamb\u00e9m est\u00e1 interessada nas Tr\u00eas Gra\u00e7a&#8230;<\/span><\/div>\n<p>&#8230;<\/span><\/div>\n<h2 style=\"color: #6e026f;\">Resumo de segunda-feira, 05 de janeiro<\/h2>\n<p>Josefa tem um encontro afetuoso com Rog\u00e9rio. Rog\u00e9rio observa com ternura Raul dormindo. Rog\u00e9rio se recorda de quando descobriu as falcatruas e trai\u00e7\u00f5es de Ferette e Arminda, e lembra de como sua morte foi forjada pelo s\u00f3cio e pela mulher. Arminda n\u00e3o acredita em Josefa, quando ela conta \u00e0 filha que Rog\u00e9rio a visitou. Arminda se depara com Rog\u00e9rio em seu quarto e entra em p\u00e2nico.<\/p>\n<h2 style=\"color: #6e026f;\">Resumo de ter\u00e7a-feira, 06 de janeiro<\/h2>\n<p>Rog\u00e9rio ironiza Arminda, que pede a C\u00e9lio para lev\u00e1-la \u00e0 Funda\u00e7\u00e3o. Raul se emociona com a volta do pai. Ferette avisa a Arminda que acabar\u00e1 com Rog\u00e9rio. Rog\u00e9rio revela a Gerluce que \u00e9 o cliente que Claudia disse estar interessado na compra da escultura, e afirma estar ao lado da cuidadora. Paulinho e Juquinha visitam Kasper para saber do roubo das Tr\u00eas Gra\u00e7as, e ambos desconfiam do marchand. Kasper avisa a Ferette da visita dos policiais. Ferette se depara com Rog\u00e9rio, que afirma que o s\u00f3cio est\u00e1 com a cara mais deslavada do que antes.<\/p>\n<h2 style=\"color: #6e026f;\">Resumo de quarta-feira, 07 de janeiro<\/h2>\n<p>Rog\u00e9rio mente para Ferette e Arminda, afirmando que n\u00e3o se lembra de nada antes da explos\u00e3o. Arminda comenta com Ferette que n\u00e3o acredita na falta de mem\u00f3ria de Rog\u00e9rio. Jo\u00e9lly revela a L\u00edgia que Raul \u00e9 o pai de seu filho. Rog\u00e9rio promete ajudar Raul. Jos\u00e9 Maria mostra para X\u00eanica o resultado dos exames que comprovam que os medicamentos da Funda\u00e7\u00e3o n\u00e3o fazem efeito. Ferette se surpreende ao ver Zenilda na sua sala, reivindicando um trabalho na \u00e1rea jur\u00eddica da Funda\u00e7\u00e3o. Josefa escuta atr\u00e1s da porta Ferette dizer a Arminda que tem planos para matar Rog\u00e9rio.<\/p>\n<h2 style=\"color: #6e026f;\">Resumo de quinta-feira, 08 de janeiro<\/h2>\n<p>Josefa conta a Gerluce que Arminda e Ferette planejam matar Rog\u00e9rio. Gerluce segue orienta\u00e7\u00e3o de Rog\u00e9rio e n\u00e3o conta nada do plano a Paulinho. L\u00edgia fica sabendo da volta de Rog\u00e9rio por Gerluce. Jo\u00e9lly avisa a Raul que L\u00edgia j\u00e1 sabe que ele \u00e9 o pai de seu filho. Vicente entra com Ferette na casa de Arminda. Ferette pega a arma de Vicente e atira contra Rog\u00e9rio.<\/p>\n<h2 style=\"color: #6e026f;\">Resumo de sexta-feira, 09 de janeiro<\/h2>\n<p>Ferette deixa a casa de Arminda \u00e0s pressas com Vicente, ao ver que atirou contra uma montagem de travesseiros. Arminda se recusa a chamar a pol\u00edcia e tem um acesso de raiva. Zenilda desconfia por Ferette n\u00e3o deix\u00e1-la acompanh\u00e1-lo \u00e0 casa de Arminda. Viviane e Leonardo pensam um no outro. Lorena diz a Juquinha que receia que o pai possa estar envolvido com a suposta morte de Rog\u00e9rio. Rog\u00e9rio manda uma mensagem de agradecimento a Gerluce. L\u00edgia manda Jo\u00e9lly contar a Gerluce quem \u00e9 o pai de seu beb\u00ea. Josefa sente falta de Raul. Gerluce se depara com Raul entre pessoas em situa\u00e7\u00e3o de rua. Raul foge de Gerluce, dizendo que nunca mais voltar\u00e1 para casa.<\/p>\n<h2 style=\"color: #6e026f;\">Resumo de s\u00e1bado, 10 de janeiro<\/h2>\n<p>Josefa fica horrorizada ao saber que Gerluce viu Raul dormindo na rua. Ferette inventa para Zenilda que Rog\u00e9rio surtou e desapareceu de novo. Zenilda desconfia de Ferette e pede a Lorena para lhe apresentar Juquinha. Jo\u00e9lly passa mal ao receber uma liga\u00e7\u00e3o dizendo que Raul est\u00e1 morto. Viviane fica intrigada quando Selma conta que Jo\u00e9lly chamou por Raul antes de desmaiar. Jorginho leva Jo\u00e9lly para casa. Lorena fala a Juquinha que Zenilda quer conversar com a estagi\u00e1ria sobre o inqu\u00e9rito da morte de Rog\u00e9rio. Herculano comenta com Samira que Lena continua achando que est\u00e1 gr\u00e1vida de verdade. Kasper avisa a Ferette que a pol\u00edcia tamb\u00e9m est\u00e1 interessada nas Tr\u00eas Gra\u00e7as. Jo\u00e9lly passa mal novamente, e L\u00edgia pede ajuda a Joaquim.<br \/>\n<!--FIM--><br \/>\n<div class=\"pt-cv-wrapper\"><h2 class='pt-cv-heading-container heading2' data-blockid='aa8cb49py2'><span class='pt-cv-heading'> \u00daltimas da Novela <\/span><\/h2><div class=\"pt-cv-view pt-cv-grid pt-cv-colsys\" id=\"pt-cv-view-aa8cb49py2\"><div data-id=\"pt-cv-page-1\" class=\"pt-cv-page\" data-cvc=\"1\"><div class=\"col-md-12 col-sm-12 col-xs-12 pt-cv-content-item pt-cv-1-col\" ><div class='pt-cv-ifield'><h4 class=\"pt-cv-title\"><a href=\"https:\/\/www.tvnovelas.com.br\/tvnews\/tres-gracas-joaquim-propoe-fuga-a-arminda-com-o-dinheiro-das-tres-gracas\/\" class=\"_self\" target=\"_self\" >Tr\u00eas Gra\u00e7as:  Joaquim prop\u00f5e fuga a Arminda com o dinheiro das Tr\u00eas Gra\u00e7as<\/a><\/h4><\/div><\/div>\n<div class=\"col-md-12 col-sm-12 col-xs-12 pt-cv-content-item pt-cv-1-col\" ><div class='pt-cv-ifield'><h4 class=\"pt-cv-title\"><a href=\"https:\/\/www.tvnovelas.com.br\/tvnews\/tres-gracas-bagda-e-preso-por-juquinha\/\" class=\"_self\" target=\"_self\" >Tr\u00eas Gra\u00e7as:  Bagd\u00e1 \u00e9 preso por Juquinha<\/a><\/h4><\/div><\/div>\n<div class=\"col-md-12 col-sm-12 col-xs-12 pt-cv-content-item pt-cv-1-col\" ><div class='pt-cv-ifield'><h4 class=\"pt-cv-title\"><a href=\"https:\/\/www.tvnovelas.com.br\/tvnews\/os-resumos-de-tres-gracas-da-semana-27-4-a-02-de-maio\/\" class=\"_self\" target=\"_self\" >Os resumos de Tr\u00eas Gra\u00e7as da semana 27\/4 a 02 de maio<\/a><\/h4><\/div><\/div><\/div><\/div><\/div><\/p>\n<h2>Saiba mais<\/h2>\n<p><a href=\"https:\/\/tvnovelas.com.br\/novelas\/resumos-de-tres-gracas\/\" target=\"_blank\" rel=\"noopener\">Tr\u00eas Gra\u00e7as: Resumos dos cap\u00edtulos da semana<\/a><br \/>\n<a href=\"https:\/\/tvnovelas.com.br\/page2\/arquivo\/tres-gracas-aluta-para-nao-perder-a-esperanca\/\" target=\"_blank\" rel=\"noopener\">&#8216;Tr\u00eas Gra\u00e7as\u2019, a luta para n\u00e3o perder a esperan\u00e7a<\/a> (Sinopse)<br \/>\n<a href=\"https:\/\/www.tvnovelas.com.br\/tvnews\/tres-gracas-as-tres-gracas-e-suas-adversidades\/\" target=\"_blank\" rel=\"noopener\">Tr\u00eas Gra\u00e7as: As tr\u00eas Gra\u00e7as e suas adversidades<\/a><\/p>\n<div style=\"font-size: 120%;\"><h3>Confira tamb\u00e9m<\/h3>\r\n<a href=\"https:\/\/tvnovelas.com.br\/novelas\/\" rel=\"noopener\" target=\"_blank\"><strong>Todos os resumos de novelas<\/strong><\/a><\/br>\r\n<a href=\"https:\/\/www.tvnovelas.com.br\/tvnews\/\" rel=\"noopener\" target=\"_blank\"><strong>\u00daltimas not\u00edcias das novelas<\/strong><\/a><\/br>\r\n<a href=\"https:\/\/www.tvnovelas.com.br\/filmes\/\" target=\"_blank\" rel=\"noopener noreferrer\"><strong>Programa\u00e7\u00e3o de filmes na TV aberta<\/strong><\/a><\/br>\r\n<a href=\"https:\/\/caetenews.com.br\/semana\/filmes-da-globo-na-sessao-da-tarde-desta-semana\/\" target=\"_blank\" rel=\"noopener\"><strong>Confira os filmes da semana na Sess\u00e3o da Tarde<\/strong><\/a><\/br>\r\n<a href=\"https:\/\/classindportal.mj.gov.br\/consulta-filmes\" target=\"_blank\" rel=\"noopener\"><strong>Consulte a classifica\u00e7\u00e3o indicativa dos filmes e novelas<\/strong><\/a><\/br><\/div>\n","protected":false},"excerpt":{"rendered":"<p>O que acontece em Tr\u00eas Gra\u00e7as na semana 05 a 10\/01&#8230; Nos pr\u00f3ximos cap\u00edtulos de Tr\u00eas Gra\u00e7as, Arminda se depara com Rog\u00e9rio em seu quarto e entra&#8230;<\/p>\n","protected":false},"author":1,"featured_media":86641,"comment_status":"closed","ping_status":"closed","sticky":false,"template":"","format":"standard","meta":{"_uf_show_specific_survey":0,"_uf_disable_surveys":false,"_jetpack_memberships_contains_paid_content":false,"footnotes":"","_wp_rev_ctl_limit":""},"categories":[353,1006],"tags":[5,64,1007],"class_list":["post-86638","post","type-post","status-publish","format-standard","has-post-thumbnail","hentry","category-resumos-de-novelas","category-tres-gracas","tag-globo","tag-novelas","tag-tres-gracas","wpcat-353-id","wpcat-1006-id"],"aioseo_notices":[],"jetpack_featured_media_url":"https:\/\/i0.wp.com\/www.tvnovelas.com.br\/tvnews\/wp-content\/uploads\/2026\/01\/12688.jpg?fit=728%2C410&ssl=1","jetpack_shortlink":"https:\/\/wp.me\/pdP2BO-mxo","jetpack_sharing_enabled":true,"_links":{"self":[{"href":"https:\/\/www.tvnovelas.com.br\/tvnews\/wp-json\/wp\/v2\/posts\/86638","targetHints":{"allow":["GET"]}}],"collection":[{"href":"https:\/\/www.tvnovelas.com.br\/tvnews\/wp-json\/wp\/v2\/posts"}],"about":[{"href":"https:\/\/www.tvnovelas.com.br\/tvnews\/wp-json\/wp\/v2\/types\/post"}],"author":[{"embeddable":true,"href":"https:\/\/www.tvnovelas.com.br\/tvnews\/wp-json\/wp\/v2\/users\/1"}],"replies":[{"embeddable":true,"href":"https:\/\/www.tvnovelas.com.br\/tvnews\/wp-json\/wp\/v2\/comments?post=86638"}],"version-history":[{"count":4,"href":"https:\/\/www.tvnovelas.com.br\/tvnews\/wp-json\/wp\/v2\/posts\/86638\/revisions"}],"predecessor-version":[{"id":86644,"href":"https:\/\/www.tvnovelas.com.br\/tvnews\/wp-json\/wp\/v2\/posts\/86638\/revisions\/86644"}],"wp:featuredmedia":[{"embeddable":true,"href":"https:\/\/www.tvnovelas.com.br\/tvnews\/wp-json\/wp\/v2\/media\/86641"}],"wp:attachment":[{"href":"https:\/\/www.tvnovelas.com.br\/tvnews\/wp-json\/wp\/v2\/media?parent=86638"}],"wp:term":[{"taxonomy":"category","embeddable":true,"href":"https:\/\/www.tvnovelas.com.br\/tvnews\/wp-json\/wp\/v2\/categories?post=86638"},{"taxonomy":"post_tag","embeddable":true,"href":"https:\/\/www.tvnovelas.com.br\/tvnews\/wp-json\/wp\/v2\/tags?post=86638"}],"curies":[{"name":"wp","href":"https:\/\/api.w.org\/{rel}","templated":true}]}}