{"id":86706,"date":"2026-01-05T11:57:42","date_gmt":"2026-01-05T14:57:42","guid":{"rendered":"https:\/\/www.tvnovelas.com.br\/tvnews\/?p=86706"},"modified":"2026-01-05T11:57:42","modified_gmt":"2026-01-05T14:57:42","slug":"chamas-do-destino-demet-evgar-vive-a-protagonista-da-novela","status":"publish","type":"post","link":"https:\/\/www.tvnovelas.com.br\/tvnews\/chamas-do-destino-demet-evgar-vive-a-protagonista-da-novela\/","title":{"rendered":"Chamas do Destino: Demet Evgar vive a protagonista da novela"},"content":{"rendered":"<figure id=\"attachment_86707\" aria-describedby=\"caption-attachment-86707\" style=\"width: 723px\" class=\"wp-caption aligncenter\"><img data-recalc-dims=\"1\" decoding=\"async\" class=\"wp-image-86707 size-full\" title=\"(Foto: Record\/Chamas do Destino)\" src=\"https:\/\/i0.wp.com\/www.tvnovelas.com.br\/tvnews\/wp-content\/uploads\/2026\/01\/12645.jpg?resize=723%2C410&#038;ssl=1\" alt=\"Foto em Chamas do Destino: Demet Evgar vive a protagonista da novela\" width=\"723\" height=\"410\" srcset=\"https:\/\/i0.wp.com\/www.tvnovelas.com.br\/tvnews\/wp-content\/uploads\/2026\/01\/12645.jpg?w=723&amp;ssl=1 723w, https:\/\/i0.wp.com\/www.tvnovelas.com.br\/tvnews\/wp-content\/uploads\/2026\/01\/12645.jpg?resize=250%2C142&amp;ssl=1 250w\" sizes=\"(max-width: 723px) 100vw, 723px\" \/><figcaption id=\"caption-attachment-86707\" class=\"wp-caption-text\">Chamas do Destino: Demet Evgar vive a protagonista da novela<\/figcaption><\/figure>\n<p>Chamas do Destino, vers\u00e3o turca da produ\u00e7\u00e3o francesa Le Bazar de la Charit\u00e9 e in\u00e9dita na TV aberta, estreia na Record nesta segunda, dia 05, \u00e0s 22h30. Na trama, Demet Evgar interpreta Cemre Kayabeyli, a protagonista da hist\u00f3ria. A personagem \u00e9 uma mulher marcada por dor, sil\u00eancio e resist\u00eancia, presa a um casamento abusivo com \u00c7elebi, um homem poderoso e respeitado publicamente, mas violento dentro de casa.<\/p>\n<p>Esposa de \u00c7elebi, prima de R\u00fcya e m\u00e3e da pequena G\u00fcne\u015f, Cemre cresceu junto \u00e0 fam\u00edlia Y\u0131ld\u0131r\u0131mlar e acreditou ter se casado por amor. Com o passar do tempo, ela \u00e9 submetida a abusos psicol\u00f3gicos e f\u00edsicos e enfrenta o desafio de provar a viol\u00eancia que sofre e lutar pelo direito de recome\u00e7ar. Seu maior sonho \u00e9 fugir com a filha e reconstruir a pr\u00f3pria vida, mesmo que, para isso, precise ir at\u00e9 as \u00faltimas consequ\u00eancias.<\/p>\n<p>Para al\u00e9m do trabalho como atriz, Demet Evgar \u00e9 cantora e diretora. Formada pelo prestigiado Conservat\u00f3rio Estatal de Istambul, Demet tamb\u00e9m \u00e9 cofundadora do grupo Tiyatro Pangar, reconhecido por levar aos palcos montagens cl\u00e1ssicas e contempor\u00e2neas em diversos teatros da cidade.<\/p>\n<p>Ao longo dos anos, acumulou pr\u00eamios e indica\u00e7\u00f5es importantes. Venceu duas vezes o Golden Butterfly Awards e o Antalya Television Awards como Melhor Atriz em S\u00e9rie de Com\u00e9dia, foi consagrada no Sadri Al\u0131\u015f\u0131k Theater and Cinema Awards e no Festival de Cinema de Istambul, al\u00e9m de ser eleita \u201cMulher do Ano\u201d pela GQ Turquia. Mais recentemente, em 2024, voltou a ser destaque ao conquistar o pr\u00eamio de Melhor Atriz no Filmsan Award e no Golden Butterfly Awards. Fora das telas, Demet tamb\u00e9m \u00e9 uma voz ativa na luta pelos direitos das mulheres, sendo nomeada Embaixadora da Boa Vontade da ONU Mulheres na Turquia, em 2022.<\/p>\n<h2>Sobre a novela:<\/h2>\n<p>Chamas do Destino narra a hist\u00f3ria de Cemre (Demet Evgar), Ruya (Dilan Cicek Deniz) e Cicek (Hazar Erguclu), que veem seus destinos mudarem para sempre ap\u00f3s uma trag\u00e9dia. A trama, \u00e9 uma vers\u00e3o turca da produ\u00e7\u00e3o francesa Le Bazar de la Charit\u00e9.<\/p>\n","protected":false},"excerpt":{"rendered":"<p>Chamas do Destino: Demet Evgar vive&#8230; Chamas do Destino, vers\u00e3o turca da produ\u00e7\u00e3o francesa Le Bazar de la Charit\u00e9 estreia na Record nesta segunda, dia 05&#8230;.<\/p>\n","protected":false},"author":1,"featured_media":86707,"comment_status":"closed","ping_status":"closed","sticky":false,"template":"","format":"standard","meta":{"_uf_show_specific_survey":0,"_uf_disable_surveys":false,"_jetpack_memberships_contains_paid_content":false,"footnotes":"","_wp_rev_ctl_limit":""},"categories":[1040],"tags":[1041,1042,64,14],"class_list":["post-86706","post","type-post","status-publish","format-standard","has-post-thumbnail","hentry","category-chamas-do-destino","tag-chamas-do-destino","tag-demet-evgar","tag-novelas","tag-record","wpcat-1040-id"],"aioseo_notices":[],"jetpack_featured_media_url":"https:\/\/i0.wp.com\/www.tvnovelas.com.br\/tvnews\/wp-content\/uploads\/2026\/01\/12645.jpg?fit=723%2C410&ssl=1","jetpack_shortlink":"https:\/\/wp.me\/pdP2BO-myu","jetpack_sharing_enabled":true,"_links":{"self":[{"href":"https:\/\/www.tvnovelas.com.br\/tvnews\/wp-json\/wp\/v2\/posts\/86706","targetHints":{"allow":["GET"]}}],"collection":[{"href":"https:\/\/www.tvnovelas.com.br\/tvnews\/wp-json\/wp\/v2\/posts"}],"about":[{"href":"https:\/\/www.tvnovelas.com.br\/tvnews\/wp-json\/wp\/v2\/types\/post"}],"author":[{"embeddable":true,"href":"https:\/\/www.tvnovelas.com.br\/tvnews\/wp-json\/wp\/v2\/users\/1"}],"replies":[{"embeddable":true,"href":"https:\/\/www.tvnovelas.com.br\/tvnews\/wp-json\/wp\/v2\/comments?post=86706"}],"version-history":[{"count":1,"href":"https:\/\/www.tvnovelas.com.br\/tvnews\/wp-json\/wp\/v2\/posts\/86706\/revisions"}],"predecessor-version":[{"id":86708,"href":"https:\/\/www.tvnovelas.com.br\/tvnews\/wp-json\/wp\/v2\/posts\/86706\/revisions\/86708"}],"wp:featuredmedia":[{"embeddable":true,"href":"https:\/\/www.tvnovelas.com.br\/tvnews\/wp-json\/wp\/v2\/media\/86707"}],"wp:attachment":[{"href":"https:\/\/www.tvnovelas.com.br\/tvnews\/wp-json\/wp\/v2\/media?parent=86706"}],"wp:term":[{"taxonomy":"category","embeddable":true,"href":"https:\/\/www.tvnovelas.com.br\/tvnews\/wp-json\/wp\/v2\/categories?post=86706"},{"taxonomy":"post_tag","embeddable":true,"href":"https:\/\/www.tvnovelas.com.br\/tvnews\/wp-json\/wp\/v2\/tags?post=86706"}],"curies":[{"name":"wp","href":"https:\/\/api.w.org\/{rel}","templated":true}]}}