{"id":86743,"date":"2026-01-06T10:41:28","date_gmt":"2026-01-06T13:41:28","guid":{"rendered":"https:\/\/www.tvnovelas.com.br\/tvnews\/?p=86743"},"modified":"2026-01-06T10:41:28","modified_gmt":"2026-01-06T13:41:28","slug":"mae-zeynep-sai-da-cirurgia-em-coma-prolongado","status":"publish","type":"post","link":"https:\/\/www.tvnovelas.com.br\/tvnews\/mae-zeynep-sai-da-cirurgia-em-coma-prolongado\/","title":{"rendered":"M\u00e3e: Zeynep sai da cirurgia em coma prolongado"},"content":{"rendered":"<figure id=\"attachment_86545\" aria-describedby=\"caption-attachment-86545\" style=\"width: 728px\" class=\"wp-caption aligncenter\"><img data-recalc-dims=\"1\" decoding=\"async\" class=\"wp-image-86545 size-full\" title=\"(Foto: Record TV\/M\u00e3e)\" src=\"https:\/\/i0.wp.com\/www.tvnovelas.com.br\/tvnews\/wp-content\/uploads\/2025\/12\/12671.jpg?resize=728%2C410&#038;ssl=1\" alt=\"Foto em M\u00e3e: Zeynep sai da cirurgia em coma\" width=\"728\" height=\"410\" srcset=\"https:\/\/i0.wp.com\/www.tvnovelas.com.br\/tvnews\/wp-content\/uploads\/2025\/12\/12671.jpg?w=728&amp;ssl=1 728w, https:\/\/i0.wp.com\/www.tvnovelas.com.br\/tvnews\/wp-content\/uploads\/2025\/12\/12671.jpg?resize=250%2C141&amp;ssl=1 250w\" sizes=\"(max-width: 728px) 100vw, 728px\" \/><figcaption id=\"caption-attachment-86545\" class=\"wp-caption-text\">M\u00e3e: Zeynep sai da cirurgia em coma<\/figcaption><\/figure>\n<p>No cap\u00edtulo de M\u00e3e desta ter\u00e7a, dia 6, Melek sai sozinha do hotel e encontra Tahir. A garotinha pede que ele a leve ao hospital onde Zeynep est\u00e1 internada.<\/p>\n<p>Gamze e Cahide v\u00eaem Melek no jardim do hospital. A advogada vai ao encontro da pequena e mente dizendo que Zeynep j\u00e1 foi embora.<\/p>\n<p>Zeynep sai da cirurgia e a fam\u00edlia fica ansiosa para v\u00ea-la despertar. Mas m\u00e9dicos alertam que n\u00e3o sabem quando ela ir\u00e1 acordar.<\/p>\n<p>Passam-se alguns meses. Zeynep se recupera e retoma a vida, enquanto Melek volta a viver com Sule e ajuda a cuidar do irm\u00e3o mais novo.<\/p>\n<p>Acreditando que Melek est\u00e1 morta, Zeynep vai at\u00e9 o cemit\u00e9rio.<\/p>\n<p>Confira o resumo do cap\u00edtulo de hoje:<\/p>\n<h2 style=\"color: #ff0000;\">Resumo de ter\u00e7a-feira, 06 de janeiro<\/h2>\n<p>Melek sai sozinha do hotel e encontra Tahir. A garotinha pede que ele a leve ao hospital onde Zeynep est\u00e1 internada. Gamze e Cahide v\u00eaem Melek no jardim do hospital. A advogada vai ao encontro da pequena e mente dizendo que Zeynep j\u00e1 foi embora. Sule acorda com uma liga\u00e7\u00e3o Cengiz que diz que n\u00e3o vai voltar a viver com ela e desliga de forma brusca. Zeynep sai da cirurgia e a fam\u00edlia fica ansiosa para v\u00ea-la despertar. Os m\u00e9dicos alertam que n\u00e3o sabem quando ela ir\u00e1 acordar. Cengiz faz um acordo para tentar vigiar Sule e entrega o pr\u00f3prio carro para pagar pelo servi\u00e7o. Ap\u00f3s alguns meses, Zeynep se recupera e retoma a vida, enquanto Melek volta a viver com Sule e ajuda a cuidar do irm\u00e3o mais novo. Acreditando que Melek est\u00e1 morta, Zeynep vai at\u00e9 o cemit\u00e9rio. Mesmo bem-intencionado, Tahir \u00e9 impedido por Cengiz de se aproximar de Sule. Sem conseguir pagar pela di\u00e1ria do quarto de hotel, Sule liga mais uma vez para Tahir que est\u00e1 desaparecido h\u00e1 dias.<\/p>\n<h2>Saiba mais<\/h2>\n<p><a href=\"https:\/\/tvnovelas.com.br\/novelas\/resumos-de-novela-mae\/\" target=\"_blank\" rel=\"noopener\">Resumos dos cap\u00edtulos da semana&lt;c\/a&gt;<br \/>\n<\/a><a href=\"https:\/\/wp.me\/pfspD2-VN\" target=\"_blank\" rel=\"noopener\">M\u00e3e: Resgatando uma crian\u00e7a da viol\u00eancia<\/a><a href=\"https:\/\/tvnovelas.com.br\/novelas\/resumos-de-novela-mae\/\" target=\"_blank\" rel=\"noopener\"><br \/>\n<div class=\"pt-cv-wrapper\"><h2 class='pt-cv-heading-container heading2' data-blockid='759454f593'><span class='pt-cv-heading'> \u00daltimas da Novela <\/span><\/h2><div class=\"pt-cv-view pt-cv-grid pt-cv-colsys\" id=\"pt-cv-view-759454f593\"><div data-id=\"pt-cv-page-1\" class=\"pt-cv-page\" data-cvc=\"1\"><div class=\"col-md-12 col-sm-12 col-xs-12 pt-cv-content-item pt-cv-1-col\" ><div class='pt-cv-ifield'><h4 class=\"pt-cv-title\"><a href=\"https:\/\/www.tvnovelas.com.br\/tvnews\/mae-o-destino-final-de-melek-e-zeynep\/\" class=\"_self\" target=\"_self\" >M\u00e3e: O destino final de Melek e Zeynep<\/a><\/h4><\/div><\/div>\n<div class=\"col-md-12 col-sm-12 col-xs-12 pt-cv-content-item pt-cv-1-col\" ><div class='pt-cv-ifield'><h4 class=\"pt-cv-title\"><a href=\"https:\/\/www.tvnovelas.com.br\/tvnews\/mae-zeynep-enfrenta-cengiz\/\" class=\"_self\" target=\"_self\" >M\u00e3e: Zeynep enfrenta Cengiz<\/a><\/h4><\/div><\/div>\n<div class=\"col-md-12 col-sm-12 col-xs-12 pt-cv-content-item pt-cv-1-col\" ><div class='pt-cv-ifield'><h4 class=\"pt-cv-title\"><a href=\"https:\/\/www.tvnovelas.com.br\/tvnews\/mae-cengiz-e-preso-sob-a-acusacao-de-assassinato\/\" class=\"_self\" target=\"_self\" >M\u00e3e: Cengiz \u00e9 preso sob a acusa\u00e7\u00e3o de assassinato<\/a><\/h4><\/div><\/div>\n<div class=\"col-md-12 col-sm-12 col-xs-12 pt-cv-content-item pt-cv-1-col\" ><div class='pt-cv-ifield'><h4 class=\"pt-cv-title\"><a href=\"https:\/\/www.tvnovelas.com.br\/tvnews\/mae-cengiz-assina-documento-renunciando-a-guarda-dos-filhos\/\" class=\"_self\" target=\"_self\" >M\u00e3e: Cengiz assina documento renunciando \u00e0 guarda dos filhos<\/a><\/h4><\/div><\/div>\n<div class=\"col-md-12 col-sm-12 col-xs-12 pt-cv-content-item pt-cv-1-col\" ><div class='pt-cv-ifield'><h4 class=\"pt-cv-title\"><a href=\"https:\/\/www.tvnovelas.com.br\/tvnews\/mae-cengiz-pode-estar-com-os-dias-contados\/\" class=\"_self\" target=\"_self\" >M\u00e3e: Cengiz pode estar com os dias contados<\/a><\/h4><\/div><\/div><\/div><\/div><\/div><br \/>\n&lt;h<\/a><\/p>\n<div style=\"font-size: 120%;\"><h3>Confira tamb\u00e9m<\/h3>\r\n<a href=\"https:\/\/tvnovelas.com.br\/novelas\/\" rel=\"noopener\" target=\"_blank\"><strong>Todos os resumos de novelas<\/strong><\/a><\/br>\r\n<a href=\"https:\/\/www.tvnovelas.com.br\/tvnews\/\" rel=\"noopener\" target=\"_blank\"><strong>\u00daltimas not\u00edcias das novelas<\/strong><\/a><\/br>\r\n<a href=\"https:\/\/www.tvnovelas.com.br\/filmes\/\" target=\"_blank\" rel=\"noopener noreferrer\"><strong>Programa\u00e7\u00e3o de filmes na TV aberta<\/strong><\/a><\/br>\r\n<a href=\"https:\/\/caetenews.com.br\/semana\/filmes-da-globo-na-sessao-da-tarde-desta-semana\/\" target=\"_blank\" rel=\"noopener\"><strong>Confira os filmes da semana na Sess\u00e3o da Tarde<\/strong><\/a><\/br>\r\n<a href=\"https:\/\/classindportal.mj.gov.br\/consulta-filmes\" target=\"_blank\" rel=\"noopener\"><strong>Consulte a classifica\u00e7\u00e3o indicativa dos filmes e novelas<\/strong><\/a><\/br><\/div>\n","protected":false},"excerpt":{"rendered":"<p>M\u00e3e: Zeynep sai da cirurgia em coma&#8230; No cap\u00edtulo de M\u00e3e desta ter\u00e7a, dia 6, Melek sai sozinha do hotel e encontra Tahir. A garotinha pede&#8230;<\/p>\n","protected":false},"author":1,"featured_media":86545,"comment_status":"closed","ping_status":"closed","sticky":false,"template":"","format":"standard","meta":{"_uf_show_specific_survey":0,"_uf_disable_surveys":false,"_jetpack_memberships_contains_paid_content":false,"footnotes":"","_wp_rev_ctl_limit":""},"categories":[1012],"tags":[1013,64,14],"class_list":["post-86743","post","type-post","status-publish","format-standard","has-post-thumbnail","hentry","category-mae","tag-mae","tag-novelas","tag-record","wpcat-1012-id"],"aioseo_notices":[],"jetpack_featured_media_url":"https:\/\/i0.wp.com\/www.tvnovelas.com.br\/tvnews\/wp-content\/uploads\/2025\/12\/12671.jpg?fit=728%2C410&ssl=1","jetpack_shortlink":"https:\/\/wp.me\/pdP2BO-mz5","jetpack_sharing_enabled":true,"_links":{"self":[{"href":"https:\/\/www.tvnovelas.com.br\/tvnews\/wp-json\/wp\/v2\/posts\/86743","targetHints":{"allow":["GET"]}}],"collection":[{"href":"https:\/\/www.tvnovelas.com.br\/tvnews\/wp-json\/wp\/v2\/posts"}],"about":[{"href":"https:\/\/www.tvnovelas.com.br\/tvnews\/wp-json\/wp\/v2\/types\/post"}],"author":[{"embeddable":true,"href":"https:\/\/www.tvnovelas.com.br\/tvnews\/wp-json\/wp\/v2\/users\/1"}],"replies":[{"embeddable":true,"href":"https:\/\/www.tvnovelas.com.br\/tvnews\/wp-json\/wp\/v2\/comments?post=86743"}],"version-history":[{"count":3,"href":"https:\/\/www.tvnovelas.com.br\/tvnews\/wp-json\/wp\/v2\/posts\/86743\/revisions"}],"predecessor-version":[{"id":86746,"href":"https:\/\/www.tvnovelas.com.br\/tvnews\/wp-json\/wp\/v2\/posts\/86743\/revisions\/86746"}],"wp:featuredmedia":[{"embeddable":true,"href":"https:\/\/www.tvnovelas.com.br\/tvnews\/wp-json\/wp\/v2\/media\/86545"}],"wp:attachment":[{"href":"https:\/\/www.tvnovelas.com.br\/tvnews\/wp-json\/wp\/v2\/media?parent=86743"}],"wp:term":[{"taxonomy":"category","embeddable":true,"href":"https:\/\/www.tvnovelas.com.br\/tvnews\/wp-json\/wp\/v2\/categories?post=86743"},{"taxonomy":"post_tag","embeddable":true,"href":"https:\/\/www.tvnovelas.com.br\/tvnews\/wp-json\/wp\/v2\/tags?post=86743"}],"curies":[{"name":"wp","href":"https:\/\/api.w.org\/{rel}","templated":true}]}}