{"id":86760,"date":"2026-01-06T19:24:22","date_gmt":"2026-01-06T22:24:22","guid":{"rendered":"https:\/\/www.tvnovelas.com.br\/tvnews\/?p=86760"},"modified":"2026-01-06T19:24:22","modified_gmt":"2026-01-06T22:24:22","slug":"a-mar-estrela-volta-com-azul-para-a-cidade","status":"publish","type":"post","link":"https:\/\/www.tvnovelas.com.br\/tvnews\/a-mar-estrela-volta-com-azul-para-a-cidade\/","title":{"rendered":"A.Mar: Estrela volta com Azul para a cidade"},"content":{"rendered":"<figure id=\"attachment_86761\" aria-describedby=\"caption-attachment-86761\" style=\"width: 728px\" class=\"wp-caption aligncenter\"><img data-recalc-dims=\"1\" decoding=\"async\" class=\"wp-image-86761 size-full\" title=\"(Foto: SBT\/Televisa\/A.Mar)\" src=\"https:\/\/i0.wp.com\/www.tvnovelas.com.br\/tvnews\/wp-content\/uploads\/2026\/01\/12654.jpg?resize=728%2C410&#038;ssl=1\" alt=\"Foto em A.Mar: Estrela volta com Azul para a cidade\" width=\"728\" height=\"410\" srcset=\"https:\/\/i0.wp.com\/www.tvnovelas.com.br\/tvnews\/wp-content\/uploads\/2026\/01\/12654.jpg?w=728&amp;ssl=1 728w, https:\/\/i0.wp.com\/www.tvnovelas.com.br\/tvnews\/wp-content\/uploads\/2026\/01\/12654.jpg?resize=250%2C141&amp;ssl=1 250w\" sizes=\"(max-width: 728px) 100vw, 728px\" \/><figcaption id=\"caption-attachment-86761\" class=\"wp-caption-text\">A.Mar: Estrela volta com Azul para a cidade<\/figcaption><\/figure>\n<p>No cap\u00edtulo de A.Mar desta ter\u00e7a, dia 06, Azul diz \u00e0 m\u00e3e que ela parece muito triste e que com certeza vai sentir falta de Fabian, e pergunta se elas n\u00e3o podem voltar como da outra vez. Estrela responde que desta vez n\u00e3o v\u00e3o voltar.<\/p>\n<p>Fabian alcan\u00e7a Estrela na estrada para que Eder entregue a Azul uma carta.<\/p>\n<p>Estrela diz a S\u00e9rgio que voltou para a cidade porque considera que isso \u00e9 o melhor para ela e para Azul. S\u00e9rgio afirma que vai lutar para que os tr\u00eas sejam uma fam\u00edlia juntos.<\/p>\n<p><em> Confira o resumo do cap\u00edtulo de hoje:<\/em><\/p>\n<h2 style=\"color: #ff0000;\">Resumo de ter\u00e7a-feira, 06 de janeiro<\/h2>\n<p>Azul diz \u00e0 m\u00e3e que ela parece muito triste e que com certeza vai sentir falta de Fabian, e pergunta se elas n\u00e3o podem voltar como da outra vez. Estrela responde que desta vez n\u00e3o v\u00e3o voltar. Fabian alcan\u00e7a Estrela na estrada para que Eder entregue a Azul uma carta. Eder pede a Estrela que n\u00e3o leve Azul. A menina diz a Eder que eles v\u00e3o conversar todos os dias por videochamada. Fabian diz a Yasmin que ela precisa de ajuda profissional para tratar sua depend\u00eancia; Yasmin aceita. Estrela diz a S\u00e9rgio que voltou para a cidade porque considera que isso \u00e9 o melhor para ela e para Azul. S\u00e9rgio afirma que vai lutar para que os tr\u00eas sejam uma fam\u00edlia juntos. Pascoal comenta com Valentim que ele merece ser feliz com Perlita e que est\u00e1 realizado por eles irem se casar; eles se abra\u00e7am. Gabriel diz a Brisa que n\u00e3o quer perder Marina, mas que ela come\u00e7ou a lembrar o que sentia por Nicolas. Brisa responde que era de se esperar, j\u00e1 que Marina tinha uma vida; em contraste, ela s\u00f3 tem olhos para ele, e o beija. Fabian liga para Estrela, mas quem atende \u00e9 Sergio, fazendo-o acreditar que ele e Estrela est\u00e3o juntos. Marina decide terminar seu relacionamento com Gabriel, pois n\u00e3o vai perdoar que ele tenha beijado Brisa. Yasmin diz a Oliver que, enquanto esteve na reabilita\u00e7\u00e3o, confirmou seu desejo de ser m\u00e9dica e ajudar as pessoas, e que espera poder realizar isso estando com ele. Oliver garante que sempre estar\u00e1 com ela. Azul e Estrela conhecem o pai de S\u00e9rgio.<\/p>\n<p><!--FIM--><a href=\"https:\/\/tvnovelas.com.br\/novelas\/resumo-de-novelas-a-mar\/\" target=\"_blank\" rel=\"noopener\">Resumos dos cap\u00edtulos da semana de A.Mar<\/a><br \/>\n<div class=\"pt-cv-wrapper\"><h2 class='pt-cv-heading-container heading2' data-blockid='ab488fdp2g'><span class='pt-cv-heading'> \u00daltimas da Novela <\/span><\/h2><div class=\"pt-cv-view pt-cv-grid pt-cv-colsys\" id=\"pt-cv-view-ab488fdp2g\"><div data-id=\"pt-cv-page-1\" class=\"pt-cv-page\" data-cvc=\"1\"><div class=\"col-md-12 col-sm-12 col-xs-12 pt-cv-content-item pt-cv-1-col\" ><div class='pt-cv-ifield'><h4 class=\"pt-cv-title\"><a href=\"https:\/\/www.tvnovelas.com.br\/tvnews\/a-mar-estrela-reune-moradores-para-barrar-maquinario-de-sergio\/\" class=\"_self\" target=\"_self\" >A.Mar: Estrela re\u00fane moradores para barrar m\u00e1quin\u00e1rio de S\u00e9rgio<\/a><\/h4><\/div><\/div>\n<div class=\"col-md-12 col-sm-12 col-xs-12 pt-cv-content-item pt-cv-1-col\" ><div class='pt-cv-ifield'><h4 class=\"pt-cv-title\"><a href=\"https:\/\/www.tvnovelas.com.br\/tvnews\/a-mar-erika-inocenta-fabian-e-ulises\/\" class=\"_self\" target=\"_self\" >A.Mar: \u00c9rika inocenta Fabian e Ulises<\/a><\/h4><\/div><\/div>\n<div class=\"col-md-12 col-sm-12 col-xs-12 pt-cv-content-item pt-cv-1-col\" ><div class='pt-cv-ifield'><h4 class=\"pt-cv-title\"><a href=\"https:\/\/www.tvnovelas.com.br\/tvnews\/a-mar-erika-confessa-a-fabian-que-mentiu-sobre-gravidez\/\" class=\"_self\" target=\"_self\" >A.Mar: \u00c9rika confessa a Fabian que mentiu sobre gravidez<\/a><\/h4><\/div><\/div><\/div><\/div><\/div><\/p>\n<div style=\"font-size: 120%;\"><h3>Confira tamb\u00e9m<\/h3>\r\n<a href=\"https:\/\/tvnovelas.com.br\/novelas\/\" rel=\"noopener\" target=\"_blank\"><strong>Todos os resumos de novelas<\/strong><\/a><\/br>\r\n<a href=\"https:\/\/www.tvnovelas.com.br\/tvnews\/\" rel=\"noopener\" target=\"_blank\"><strong>\u00daltimas not\u00edcias das novelas<\/strong><\/a><\/br>\r\n<a href=\"https:\/\/www.tvnovelas.com.br\/filmes\/\" target=\"_blank\" rel=\"noopener noreferrer\"><strong>Programa\u00e7\u00e3o de filmes na TV aberta<\/strong><\/a><\/br>\r\n<a href=\"https:\/\/caetenews.com.br\/semana\/filmes-da-globo-na-sessao-da-tarde-desta-semana\/\" target=\"_blank\" rel=\"noopener\"><strong>Confira os filmes da semana na Sess\u00e3o da Tarde<\/strong><\/a><\/br>\r\n<a href=\"https:\/\/classindportal.mj.gov.br\/consulta-filmes\" target=\"_blank\" rel=\"noopener\"><strong>Consulte a classifica\u00e7\u00e3o indicativa dos filmes e novelas<\/strong><\/a><\/br><\/div>\n<p><a href=\"https:\/\/tvnovelas.com.br\/page2\/arquivo\/a-mar-conflitos-tragedia-e-drama-na-historia-de-estrela\/\" target=\"_blank\" rel=\"noopener\">A.Mar: Conhe\u00e7a a hist\u00f3ria da novela<\/a><\/p>\n","protected":false},"excerpt":{"rendered":"<p>A.Mar: Estrela volta com Azul para a cidade&#8230; No cap\u00edtulo de A.Mar desta ter\u00e7a, dia 06, Azul diz \u00e0 m\u00e3e que ela parece muito triste&#8230;<\/p>\n","protected":false},"author":1,"featured_media":86761,"comment_status":"closed","ping_status":"closed","sticky":false,"template":"","format":"standard","meta":{"_uf_show_specific_survey":0,"_uf_disable_surveys":false,"_jetpack_memberships_contains_paid_content":false,"footnotes":"","_wp_rev_ctl_limit":""},"categories":[1003],"tags":[1004,64,13],"class_list":["post-86760","post","type-post","status-publish","format-standard","has-post-thumbnail","hentry","category-a-mar","tag-a-mar","tag-novelas","tag-sbt","wpcat-1003-id"],"aioseo_notices":[],"jetpack_featured_media_url":"https:\/\/i0.wp.com\/www.tvnovelas.com.br\/tvnews\/wp-content\/uploads\/2026\/01\/12654.jpg?fit=728%2C410&ssl=1","jetpack_shortlink":"https:\/\/wp.me\/pdP2BO-mzm","jetpack_sharing_enabled":true,"_links":{"self":[{"href":"https:\/\/www.tvnovelas.com.br\/tvnews\/wp-json\/wp\/v2\/posts\/86760","targetHints":{"allow":["GET"]}}],"collection":[{"href":"https:\/\/www.tvnovelas.com.br\/tvnews\/wp-json\/wp\/v2\/posts"}],"about":[{"href":"https:\/\/www.tvnovelas.com.br\/tvnews\/wp-json\/wp\/v2\/types\/post"}],"author":[{"embeddable":true,"href":"https:\/\/www.tvnovelas.com.br\/tvnews\/wp-json\/wp\/v2\/users\/1"}],"replies":[{"embeddable":true,"href":"https:\/\/www.tvnovelas.com.br\/tvnews\/wp-json\/wp\/v2\/comments?post=86760"}],"version-history":[{"count":1,"href":"https:\/\/www.tvnovelas.com.br\/tvnews\/wp-json\/wp\/v2\/posts\/86760\/revisions"}],"predecessor-version":[{"id":86762,"href":"https:\/\/www.tvnovelas.com.br\/tvnews\/wp-json\/wp\/v2\/posts\/86760\/revisions\/86762"}],"wp:featuredmedia":[{"embeddable":true,"href":"https:\/\/www.tvnovelas.com.br\/tvnews\/wp-json\/wp\/v2\/media\/86761"}],"wp:attachment":[{"href":"https:\/\/www.tvnovelas.com.br\/tvnews\/wp-json\/wp\/v2\/media?parent=86760"}],"wp:term":[{"taxonomy":"category","embeddable":true,"href":"https:\/\/www.tvnovelas.com.br\/tvnews\/wp-json\/wp\/v2\/categories?post=86760"},{"taxonomy":"post_tag","embeddable":true,"href":"https:\/\/www.tvnovelas.com.br\/tvnews\/wp-json\/wp\/v2\/tags?post=86760"}],"curies":[{"name":"wp","href":"https:\/\/api.w.org\/{rel}","templated":true}]}}