{"id":86804,"date":"2026-01-07T17:52:02","date_gmt":"2026-01-07T20:52:02","guid":{"rendered":"https:\/\/www.tvnovelas.com.br\/tvnews\/?p=86804"},"modified":"2026-01-07T17:52:02","modified_gmt":"2026-01-07T20:52:02","slug":"mae-melek-cuida-e-tenta-conseguir-comida-para-o-irmaozinho","status":"publish","type":"post","link":"https:\/\/www.tvnovelas.com.br\/tvnews\/mae-melek-cuida-e-tenta-conseguir-comida-para-o-irmaozinho\/","title":{"rendered":"M\u00e3e: Melek cuida e tenta conseguir comida para o irm\u00e3ozinho"},"content":{"rendered":"<figure id=\"attachment_86805\" aria-describedby=\"caption-attachment-86805\" style=\"width: 728px\" class=\"wp-caption aligncenter\"><img data-recalc-dims=\"1\" decoding=\"async\" class=\"wp-image-86805 size-full\" title=\"(Foto: Record TV\/M\u00e3e)\" src=\"https:\/\/i0.wp.com\/www.tvnovelas.com.br\/tvnews\/wp-content\/uploads\/2026\/01\/12700.jpg?resize=728%2C410&#038;ssl=1\" alt=\"Foto em M\u00e3e: Melek cuida e tenta conseguir comida para o irm\u00e3ozinho\" width=\"728\" height=\"410\" srcset=\"https:\/\/i0.wp.com\/www.tvnovelas.com.br\/tvnews\/wp-content\/uploads\/2026\/01\/12700.jpg?w=728&amp;ssl=1 728w, https:\/\/i0.wp.com\/www.tvnovelas.com.br\/tvnews\/wp-content\/uploads\/2026\/01\/12700.jpg?resize=250%2C141&amp;ssl=1 250w\" sizes=\"(max-width: 728px) 100vw, 728px\" \/><figcaption id=\"caption-attachment-86805\" class=\"wp-caption-text\">M\u00e3e: Melek cuida e tenta conseguir comida para o irm\u00e3ozinho<\/figcaption><\/figure>\n<p>No cap\u00edtulo de M\u00e3e desta quarta, dia 7, ap\u00f3s uma passagem de tempo, Melek aparece vivendo com Sule, Cengiz e o pequeno Hasan, o irm\u00e3ozinho que tem meses de vida. Vivendo em uma situa\u00e7\u00e3o de pen\u00faria, a menina \u00e9 obrigada a cuidar do beb\u00ea em tempo integral e demonstra muito carinho pelo maninho. Sem terem o que comer, Melek sai com Hasan e tenta comprar leite no mercado, mas o dono do local recusa vender fiado. As crian\u00e7as s\u00e3o amparadas por uma vizinha, que acaba fazendo a compra do leite e de fraldas para o beb\u00ea.<\/p>\n<p>Enquanto isso, do outro lado da cidade, Gonul visita Zeynep no jornal e parabeniza a filha pela promo\u00e7\u00e3o. Mas a senhora leva um choque ao ver uma foto de Melek sobre a mesa da fot\u00f3grafa e pega imediatamente o retrato, antes que Zeynep possa ver a imagem. Muito intrigada, Gonul desconfia que Cahide tenha forjado a \u201cmorte\u201d da menina, meses antes.<\/p>\n<p>Confira o resumo do cap\u00edtulo de hoje:<\/p>\n<h2 style=\"color: #ff0000;\">Resumo de quarta-feira, 07 de janeiro<\/h2>\n<p>Casados, Sinan e Zeynep almo\u00e7am juntos. Ele a presenteia e se declara para esposa. Pouco depois, Sinan recebe uma liga\u00e7\u00e3o do trabalho, mas decide continuar o almo\u00e7o. Ali escreve um livro sobre Zeynep e \u00e9 elogiado pela namorada Duru. Vivendo com Sule, Melek \u00e9 obrigada a cuidar do irm\u00e3o mais novo e, sem ter o que comer, ela sai de casa levando o pequeno. Gonul cuida da sogra debilitada, e \u00e9 surpreendida com um pedido de perd\u00e3o. O vizinho Arif convida Gonul para um caf\u00e9, mas ela avisa que est\u00e1 de sa\u00edda para encontrar Zeynep. Gonul se emociona ao ver uma foto de Melek em cima da mesa de trabalho de Zeynep. Melek e o irm\u00e3o s\u00e3o ajudados por uma vizinha, que compra comida e fralda para o beb\u00ea. Gonul desconfia que Cahide tenha manipulado a &#8220;morte&#8221; de Melek e decide procurar a menina.<\/p>\n<h2>Saiba mais<\/h2>\n<p><a href=\"https:\/\/tvnovelas.com.br\/novelas\/resumos-de-novela-mae\/\" target=\"_blank\" rel=\"noopener\">Resumos dos cap\u00edtulos da semana&lt;c\/a&gt;<br \/>\n<\/a><a href=\"https:\/\/wp.me\/pfspD2-VN\" target=\"_blank\" rel=\"noopener\">M\u00e3e: Resgatando uma crian\u00e7a da viol\u00eancia<\/a><a href=\"https:\/\/tvnovelas.com.br\/novelas\/resumos-de-novela-mae\/\" target=\"_blank\" rel=\"noopener\"><br \/>\n<div class=\"pt-cv-wrapper\"><h2 class='pt-cv-heading-container heading2' data-blockid='759454f593'><span class='pt-cv-heading'> \u00daltimas da Novela <\/span><\/h2><div class=\"pt-cv-view pt-cv-grid pt-cv-colsys\" id=\"pt-cv-view-759454f593\"><div data-id=\"pt-cv-page-1\" class=\"pt-cv-page\" data-cvc=\"1\"><div class=\"col-md-12 col-sm-12 col-xs-12 pt-cv-content-item pt-cv-1-col\" ><div class='pt-cv-ifield'><h4 class=\"pt-cv-title\"><a href=\"https:\/\/www.tvnovelas.com.br\/tvnews\/mae-o-destino-final-de-melek-e-zeynep\/\" class=\"_self\" target=\"_self\" >M\u00e3e: O destino final de Melek e Zeynep<\/a><\/h4><\/div><\/div>\n<div class=\"col-md-12 col-sm-12 col-xs-12 pt-cv-content-item pt-cv-1-col\" ><div class='pt-cv-ifield'><h4 class=\"pt-cv-title\"><a href=\"https:\/\/www.tvnovelas.com.br\/tvnews\/mae-zeynep-enfrenta-cengiz\/\" class=\"_self\" target=\"_self\" >M\u00e3e: Zeynep enfrenta Cengiz<\/a><\/h4><\/div><\/div>\n<div class=\"col-md-12 col-sm-12 col-xs-12 pt-cv-content-item pt-cv-1-col\" ><div class='pt-cv-ifield'><h4 class=\"pt-cv-title\"><a href=\"https:\/\/www.tvnovelas.com.br\/tvnews\/mae-cengiz-e-preso-sob-a-acusacao-de-assassinato\/\" class=\"_self\" target=\"_self\" >M\u00e3e: Cengiz \u00e9 preso sob a acusa\u00e7\u00e3o de assassinato<\/a><\/h4><\/div><\/div>\n<div class=\"col-md-12 col-sm-12 col-xs-12 pt-cv-content-item pt-cv-1-col\" ><div class='pt-cv-ifield'><h4 class=\"pt-cv-title\"><a href=\"https:\/\/www.tvnovelas.com.br\/tvnews\/mae-cengiz-assina-documento-renunciando-a-guarda-dos-filhos\/\" class=\"_self\" target=\"_self\" >M\u00e3e: Cengiz assina documento renunciando \u00e0 guarda dos filhos<\/a><\/h4><\/div><\/div>\n<div class=\"col-md-12 col-sm-12 col-xs-12 pt-cv-content-item pt-cv-1-col\" ><div class='pt-cv-ifield'><h4 class=\"pt-cv-title\"><a href=\"https:\/\/www.tvnovelas.com.br\/tvnews\/mae-cengiz-pode-estar-com-os-dias-contados\/\" class=\"_self\" target=\"_self\" >M\u00e3e: Cengiz pode estar com os dias contados<\/a><\/h4><\/div><\/div><\/div><\/div><\/div><br \/>\n&lt;h<\/a><\/p>\n<div style=\"font-size: 120%;\"><h3>Confira tamb\u00e9m<\/h3>\r\n<a href=\"https:\/\/tvnovelas.com.br\/novelas\/\" rel=\"noopener\" target=\"_blank\"><strong>Todos os resumos de novelas<\/strong><\/a><\/br>\r\n<a href=\"https:\/\/www.tvnovelas.com.br\/tvnews\/\" rel=\"noopener\" target=\"_blank\"><strong>\u00daltimas not\u00edcias das novelas<\/strong><\/a><\/br>\r\n<a href=\"https:\/\/www.tvnovelas.com.br\/filmes\/\" target=\"_blank\" rel=\"noopener noreferrer\"><strong>Programa\u00e7\u00e3o de filmes na TV aberta<\/strong><\/a><\/br>\r\n<a href=\"https:\/\/caetenews.com.br\/semana\/filmes-da-globo-na-sessao-da-tarde-desta-semana\/\" target=\"_blank\" rel=\"noopener\"><strong>Confira os filmes da semana na Sess\u00e3o da Tarde<\/strong><\/a><\/br>\r\n<a href=\"https:\/\/classindportal.mj.gov.br\/consulta-filmes\" target=\"_blank\" rel=\"noopener\"><strong>Consulte a classifica\u00e7\u00e3o indicativa dos filmes e novelas<\/strong><\/a><\/br><\/div>\n","protected":false},"excerpt":{"rendered":"<p>M\u00e3e: Melek cuida e tenta conseguir comida&#8230;, No cap\u00edtulo de M\u00e3e desta quarta, dia 7, ap\u00f3s uma passagem de tempo, Melek aparece vivendo com Sule&#8230;<\/p>\n","protected":false},"author":1,"featured_media":86805,"comment_status":"closed","ping_status":"closed","sticky":false,"template":"","format":"standard","meta":{"_uf_show_specific_survey":0,"_uf_disable_surveys":false,"_jetpack_memberships_contains_paid_content":false,"footnotes":"","_wp_rev_ctl_limit":""},"categories":[1012],"tags":[1013,64,14],"class_list":["post-86804","post","type-post","status-publish","format-standard","has-post-thumbnail","hentry","category-mae","tag-mae","tag-novelas","tag-record","wpcat-1012-id"],"aioseo_notices":[],"jetpack_featured_media_url":"https:\/\/i0.wp.com\/www.tvnovelas.com.br\/tvnews\/wp-content\/uploads\/2026\/01\/12700.jpg?fit=728%2C410&ssl=1","jetpack_shortlink":"https:\/\/wp.me\/pdP2BO-mA4","jetpack_sharing_enabled":true,"_links":{"self":[{"href":"https:\/\/www.tvnovelas.com.br\/tvnews\/wp-json\/wp\/v2\/posts\/86804","targetHints":{"allow":["GET"]}}],"collection":[{"href":"https:\/\/www.tvnovelas.com.br\/tvnews\/wp-json\/wp\/v2\/posts"}],"about":[{"href":"https:\/\/www.tvnovelas.com.br\/tvnews\/wp-json\/wp\/v2\/types\/post"}],"author":[{"embeddable":true,"href":"https:\/\/www.tvnovelas.com.br\/tvnews\/wp-json\/wp\/v2\/users\/1"}],"replies":[{"embeddable":true,"href":"https:\/\/www.tvnovelas.com.br\/tvnews\/wp-json\/wp\/v2\/comments?post=86804"}],"version-history":[{"count":1,"href":"https:\/\/www.tvnovelas.com.br\/tvnews\/wp-json\/wp\/v2\/posts\/86804\/revisions"}],"predecessor-version":[{"id":86806,"href":"https:\/\/www.tvnovelas.com.br\/tvnews\/wp-json\/wp\/v2\/posts\/86804\/revisions\/86806"}],"wp:featuredmedia":[{"embeddable":true,"href":"https:\/\/www.tvnovelas.com.br\/tvnews\/wp-json\/wp\/v2\/media\/86805"}],"wp:attachment":[{"href":"https:\/\/www.tvnovelas.com.br\/tvnews\/wp-json\/wp\/v2\/media?parent=86804"}],"wp:term":[{"taxonomy":"category","embeddable":true,"href":"https:\/\/www.tvnovelas.com.br\/tvnews\/wp-json\/wp\/v2\/categories?post=86804"},{"taxonomy":"post_tag","embeddable":true,"href":"https:\/\/www.tvnovelas.com.br\/tvnews\/wp-json\/wp\/v2\/tags?post=86804"}],"curies":[{"name":"wp","href":"https:\/\/api.w.org\/{rel}","templated":true}]}}