{"id":86808,"date":"2026-01-07T18:06:05","date_gmt":"2026-01-07T21:06:05","guid":{"rendered":"https:\/\/www.tvnovelas.com.br\/tvnews\/?p=86808"},"modified":"2026-01-07T18:06:05","modified_gmt":"2026-01-07T21:06:05","slug":"chamas-do-destino-cicek-tenta-reconstruir-a-memoria-apos-a-tragedia","status":"publish","type":"post","link":"https:\/\/www.tvnovelas.com.br\/tvnews\/chamas-do-destino-cicek-tenta-reconstruir-a-memoria-apos-a-tragedia\/","title":{"rendered":"Chamas do Destino: \u00c7i\u00e7ek tenta reconstruir a mem\u00f3ria ap\u00f3s a trag\u00e9dia"},"content":{"rendered":"<figure id=\"attachment_86809\" aria-describedby=\"caption-attachment-86809\" style=\"width: 728px\" class=\"wp-caption aligncenter\"><img data-recalc-dims=\"1\" decoding=\"async\" class=\"wp-image-86809 size-full\" title=\"(Foto: Record\/Chamas do Destino)\" src=\"https:\/\/i0.wp.com\/www.tvnovelas.com.br\/tvnews\/wp-content\/uploads\/2026\/01\/12701.jpg?resize=728%2C410&#038;ssl=1\" alt=\"Foto em Chamas do Destino: \u00c7i\u00e7ek tenta reconstruir a mem\u00f3ria ap\u00f3s a trag\u00e9dia\" width=\"728\" height=\"410\" srcset=\"https:\/\/i0.wp.com\/www.tvnovelas.com.br\/tvnews\/wp-content\/uploads\/2026\/01\/12701.jpg?w=728&amp;ssl=1 728w, https:\/\/i0.wp.com\/www.tvnovelas.com.br\/tvnews\/wp-content\/uploads\/2026\/01\/12701.jpg?resize=250%2C141&amp;ssl=1 250w\" sizes=\"(max-width: 728px) 100vw, 728px\" \/><figcaption id=\"caption-attachment-86809\" class=\"wp-caption-text\">Chamas do Destino: \u00c7i\u00e7ek tenta reconstruir a mem\u00f3ria ap\u00f3s a trag\u00e9dia<\/figcaption><\/figure>\n<p>Em Chamas do Destino, no cap\u00edtulo desta quarta, dia 7, \u00c7i\u00e7ek desperta na casa de Berker tentando assimilar tudo o que viveu no inc\u00eandio, enquanto Iskender enfrenta o peso de suas escolhas. Dominado pela culpa, ele procura Ruya para pedir perd\u00e3o por ter fugido e a deixado sozinha com \u00c7i\u00e7ek, em meio \u00e0s chamas. Um encontro marcado por dor, ressentimento e emo\u00e7\u00f5es \u00e0 flor da pele.<\/p>\n<p>No hospital, o sofrimento ganha contornos ainda mais profundos. A dra. Tomris se despede da filha em l\u00e1grimas, tomada de arrependimento por ter trocado a identidade da jovem, que morreu na trag\u00e9dia, pela de \u00c7i\u00e7ek. J\u00e1 Ruya passa a lidar com outro tipo de ferida: o julgamento p\u00fablico. Cercada por rep\u00f3rteres, ela \u00e9 apontada como culpada pelo inc\u00eandio, tornando-se alvo de acusa\u00e7\u00f5es cru\u00e9is e implac\u00e1veis.<\/p>\n<p>As consequ\u00eancias da trag\u00e9dia tamb\u00e9m atingem o jornalismo. Ozan \u00e9 demitido por causa da reportagem que produziu sobre o caso, sem imaginar que sua vida pessoal est\u00e1 prestes a virar de cabe\u00e7a para baixo. Ao ver Cemre na televis\u00e3o, m\u00e3e de Ozan finalmente descobre quem \u00e9 a misteriosa h\u00f3spede do filho.<\/p>\n<p>Determinado a encontrar respostas, Celebi passa a desconfiar de irregularidades no hospital e exige falar com todos os funcion\u00e1rios que trabalharam na noite do inc\u00eandio. Essa investiga\u00e7\u00e3o o coloca cada vez mais perto da verdade \u2014 e o leva at\u00e9 Omer, aproximando destinos que n\u00e3o deveriam se cruzar.<\/p>\n<p>Confira o resumo do cap\u00edtulo de hoje:<\/p>\n<h2 style=\"color: #6e026f;\">Resumo de quarta-feira, 07 de janeiro<\/h2>\n<p>Na recep\u00e7\u00e3o do hospital, Ruya e seu motorista, Ali, tentam verificar se o nome de \u00c7i\u00e7ek est\u00e1 dentre os mortos. Omer chega, v\u00ea Ruya chorando e tenta acalm\u00e1-la. A jovem herdeira pede que ele a acompanhe em outro hospital para tentar encontrar a amiga. Acompanhado da doutora Berker, \u00c7elebi chega ao setor de identifica\u00e7\u00e3o dos mortos e encontra as joias da esposa. Ele olha um dos corpos e pede para que fa\u00e7a o exame de DNA. Na sa\u00edda do local, o empres\u00e1rio \u00e9 abordado por jornalistas. Ozan pergunta se a esposa dele est\u00e1 viva. Cemre chora e pensa na filha. Tomris recebe os exames de identifica\u00e7\u00e3o de algumas v\u00edtimas e chega \u00e0 conclus\u00e3o de que sua filha est\u00e1 morta. A m\u00e9dica vai at\u00e9 o quarto de \u00c7i\u00e7ek e decide trocar os pertences da jovem pelos da filha, Simal. Ali recebe a not\u00edcia de que a noiva, \u00c7i\u00e7ek, est\u00e1 morta e entra em desespero. Ruya e Omer tentam acalmar o motorista. Cemre v\u00ea Gunes gritando para o pai que a \u201cm\u00e3e est\u00e1 morta\u201d. Na manh\u00e3 seguinte, a pequena percebe que a m\u00e3e esteve ali e deixou uma mensagem. Ozan pede ajuda a Omer para conseguir documentos necess\u00e1rio para que Cemre e a filha possam fugir.<\/p>\n<p><strong>Saiba mais:<\/strong><br \/>\n<a href=\"https:\/\/wp.me\/pfspD2-VZ\" target=\"_blank\" rel=\"noopener\">Chamas do Destino: Tr\u00eas mulheres cujas hist\u00f3rias se cruzam<\/a> (Sinopse)<br \/>\n<div class=\"pt-cv-wrapper\"><h1 class='pt-cv-heading-container heading1' data-blockid='2ab72430a2'><span class='pt-cv-heading'> \u00daltimas da Novela <\/span><\/h1><div class=\"pt-cv-view pt-cv-grid pt-cv-colsys\" id=\"pt-cv-view-2ab72430a2\"><div data-id=\"pt-cv-page-1\" class=\"pt-cv-page\" data-cvc=\"1\"><div class=\"col-md-12 col-sm-12 col-xs-12 pt-cv-content-item pt-cv-1-col\" ><div class='pt-cv-ifield'><h4 class=\"pt-cv-title\"><a href=\"https:\/\/www.tvnovelas.com.br\/tvnews\/chamas-do-destino-iskender-e-preso-apos-denuncia-de-cicek\/\" class=\"_self\" target=\"_self\" >Chamas do Destino: Iskender \u00e9 preso ap\u00f3s den\u00fancia de Cicek<\/a><\/h4><\/div><\/div>\n<div class=\"col-md-12 col-sm-12 col-xs-12 pt-cv-content-item pt-cv-1-col\" ><div class='pt-cv-ifield'><h4 class=\"pt-cv-title\"><a href=\"https:\/\/www.tvnovelas.com.br\/tvnews\/chamas-do-destino-seher-permite-que-cemre-visite-ozan\/\" class=\"_self\" target=\"_self\" >Chamas do Destino: Seher permite que Cemre visite Ozan<\/a><\/h4><\/div><\/div>\n<div class=\"col-md-12 col-sm-12 col-xs-12 pt-cv-content-item pt-cv-1-col\" ><div class='pt-cv-ifield'><h4 class=\"pt-cv-title\"><a href=\"https:\/\/www.tvnovelas.com.br\/tvnews\/chamas-do-destino-iskender-se-torna-a-unica-esperanca-para-salvar-a-vida-de-ozan\/\" class=\"_self\" target=\"_self\" >Chamas do Destino: Iskender se torna a \u00fanica esperan\u00e7a para salvar a vida de Ozan<\/a><\/h4><\/div><\/div><\/div><\/div><\/div><\/p>\n<div style=\"font-size: 150%;\"><h3>Confira tamb\u00e9m<\/h3>\r\n<a href=\"https:\/\/tvnovelas.com.br\/novelas\/\" rel=\"noopener\" target=\"_blank\"><strong>Todos os resumos de novelas<\/strong><\/a><\/br>\r\n<a href=\"https:\/\/www.tvnovelas.com.br\/tvnews\/\" rel=\"noopener\" target=\"_blank\"><strong>\u00daltimas not\u00edcias das novelas<\/strong><\/a><\/br>\r\n<a href=\"https:\/\/www.tvnovelas.com.br\/filmes\/\" target=\"_blank\" rel=\"noopener noreferrer\"><strong>Programa\u00e7\u00e3o de filmes na TV aberta<\/strong><\/a><\/br>\r\n<a href=\"https:\/\/caetenews.com.br\/semana\/filmes-da-globo-na-sessao-da-tarde-desta-semana\/\" target=\"_blank\" rel=\"noopener\"><strong>Confira os filmes da semana na Sess\u00e3o da Tarde<\/strong><\/a><\/br>\r\n<a href=\"https:\/\/classindportal.mj.gov.br\/consulta-filmes\" target=\"_blank\" rel=\"noopener\"><strong>Consulte a classifica\u00e7\u00e3o indicativa dos filmes e novelas<\/strong><\/a><\/br><\/div>\n","protected":false},"excerpt":{"rendered":"<p>Chamas do Destino: \u00c7i\u00e7ek tenta reconstruir&#8230;. Em Chamas do Destino, no cap\u00edtulo desta quarta, dia 7, \u00c7i\u00e7ek desperta na casa de Berker tentando&#8230;<\/p>\n","protected":false},"author":1,"featured_media":86809,"comment_status":"closed","ping_status":"closed","sticky":false,"template":"","format":"standard","meta":{"_uf_show_specific_survey":0,"_uf_disable_surveys":false,"_jetpack_memberships_contains_paid_content":false,"footnotes":"","_wp_rev_ctl_limit":""},"categories":[1040],"tags":[1041,64,14],"class_list":["post-86808","post","type-post","status-publish","format-standard","has-post-thumbnail","hentry","category-chamas-do-destino","tag-chamas-do-destino","tag-novelas","tag-record","wpcat-1040-id"],"aioseo_notices":[],"jetpack_featured_media_url":"https:\/\/i0.wp.com\/www.tvnovelas.com.br\/tvnews\/wp-content\/uploads\/2026\/01\/12701.jpg?fit=728%2C410&ssl=1","jetpack_shortlink":"https:\/\/wp.me\/pdP2BO-mA8","jetpack_sharing_enabled":true,"_links":{"self":[{"href":"https:\/\/www.tvnovelas.com.br\/tvnews\/wp-json\/wp\/v2\/posts\/86808","targetHints":{"allow":["GET"]}}],"collection":[{"href":"https:\/\/www.tvnovelas.com.br\/tvnews\/wp-json\/wp\/v2\/posts"}],"about":[{"href":"https:\/\/www.tvnovelas.com.br\/tvnews\/wp-json\/wp\/v2\/types\/post"}],"author":[{"embeddable":true,"href":"https:\/\/www.tvnovelas.com.br\/tvnews\/wp-json\/wp\/v2\/users\/1"}],"replies":[{"embeddable":true,"href":"https:\/\/www.tvnovelas.com.br\/tvnews\/wp-json\/wp\/v2\/comments?post=86808"}],"version-history":[{"count":1,"href":"https:\/\/www.tvnovelas.com.br\/tvnews\/wp-json\/wp\/v2\/posts\/86808\/revisions"}],"predecessor-version":[{"id":86810,"href":"https:\/\/www.tvnovelas.com.br\/tvnews\/wp-json\/wp\/v2\/posts\/86808\/revisions\/86810"}],"wp:featuredmedia":[{"embeddable":true,"href":"https:\/\/www.tvnovelas.com.br\/tvnews\/wp-json\/wp\/v2\/media\/86809"}],"wp:attachment":[{"href":"https:\/\/www.tvnovelas.com.br\/tvnews\/wp-json\/wp\/v2\/media?parent=86808"}],"wp:term":[{"taxonomy":"category","embeddable":true,"href":"https:\/\/www.tvnovelas.com.br\/tvnews\/wp-json\/wp\/v2\/categories?post=86808"},{"taxonomy":"post_tag","embeddable":true,"href":"https:\/\/www.tvnovelas.com.br\/tvnews\/wp-json\/wp\/v2\/tags?post=86808"}],"curies":[{"name":"wp","href":"https:\/\/api.w.org\/{rel}","templated":true}]}}