{"id":86885,"date":"2026-01-09T17:23:53","date_gmt":"2026-01-09T20:23:53","guid":{"rendered":"https:\/\/www.tvnovelas.com.br\/tvnews\/?p=86885"},"modified":"2026-01-09T17:23:53","modified_gmt":"2026-01-09T20:23:53","slug":"em-a-mar-hoje-estrela-ja-admite-se-casar-com-sergio","status":"publish","type":"post","link":"https:\/\/www.tvnovelas.com.br\/tvnews\/em-a-mar-hoje-estrela-ja-admite-se-casar-com-sergio\/","title":{"rendered":"Em A.Mar hoje: Estrela j\u00e1 admite se casar com S\u00e9rgio"},"content":{"rendered":"<figure id=\"attachment_85326\" aria-describedby=\"caption-attachment-85326\" style=\"width: 728px\" class=\"wp-caption aligncenter\"><img data-recalc-dims=\"1\" decoding=\"async\" class=\"wp-image-85326 size-full\" title=\"(Foto: SBT\/Televisa\/A.Mar)\" src=\"https:\/\/i0.wp.com\/www.tvnovelas.com.br\/tvnews\/wp-content\/uploads\/2025\/11\/12426.jpg?resize=728%2C410&#038;ssl=1\" alt=\"Foto em Em A.Mar hoje: Estrela j\u00e1 admite se casar com S\u00e9rgio\" width=\"728\" height=\"410\" srcset=\"https:\/\/i0.wp.com\/www.tvnovelas.com.br\/tvnews\/wp-content\/uploads\/2025\/11\/12426.jpg?w=728&amp;ssl=1 728w, https:\/\/i0.wp.com\/www.tvnovelas.com.br\/tvnews\/wp-content\/uploads\/2025\/11\/12426.jpg?resize=250%2C141&amp;ssl=1 250w\" sizes=\"(max-width: 728px) 100vw, 728px\" \/><figcaption id=\"caption-attachment-85326\" class=\"wp-caption-text\">A.Mar: Em A.Mar hoje: Estrela j\u00e1 admite se casar com S\u00e9rgio<\/figcaption><\/figure>\n<p>No cap\u00edtulo de A.Mar desta sexta, dia 9, Fabian fala para Estrella que fica contente em v\u00ea-la feliz, apesar de saber que o povo est\u00e1 passando por uma situa\u00e7\u00e3o muito dif\u00edcil e que ela esteja com o homem causador de suas desgra\u00e7as.<\/p>\n<p>Estrela responde que n\u00e3o est\u00e1 com ningu\u00e9m, e Fabian lhe diz que S\u00e9rgio contou que eles estavam juntos e que iam se casar. Estrela revela que S\u00e9rgio a beijou, mas que eles n\u00e3o est\u00e3o juntos, nem v\u00e3o se casar.<\/p>\n<p>Fabian comenta com Estrela que saber que ela ia se casar com S\u00e9rgio o destruiu e que quis se dar uma oportunidade com \u00c9rika. Estrela diz que n\u00e3o vai se interpor entre eles e que, se forem trabalhar juntos, ser\u00e1 apenas isso: trabalho.<\/p>\n<p>Estrela diz a Azul que contar\u00e1 ao pai que sim, que vai se casar com ele. Azul, feliz, diz que esse \u00e9 o seu sonho, que os tr\u00eas sejam felizes.<\/p>\n<p><em> Confira o resumo do cap\u00edtulo de hoje:<\/em><\/p>\n<h2 style=\"color: #ff0000;\">Resumo de sexta-feira, 09 de janeiro<\/h2>\n<p>Adriana diz a Marina que \u00e9 capaz de tudo para recuperar Nicolas e pergunta o que ela estaria disposta a fazer se lhe disser onde est\u00e1 seu filho, porque ele est\u00e1 vivo .Porfirio diz que os pescadores vender\u00e3o suas propriedades por tr\u00eas pesos. S\u00e9rgio afirma que o povoado desaparecer\u00e1. Perla chega \u00e0 igreja e diz a Valentim que quer se casar com ele. Valentim e Perla celebram seu casamento religioso. Marina diz a Gabriel que Adriana a procurou algumas vezes: a primeira para exigir que ela se afastasse de Nicolas e a outra para dizer que seu filho est\u00e1 vivo, o que a faz voltar a ter esperan\u00e7a de encontr\u00e1-lo. Fabian fala para Estrella que fica contente em v\u00ea-la feliz, apesar de saber que o povo est\u00e1 passando por uma situa\u00e7\u00e3o muito dif\u00edcil e que ela esteja com o homem causador de suas desgra\u00e7as. Estrela responde que n\u00e3o est\u00e1 com ningu\u00e9m, e Fabian lhe diz que S\u00e9rgio contou que eles estavam juntos e que iam se casar. Estrela revela que S\u00e9rgio a beijou, mas que eles n\u00e3o est\u00e3o juntos nem v\u00e3o se casar. \u00c9rika cobra Estrela por t\u00ea-la visto conversando com Fabian. Estrela diz que n\u00e3o vai carregar as inseguran\u00e7as dela e que est\u00e1 ali por causa do casamento de sua irm\u00e3. Estrela diz que lhe d\u00f3i ver o qu\u00e3o mal o povo est\u00e1 e que quer lutar contra a Alpha Sul ao lado dele. S\u00e9rgio, furioso, diz a Roberto que os pescadores e Azul n\u00e3o lhe importam; o que ele quer \u00e9 o controle da Alpha Pac\u00edfico e, para isso, precisa conseguir que Estrella se case com ele, pois \u00e9 isso que seu pai lhe exige para alcan\u00e7ar o que deseja. \u00c9rika conta a S\u00e9rgio que Estrela decidiu ficar no povoado e se aliar a Fabian contra a processadora. S\u00e9rgio faz Estrela acreditar que \u00e9 o pai dela quem quer destruir seu povo e que a processadora \u00e9 dele. Estrela diz a Fabian que voltar\u00e1 para a cidade e enfrentar\u00e1 o pai junto com S\u00e9rgio. Fabian diz que, apesar de tudo, ainda a ama, e ela pergunta que, se ele a ama, porque se envolveu com Erika. Fabian comenta com Estrela que saber que ela ia se casar com S\u00e9rgio o destruiu e que quis se dar uma oportunidade com \u00c9rika. Estrela diz que n\u00e3o vai se interpor entre eles e que, se forem trabalhar juntos, ser\u00e1 apenas isso: trabalho. Estrela diz a Azul que contar\u00e1 ao pai que sim, que vai se casar com ele. Azul, feliz, diz que esse \u00e9 o seu sonho, que os tr\u00eas sejam felizes.<br \/>\n<!--FIM--><a href=\"https:\/\/tvnovelas.com.br\/novelas\/resumo-de-novelas-a-mar\/\" target=\"_blank\" rel=\"noopener\">Resumos dos cap\u00edtulos da semana de A.Mar<\/a><br \/>\n<div class=\"pt-cv-wrapper\"><h2 class='pt-cv-heading-container heading2' data-blockid='ab488fdp2g'><span class='pt-cv-heading'> \u00daltimas da Novela <\/span><\/h2><div class=\"pt-cv-view pt-cv-grid pt-cv-colsys\" id=\"pt-cv-view-ab488fdp2g\"><div data-id=\"pt-cv-page-1\" class=\"pt-cv-page\" data-cvc=\"1\"><div class=\"col-md-12 col-sm-12 col-xs-12 pt-cv-content-item pt-cv-1-col\" ><div class='pt-cv-ifield'><h4 class=\"pt-cv-title\"><a href=\"https:\/\/www.tvnovelas.com.br\/tvnews\/a-mar-estrela-reune-moradores-para-barrar-maquinario-de-sergio\/\" class=\"_self\" target=\"_self\" >A.Mar: Estrela re\u00fane moradores para barrar m\u00e1quin\u00e1rio de S\u00e9rgio<\/a><\/h4><\/div><\/div>\n<div class=\"col-md-12 col-sm-12 col-xs-12 pt-cv-content-item pt-cv-1-col\" ><div class='pt-cv-ifield'><h4 class=\"pt-cv-title\"><a href=\"https:\/\/www.tvnovelas.com.br\/tvnews\/a-mar-erika-inocenta-fabian-e-ulises\/\" class=\"_self\" target=\"_self\" >A.Mar: \u00c9rika inocenta Fabian e Ulises<\/a><\/h4><\/div><\/div>\n<div class=\"col-md-12 col-sm-12 col-xs-12 pt-cv-content-item pt-cv-1-col\" ><div class='pt-cv-ifield'><h4 class=\"pt-cv-title\"><a href=\"https:\/\/www.tvnovelas.com.br\/tvnews\/a-mar-erika-confessa-a-fabian-que-mentiu-sobre-gravidez\/\" class=\"_self\" target=\"_self\" >A.Mar: \u00c9rika confessa a Fabian que mentiu sobre gravidez<\/a><\/h4><\/div><\/div><\/div><\/div><\/div><\/p>\n<div style=\"font-size: 120%;\"><h3>Confira tamb\u00e9m<\/h3>\r\n<a href=\"https:\/\/tvnovelas.com.br\/novelas\/\" rel=\"noopener\" target=\"_blank\"><strong>Todos os resumos de novelas<\/strong><\/a><\/br>\r\n<a href=\"https:\/\/www.tvnovelas.com.br\/tvnews\/\" rel=\"noopener\" target=\"_blank\"><strong>\u00daltimas not\u00edcias das novelas<\/strong><\/a><\/br>\r\n<a href=\"https:\/\/www.tvnovelas.com.br\/filmes\/\" target=\"_blank\" rel=\"noopener noreferrer\"><strong>Programa\u00e7\u00e3o de filmes na TV aberta<\/strong><\/a><\/br>\r\n<a href=\"https:\/\/caetenews.com.br\/semana\/filmes-da-globo-na-sessao-da-tarde-desta-semana\/\" target=\"_blank\" rel=\"noopener\"><strong>Confira os filmes da semana na Sess\u00e3o da Tarde<\/strong><\/a><\/br>\r\n<a href=\"https:\/\/classindportal.mj.gov.br\/consulta-filmes\" target=\"_blank\" rel=\"noopener\"><strong>Consulte a classifica\u00e7\u00e3o indicativa dos filmes e novelas<\/strong><\/a><\/br><\/div>\n<p><a href=\"https:\/\/tvnovelas.com.br\/page2\/arquivo\/a-mar-conflitos-tragedia-e-drama-na-historia-de-estrela\/\" target=\"_blank\" rel=\"noopener\">A.Mar: Conhe\u00e7a a hist\u00f3ria da novela<\/a><\/p>\n","protected":false},"excerpt":{"rendered":"<p>Em A.Mar hoje: Estrela j\u00e1 admite se casar com S\u00e9rgio&#8230; No cap\u00edtulo de A.Mar desta sexta, dia 9, Fabian fala para Estrella que fica contente em v\u00ea-la feliz&#8230;<\/p>\n","protected":false},"author":1,"featured_media":84257,"comment_status":"closed","ping_status":"closed","sticky":false,"template":"","format":"standard","meta":{"_uf_show_specific_survey":0,"_uf_disable_surveys":false,"_jetpack_memberships_contains_paid_content":false,"footnotes":"","_wp_rev_ctl_limit":""},"categories":[1003],"tags":[1004,64,13],"class_list":["post-86885","post","type-post","status-publish","format-standard","has-post-thumbnail","hentry","category-a-mar","tag-a-mar","tag-novelas","tag-sbt","wpcat-1003-id"],"aioseo_notices":[],"jetpack_featured_media_url":"https:\/\/i0.wp.com\/www.tvnovelas.com.br\/tvnews\/wp-content\/uploads\/2025\/10\/12202.jpg?fit=728%2C410&ssl=1","jetpack_shortlink":"https:\/\/wp.me\/pdP2BO-mBn","jetpack_sharing_enabled":true,"_links":{"self":[{"href":"https:\/\/www.tvnovelas.com.br\/tvnews\/wp-json\/wp\/v2\/posts\/86885","targetHints":{"allow":["GET"]}}],"collection":[{"href":"https:\/\/www.tvnovelas.com.br\/tvnews\/wp-json\/wp\/v2\/posts"}],"about":[{"href":"https:\/\/www.tvnovelas.com.br\/tvnews\/wp-json\/wp\/v2\/types\/post"}],"author":[{"embeddable":true,"href":"https:\/\/www.tvnovelas.com.br\/tvnews\/wp-json\/wp\/v2\/users\/1"}],"replies":[{"embeddable":true,"href":"https:\/\/www.tvnovelas.com.br\/tvnews\/wp-json\/wp\/v2\/comments?post=86885"}],"version-history":[{"count":2,"href":"https:\/\/www.tvnovelas.com.br\/tvnews\/wp-json\/wp\/v2\/posts\/86885\/revisions"}],"predecessor-version":[{"id":86887,"href":"https:\/\/www.tvnovelas.com.br\/tvnews\/wp-json\/wp\/v2\/posts\/86885\/revisions\/86887"}],"wp:featuredmedia":[{"embeddable":true,"href":"https:\/\/www.tvnovelas.com.br\/tvnews\/wp-json\/wp\/v2\/media\/84257"}],"wp:attachment":[{"href":"https:\/\/www.tvnovelas.com.br\/tvnews\/wp-json\/wp\/v2\/media?parent=86885"}],"wp:term":[{"taxonomy":"category","embeddable":true,"href":"https:\/\/www.tvnovelas.com.br\/tvnews\/wp-json\/wp\/v2\/categories?post=86885"},{"taxonomy":"post_tag","embeddable":true,"href":"https:\/\/www.tvnovelas.com.br\/tvnews\/wp-json\/wp\/v2\/tags?post=86885"}],"curies":[{"name":"wp","href":"https:\/\/api.w.org\/{rel}","templated":true}]}}