{"id":86893,"date":"2026-01-10T09:19:46","date_gmt":"2026-01-10T12:19:46","guid":{"rendered":"https:\/\/www.tvnovelas.com.br\/tvnews\/?p=86893"},"modified":"2026-01-10T09:19:46","modified_gmt":"2026-01-10T12:19:46","slug":"eta-mundo-melhor-miriam-solta-para-anabela-que-estela-e-sua-mae","status":"publish","type":"post","link":"https:\/\/www.tvnovelas.com.br\/tvnews\/eta-mundo-melhor-miriam-solta-para-anabela-que-estela-e-sua-mae\/","title":{"rendered":"\u00cata Mundo Melhor!: Miriam solta para Anabela que Estela \u00e9 sua m\u00e3e"},"content":{"rendered":"<figure id=\"attachment_86894\" aria-describedby=\"caption-attachment-86894\" style=\"width: 728px\" class=\"wp-caption aligncenter\"><img data-recalc-dims=\"1\" decoding=\"async\" class=\"wp-image-86894 size-full\" title=\"(Foto: TV Globo\/\u00cata Mundo Melhor!)\" src=\"https:\/\/i0.wp.com\/www.tvnovelas.com.br\/tvnews\/wp-content\/uploads\/2026\/01\/12719.jpg?resize=728%2C410&#038;ssl=1\" alt=\"Foto em \u00cata Mundo Melhor!: Miriam solta para Anabela que Estela \u00e9 sua m\u00e3e\" width=\"728\" height=\"410\" srcset=\"https:\/\/i0.wp.com\/www.tvnovelas.com.br\/tvnews\/wp-content\/uploads\/2026\/01\/12719.jpg?w=728&amp;ssl=1 728w, https:\/\/i0.wp.com\/www.tvnovelas.com.br\/tvnews\/wp-content\/uploads\/2026\/01\/12719.jpg?resize=250%2C141&amp;ssl=1 250w\" sizes=\"(max-width: 728px) 100vw, 728px\" \/><figcaption id=\"caption-attachment-86894\" class=\"wp-caption-text\">\u00cata Mundo Melhor!: Miriam solta para Anabela que Estela \u00e9 sua m\u00e3e<\/figcaption><\/figure>\n<p>\u00cata Mundo Melhor!, Miriam (Leticia Sabatella) est\u00e1 com uma doen\u00e7a hep\u00e1tica e decidiu n\u00e3o perder mais tempo. Por isso, a fotojornalista voltou para a casa da Estela (Larissa Manoela) para tentar se entender com a filha. O que ela n\u00e3o imaginava era descobrir que Anabela (Isabelly Carvalho) \u00e9 sua neta.<\/p>\n<p>Estela pede segredo \u00e0 m\u00e3e, principalmente, sobre Ernesto (Eriberto Le\u00e3o) ser pai da menina. Mesmo n\u00e3o concordando com a mentira, Miriam promete n\u00e3o revelar o que sabe.<\/p>\n<p>Miriam conversa com Anabela sobre as suas aventuras de viagem e a crian\u00e7a pede para ela falar mais alto:<\/p>\n<p>&#8220;Eu tamb\u00e9m n\u00e3o escuto bem! A senhora vai ter que aprender a falar um pouco mais alto.&#8221;<\/p>\n<p>Distra\u00edda, Miriam acaba falando sobre o segredo:<\/p>\n<p>&#8220;Voc\u00ea tem uma doen\u00e7a nos ouvidos. Mas parece que a sua m\u00e3e est\u00e1 cuidando disso.&#8221;<\/p>\n<p>&#8220;Minha m\u00e3e? N\u00e3o! A Estela! Minha irm\u00e3!&#8221;, reage Anabela.<\/p>\n<p>Nervosa com a confus\u00e3o, Miriam tenta consertar o mal-entendido:<\/p>\n<p>&#8220;Desculpe, Anabela! S\u00e3o os rem\u00e9dios que me deixam tonta. Claro, sua irm\u00e3 Estela! Quer ver a marca do tiro que eu levei?&#8221;<br \/>\n<!--FIM--><br \/>\n<a href=\"https:\/\/tvnovelas.com.br\/novelas\/resumos-de-eta-mundo-melhor\/\" target=\"_blank\" rel=\"noopener\">Resumos dos cap\u00edtulos de \u00cata Mundo Melhor!<\/a><br \/>\n<div class=\"pt-cv-wrapper\"><h2 class='pt-cv-heading-container heading2' data-blockid='ae5b5529ra'><span class='pt-cv-heading'> \u00daltimas da novela <\/span><\/h2><div class=\"pt-cv-view pt-cv-grid pt-cv-colsys\" id=\"pt-cv-view-ae5b5529ra\"><div data-id=\"pt-cv-page-1\" class=\"pt-cv-page\" data-cvc=\"1\"><div class=\"col-md-12 col-sm-12 col-xs-12 pt-cv-content-item pt-cv-1-col\" ><div class='pt-cv-ifield'><h4 class=\"pt-cv-title\"><a href=\"https:\/\/www.tvnovelas.com.br\/tvnews\/eta-mundo-melhor-sandra-avisa-que-nao-vai-desistir-da-vinganca\/\" class=\"_blank\" target=\"_blank\" >\u00cata Mundo Melhor!: Sandra avisa que n\u00e3o vai desistir da vingan\u00e7a<\/a><\/h4><\/div><\/div>\n<div class=\"col-md-12 col-sm-12 col-xs-12 pt-cv-content-item pt-cv-1-col\" ><div class='pt-cv-ifield'><h4 class=\"pt-cv-title\"><a href=\"https:\/\/www.tvnovelas.com.br\/tvnews\/eta-mundo-melhor-celso-conta-a-candinho-o-que-sempre-escondeu-sobre-samir\/\" class=\"_blank\" target=\"_blank\" >\u00cata Mundo Melhor!: Celso conta a Candinho o que sempre escondeu sobre Samir<\/a><\/h4><\/div><\/div>\n<div class=\"col-md-12 col-sm-12 col-xs-12 pt-cv-content-item pt-cv-1-col\" ><div class='pt-cv-ifield'><h4 class=\"pt-cv-title\"><a href=\"https:\/\/www.tvnovelas.com.br\/tvnews\/eta-mundo-melhor-lourival-pede-uma-chance-a-dita-e-eles-se-beijam\/\" class=\"_blank\" target=\"_blank\" >\u00cata Mundo Melhor!: Lourival pede uma chance a Dita e eles se beijam<\/a><\/h4><\/div><\/div><\/div><\/div><\/div><br \/>\n&lt;h<\/p>\n<div style=\"font-size: 120%;\"><h3>Confira tamb\u00e9m<\/h3>\r\n<a href=\"https:\/\/tvnovelas.com.br\/novelas\/\" rel=\"noopener\" target=\"_blank\"><strong>Todos os resumos de novelas<\/strong><\/a><\/br>\r\n<a href=\"https:\/\/www.tvnovelas.com.br\/tvnews\/\" rel=\"noopener\" target=\"_blank\"><strong>\u00daltimas not\u00edcias das novelas<\/strong><\/a><\/br>\r\n<a href=\"https:\/\/www.tvnovelas.com.br\/filmes\/\" target=\"_blank\" rel=\"noopener noreferrer\"><strong>Programa\u00e7\u00e3o de filmes na TV aberta<\/strong><\/a><\/br>\r\n<a href=\"https:\/\/caetenews.com.br\/semana\/filmes-da-globo-na-sessao-da-tarde-desta-semana\/\" target=\"_blank\" rel=\"noopener\"><strong>Confira os filmes da semana na Sess\u00e3o da Tarde<\/strong><\/a><\/br>\r\n<a href=\"https:\/\/classindportal.mj.gov.br\/consulta-filmes\" target=\"_blank\" rel=\"noopener\"><strong>Consulte a classifica\u00e7\u00e3o indicativa dos filmes e novelas<\/strong><\/a><\/br><\/div>\n<h2>Sobre a novela:<\/h2>\n<p><a href=\"https:\/\/tvnovelas.com.br\/page2\/arquivo\/eta-mundo-melhor-a-volta-de-candinho-e-policarpo\/&quot;\" target=\"_blank\" rel=\"noopener\">\u00cata Mundo Melhor!: A volta de Candinho e Policarpo<\/a> (Sinopse)<br \/>\n<a href=\"https:\/\/pt.wikipedia.org\/wiki\/%C3%8Ata_Mundo_Melhor!\" target=\"_blank\" rel=\"noopener\">Sobre \u00cata Mundo Melhor!, na Wikipedia<\/a><\/p>\n","protected":false},"excerpt":{"rendered":"<p>\u00cata Mundo Melhor!: Miriam solta para Anabela&#8230;. \u00cata Mundo Melhor!, Miriam (Leticia Sabatella) est\u00e1 com uma doen\u00e7a hep\u00e1tica e decidiu n\u00e3o perder&#8230;<\/p>\n","protected":false},"author":1,"featured_media":86894,"comment_status":"closed","ping_status":"closed","sticky":false,"template":"","format":"standard","meta":{"_uf_show_specific_survey":0,"_uf_disable_surveys":false,"_jetpack_memberships_contains_paid_content":false,"footnotes":"","_wp_rev_ctl_limit":""},"categories":[920],"tags":[921,5,64],"class_list":["post-86893","post","type-post","status-publish","format-standard","has-post-thumbnail","hentry","category-eta-mundo-melhor","tag-eta-mundo-melhor","tag-globo","tag-novelas","wpcat-920-id"],"aioseo_notices":[],"jetpack_featured_media_url":"https:\/\/i0.wp.com\/www.tvnovelas.com.br\/tvnews\/wp-content\/uploads\/2026\/01\/12719.jpg?fit=728%2C410&ssl=1","jetpack_shortlink":"https:\/\/wp.me\/pdP2BO-mBv","jetpack_sharing_enabled":true,"_links":{"self":[{"href":"https:\/\/www.tvnovelas.com.br\/tvnews\/wp-json\/wp\/v2\/posts\/86893","targetHints":{"allow":["GET"]}}],"collection":[{"href":"https:\/\/www.tvnovelas.com.br\/tvnews\/wp-json\/wp\/v2\/posts"}],"about":[{"href":"https:\/\/www.tvnovelas.com.br\/tvnews\/wp-json\/wp\/v2\/types\/post"}],"author":[{"embeddable":true,"href":"https:\/\/www.tvnovelas.com.br\/tvnews\/wp-json\/wp\/v2\/users\/1"}],"replies":[{"embeddable":true,"href":"https:\/\/www.tvnovelas.com.br\/tvnews\/wp-json\/wp\/v2\/comments?post=86893"}],"version-history":[{"count":1,"href":"https:\/\/www.tvnovelas.com.br\/tvnews\/wp-json\/wp\/v2\/posts\/86893\/revisions"}],"predecessor-version":[{"id":86895,"href":"https:\/\/www.tvnovelas.com.br\/tvnews\/wp-json\/wp\/v2\/posts\/86893\/revisions\/86895"}],"wp:featuredmedia":[{"embeddable":true,"href":"https:\/\/www.tvnovelas.com.br\/tvnews\/wp-json\/wp\/v2\/media\/86894"}],"wp:attachment":[{"href":"https:\/\/www.tvnovelas.com.br\/tvnews\/wp-json\/wp\/v2\/media?parent=86893"}],"wp:term":[{"taxonomy":"category","embeddable":true,"href":"https:\/\/www.tvnovelas.com.br\/tvnews\/wp-json\/wp\/v2\/categories?post=86893"},{"taxonomy":"post_tag","embeddable":true,"href":"https:\/\/www.tvnovelas.com.br\/tvnews\/wp-json\/wp\/v2\/tags?post=86893"}],"curies":[{"name":"wp","href":"https:\/\/api.w.org\/{rel}","templated":true}]}}