{"id":86905,"date":"2026-01-10T19:31:01","date_gmt":"2026-01-10T22:31:01","guid":{"rendered":"https:\/\/www.tvnovelas.com.br\/tvnews\/?p=86905"},"modified":"2026-01-10T19:31:01","modified_gmt":"2026-01-10T22:31:01","slug":"a-mar-estrela-diz-sim-ao-casamento-com-sergio","status":"publish","type":"post","link":"https:\/\/www.tvnovelas.com.br\/tvnews\/a-mar-estrela-diz-sim-ao-casamento-com-sergio\/","title":{"rendered":"A.Mar: Estrela diz sim ao casamento com S\u00e9rgio"},"content":{"rendered":"<figure id=\"attachment_86906\" aria-describedby=\"caption-attachment-86906\" style=\"width: 728px\" class=\"wp-caption aligncenter\"><img data-recalc-dims=\"1\" decoding=\"async\" class=\"wp-image-86906 size-full\" title=\"(Foto: SBT\/Televisa\/A.Mar)\" src=\"https:\/\/i0.wp.com\/www.tvnovelas.com.br\/tvnews\/wp-content\/uploads\/2026\/01\/12655.jpg?resize=728%2C404&#038;ssl=1\" alt=\"Foto em A.Mar: Estrela diz sim ao casamento com S\u00e9rgio\" width=\"728\" height=\"404\" srcset=\"https:\/\/i0.wp.com\/www.tvnovelas.com.br\/tvnews\/wp-content\/uploads\/2026\/01\/12655.jpg?w=728&amp;ssl=1 728w, https:\/\/i0.wp.com\/www.tvnovelas.com.br\/tvnews\/wp-content\/uploads\/2026\/01\/12655.jpg?resize=250%2C139&amp;ssl=1 250w\" sizes=\"(max-width: 728px) 100vw, 728px\" \/><figcaption id=\"caption-attachment-86906\" class=\"wp-caption-text\">A.Mar: Estrela diz sim ao casamento com S\u00e9rgio<\/figcaption><\/figure>\n<p>No cap\u00edtulo de A.Mar desta segunda, dia 12, Estrela diz a S\u00e9rgio que aceita que se deem uma oportunidade de serem uma fam\u00edlia com Azul e que juntos enfrentar\u00e3o o pai dela.<\/p>\n<p>Estrela diz a Fabian que a processadora fechou e que todos est\u00e3o felizes, que Azul est\u00e1 feliz. Fabian responde que ela n\u00e3o est\u00e1 apaixonada por S\u00e9rgio, e Estrela responde que ele se deu uma oportunidade com \u00c9rika e tamb\u00e9m n\u00e3o est\u00e1 apaixonado.<\/p>\n<p>Yasmin comenta com o pai que sabe que ele est\u00e1 triste por causa de Estrela, mas sente que ela n\u00e3o se entregou totalmente por ele como \u00c9rika fez e que ele deveria se dar uma oportunidade com ela.<\/p>\n<p>S\u00e9rgio, por sua vez, diz a Estrela que j\u00e1 encontrou a casa onde v\u00e3o viver juntos, mas ela responde que est\u00e1 indo r\u00e1pido demais, e ele responde que n\u00e3o precisam esperar mais.<\/p>\n<p><em> Confira o resumo do cap\u00edtulo de hoje:<\/em><\/p>\n<h2 style=\"color: #ff0000;\">Resumo de segunda-feira, 12 de janeiro<\/h2>\n<p>Estrela diz a S\u00e9rgio que aceita que se deem uma oportunidade de serem uma fam\u00edlia com Azul e que juntos enfrentar\u00e3o o pai dela. Brisa diz a Gabriel que pergunta se entre eles poderia voltar a existir algo. Ele responde que vai viajar com Eder e n\u00e3o sabe o que acontecer\u00e1 mais adiante, embora tudo possa acontecer. Mercedes diz a Fabian que acha que ele n\u00e3o tem direito de opinar sobre a rela\u00e7\u00e3o de Estrela com S\u00e9rgio, se ele anda com \u00c9rika. Pascoal pergunta a Brisa se ela ainda gosta de Gabriel e se \u00e9 por ele que n\u00e3o quer que seu relacionamento seja conhecido. Brisa responde que gosta muito dos dois e n\u00e3o sabe o que fazer. S\u00e9rgio, c\u00ednico, diz a Fabian que venceu, porque a processadora fechar\u00e1 para sempre. Fabian alega que ele usou isso para chantagear Estrela a ficar com ele. Estrela diz a Fabian que a processadora fechou e que todos est\u00e3o felizes, que Azul est\u00e1 feliz. Fabian responde que ela n\u00e3o est\u00e1 apaixonada por S\u00e9rgio, e Estrela responde que ele se deu uma oportunidade com \u00c9rika e tamb\u00e9m n\u00e3o est\u00e1 apaixonado. Yasmin comenta com o pai que sabe que ele est\u00e1 triste por causa de Estrela, mas sente que ela n\u00e3o se entregou totalmente por ele como \u00c9rika fez e que ele deveria se dar uma oportunidade com ela. Adriana diz a Marina que, se quiser saber onde est\u00e1 seu filho, primeiro ter\u00e1 que renunciar \u00e0 heran\u00e7a de sua m\u00e3e e, em segundo lugar, ter\u00e1 que renunciar a Nicolas. Adriana alega a Marina que, seja o que for que ela tenha com Nicolas, isso precisa acabar e que, quando ela cumprir a sua parte, ir\u00e1 procur\u00e1-la para dizer onde est\u00e1 seu filho. Roberto chega \u00e0 casa de S\u00e9rgio e diz que seu pai ordena que a processadora continue funcionando e que, se ele n\u00e3o cumprir suas ordens, ser\u00e1 deserdado. Brisa beija Gabriel e Pascoal os surpreende. Brisa tenta se explicar para Pascoal, mas ele responde que a ama, por\u00e9m n\u00e3o pode estar com algu\u00e9m que n\u00e3o o ama da mesma forma, ent\u00e3o \u00e9 melhor que terminem. Roberto diz a S\u00e9rgio que ele j\u00e1 n\u00e3o \u00e9 mais seu chefe, porque seu pai o removeu do cargo e deixou a posi\u00e7\u00e3o com ele, e que a Alpha Sul continuar\u00e1 funcionando. Estrela e Azul v\u00e3o embora da casa de S\u00e9rgio, e ele abra\u00e7a Roberto, gargalhando por ter conseguido enganar a todos, enquanto Estrela acredita que ele \u00e9 uma alma pura. Mercedes agradece a S\u00e9rgio por ter fechado a processadora, mas Perla n\u00e3o est\u00e1 convencida de sua sinceridade. Adriana v\u00ea Marina e Nicolas se beijando e, furiosa, diz que eles jamais saber\u00e3o onde est\u00e1 seu filho e que se arrepender\u00e3o. S\u00e9rgio diz a Estrela que j\u00e1 encontrou a casa onde v\u00e3o viver juntos, mas ela declara que S\u00e9rgio est\u00e1 indo r\u00e1pido demais, e ele responde que n\u00e3o precisam esperar mais. Marina diz a Nicolas que j\u00e1 se lembrou de que, durante o furac\u00e3o, colocou Nico dentro da gaveta de um m\u00f3vel e que Gabriel encontrou Eder na gaveta de um m\u00f3vel. Ela diz que Eder \u00e9 seu filho.<br \/>\n<!--FIM--><a href=\"https:\/\/tvnovelas.com.br\/novelas\/resumo-de-novelas-a-mar\/\" target=\"_blank\" rel=\"noopener\">Resumos dos cap\u00edtulos da semana de A.Mar<\/a><br \/>\n<div class=\"pt-cv-wrapper\"><h2 class='pt-cv-heading-container heading2' data-blockid='ab488fdp2g'><span class='pt-cv-heading'> \u00daltimas da Novela <\/span><\/h2><div class=\"pt-cv-view pt-cv-grid pt-cv-colsys\" id=\"pt-cv-view-ab488fdp2g\"><div data-id=\"pt-cv-page-1\" class=\"pt-cv-page\" data-cvc=\"1\"><div class=\"col-md-12 col-sm-12 col-xs-12 pt-cv-content-item pt-cv-1-col\" ><div class='pt-cv-ifield'><h4 class=\"pt-cv-title\"><a href=\"https:\/\/www.tvnovelas.com.br\/tvnews\/a-mar-estrela-reune-moradores-para-barrar-maquinario-de-sergio\/\" class=\"_self\" target=\"_self\" >A.Mar: Estrela re\u00fane moradores para barrar m\u00e1quin\u00e1rio de S\u00e9rgio<\/a><\/h4><\/div><\/div>\n<div class=\"col-md-12 col-sm-12 col-xs-12 pt-cv-content-item pt-cv-1-col\" ><div class='pt-cv-ifield'><h4 class=\"pt-cv-title\"><a href=\"https:\/\/www.tvnovelas.com.br\/tvnews\/a-mar-erika-inocenta-fabian-e-ulises\/\" class=\"_self\" target=\"_self\" >A.Mar: \u00c9rika inocenta Fabian e Ulises<\/a><\/h4><\/div><\/div>\n<div class=\"col-md-12 col-sm-12 col-xs-12 pt-cv-content-item pt-cv-1-col\" ><div class='pt-cv-ifield'><h4 class=\"pt-cv-title\"><a href=\"https:\/\/www.tvnovelas.com.br\/tvnews\/a-mar-erika-confessa-a-fabian-que-mentiu-sobre-gravidez\/\" class=\"_self\" target=\"_self\" >A.Mar: \u00c9rika confessa a Fabian que mentiu sobre gravidez<\/a><\/h4><\/div><\/div><\/div><\/div><\/div><\/p>\n<div style=\"font-size: 120%;\"><h3>Confira tamb\u00e9m<\/h3>\r\n<a href=\"https:\/\/tvnovelas.com.br\/novelas\/\" rel=\"noopener\" target=\"_blank\"><strong>Todos os resumos de novelas<\/strong><\/a><\/br>\r\n<a href=\"https:\/\/www.tvnovelas.com.br\/tvnews\/\" rel=\"noopener\" target=\"_blank\"><strong>\u00daltimas not\u00edcias das novelas<\/strong><\/a><\/br>\r\n<a href=\"https:\/\/www.tvnovelas.com.br\/filmes\/\" target=\"_blank\" rel=\"noopener noreferrer\"><strong>Programa\u00e7\u00e3o de filmes na TV aberta<\/strong><\/a><\/br>\r\n<a href=\"https:\/\/caetenews.com.br\/semana\/filmes-da-globo-na-sessao-da-tarde-desta-semana\/\" target=\"_blank\" rel=\"noopener\"><strong>Confira os filmes da semana na Sess\u00e3o da Tarde<\/strong><\/a><\/br>\r\n<a href=\"https:\/\/classindportal.mj.gov.br\/consulta-filmes\" target=\"_blank\" rel=\"noopener\"><strong>Consulte a classifica\u00e7\u00e3o indicativa dos filmes e novelas<\/strong><\/a><\/br><\/div>\n<p><a href=\"https:\/\/tvnovelas.com.br\/page2\/arquivo\/a-mar-conflitos-tragedia-e-drama-na-historia-de-estrela\/\" target=\"_blank\" rel=\"noopener\">A.Mar: Conhe\u00e7a a hist\u00f3ria da novela<\/a><\/p>\n","protected":false},"excerpt":{"rendered":"<p>A.Mar: Estrela diz sim ao casamento com S\u00e9rgio&#8230; No cap\u00edtulo de A.Mar desta segunda, dia 12, Estrela diz a S\u00e9rgio que aceita que se deem&#8230;<\/p>\n","protected":false},"author":1,"featured_media":86906,"comment_status":"closed","ping_status":"closed","sticky":false,"template":"","format":"standard","meta":{"_uf_show_specific_survey":0,"_uf_disable_surveys":false,"_jetpack_memberships_contains_paid_content":false,"footnotes":"","_wp_rev_ctl_limit":""},"categories":[1003],"tags":[1004,5,64],"class_list":["post-86905","post","type-post","status-publish","format-standard","has-post-thumbnail","hentry","category-a-mar","tag-a-mar","tag-globo","tag-novelas","wpcat-1003-id"],"aioseo_notices":[],"jetpack_featured_media_url":"https:\/\/i0.wp.com\/www.tvnovelas.com.br\/tvnews\/wp-content\/uploads\/2026\/01\/12655.jpg?fit=728%2C404&ssl=1","jetpack_shortlink":"https:\/\/wp.me\/pdP2BO-mBH","jetpack_sharing_enabled":true,"_links":{"self":[{"href":"https:\/\/www.tvnovelas.com.br\/tvnews\/wp-json\/wp\/v2\/posts\/86905","targetHints":{"allow":["GET"]}}],"collection":[{"href":"https:\/\/www.tvnovelas.com.br\/tvnews\/wp-json\/wp\/v2\/posts"}],"about":[{"href":"https:\/\/www.tvnovelas.com.br\/tvnews\/wp-json\/wp\/v2\/types\/post"}],"author":[{"embeddable":true,"href":"https:\/\/www.tvnovelas.com.br\/tvnews\/wp-json\/wp\/v2\/users\/1"}],"replies":[{"embeddable":true,"href":"https:\/\/www.tvnovelas.com.br\/tvnews\/wp-json\/wp\/v2\/comments?post=86905"}],"version-history":[{"count":2,"href":"https:\/\/www.tvnovelas.com.br\/tvnews\/wp-json\/wp\/v2\/posts\/86905\/revisions"}],"predecessor-version":[{"id":86908,"href":"https:\/\/www.tvnovelas.com.br\/tvnews\/wp-json\/wp\/v2\/posts\/86905\/revisions\/86908"}],"wp:featuredmedia":[{"embeddable":true,"href":"https:\/\/www.tvnovelas.com.br\/tvnews\/wp-json\/wp\/v2\/media\/86906"}],"wp:attachment":[{"href":"https:\/\/www.tvnovelas.com.br\/tvnews\/wp-json\/wp\/v2\/media?parent=86905"}],"wp:term":[{"taxonomy":"category","embeddable":true,"href":"https:\/\/www.tvnovelas.com.br\/tvnews\/wp-json\/wp\/v2\/categories?post=86905"},{"taxonomy":"post_tag","embeddable":true,"href":"https:\/\/www.tvnovelas.com.br\/tvnews\/wp-json\/wp\/v2\/tags?post=86905"}],"curies":[{"name":"wp","href":"https:\/\/api.w.org\/{rel}","templated":true}]}}