{"id":86915,"date":"2026-01-11T09:53:52","date_gmt":"2026-01-11T12:53:52","guid":{"rendered":"https:\/\/www.tvnovelas.com.br\/tvnews\/?p=86915"},"modified":"2026-01-11T09:55:56","modified_gmt":"2026-01-11T12:55:56","slug":"tres-gracas-zenilda-decide-investigar-sumico-de-rogerio","status":"publish","type":"post","link":"https:\/\/www.tvnovelas.com.br\/tvnews\/tres-gracas-zenilda-decide-investigar-sumico-de-rogerio\/","title":{"rendered":"Tr\u00eas Gra\u00e7as: Zenilda decide investigar sumi\u00e7o de Rog\u00e9rio"},"content":{"rendered":"<figure id=\"attachment_86916\" aria-describedby=\"caption-attachment-86916\" style=\"width: 728px\" class=\"wp-caption aligncenter\"><img data-recalc-dims=\"1\" decoding=\"async\" class=\"wp-image-86916 size-full\" title=\"(Foto: TV Globo\/Tr\u00eas Gra\u00e7as)\" src=\"https:\/\/i0.wp.com\/www.tvnovelas.com.br\/tvnews\/wp-content\/uploads\/2026\/01\/12722.jpg?resize=728%2C409&#038;ssl=1\" alt=\"Foto em Tr\u00eas Gra\u00e7as: Zenilda decide investigar sumi\u00e7o de Rog\u00e9rio\" width=\"728\" height=\"409\" srcset=\"https:\/\/i0.wp.com\/www.tvnovelas.com.br\/tvnews\/wp-content\/uploads\/2026\/01\/12722.jpg?w=728&amp;ssl=1 728w, https:\/\/i0.wp.com\/www.tvnovelas.com.br\/tvnews\/wp-content\/uploads\/2026\/01\/12722.jpg?resize=250%2C140&amp;ssl=1 250w\" sizes=\"(max-width: 728px) 100vw, 728px\" \/><figcaption id=\"caption-attachment-86916\" class=\"wp-caption-text\">Tr\u00eas Gra\u00e7as: Zenilda decide investigar sumi\u00e7o de Rog\u00e9rio<\/figcaption><\/figure>\n<p>Em Tr\u00eas Gra\u00e7as, A nova tentativa falida de matar Rog\u00e9rio (Eduardo Moscovis), em Tr\u00eas Gra\u00e7as, vai causar problemas conjugais para Ferette (Murilo Ben\u00edcio).<\/p>\n<p>Ap\u00f3s atirar na cama onde o s\u00f3cio estaria dormindo e constatar que ele n\u00e3o estava l\u00e1, o empres\u00e1rio voltou para casa. Quando Arminda (Grazi Massafera) percebeu que n\u00e3o era novamente vi\u00fava, ela tratou de ligar o amante, que retornou \u00e0 mans\u00e3o da vil\u00e3. Quem n\u00e3o gostou nada disso foi a esposa de Ferette, Zenilda (Andr\u00e9ia Horta), que h\u00e1 um bom tempo anda de olho nas movimenta\u00e7\u00f5es do marido.<\/p>\n<p>Quando Ferette retornar para casa, ele ter\u00e1 que dar satisfa\u00e7\u00f5es para a esposa. Zenilda cobrar\u00e1 explica\u00e7\u00f5es do marido.<\/p>\n<p>\u201cVamos l\u00e1, Ferette, voc\u00ea est\u00e1 me devendo explica\u00e7\u00f5es de porque ficou na casa dela at\u00e9 de manh\u00e3.\u201d<\/p>\n<p>Ele vai inventar que Rog\u00e9rio surtou e desapareceu, mas n\u00e3o convence Zenilda. Lorena (Alanis Guillen) vai abrir os olhos da m\u00e3e:<\/p>\n<p>\u201cVoc\u00ea tem que escolher se voc\u00ea quer ser a ex-esposa que denuncia os podres do marido e vai viver tua liberdade, ou se voc\u00ea vai ser a esposa fiel que vai junto com ele para cadeia.\u201d<\/p>\n<p>As palavras da filha surtem efeito. Zenilda decide se informar sobre o inqu\u00e9rito da \u201cprimeira morte\u201d de Rog\u00e9rio, h\u00e1 cinco anos, e pede que Lorena lhe apresente Juquinha, que investiga o caso.<br \/>\n!&#8211;FIM&#8211;&gt;<br \/>\n<div class=\"pt-cv-wrapper\"><h2 class='pt-cv-heading-container heading2' data-blockid='aa8cb49py2'><span class='pt-cv-heading'> \u00daltimas da Novela <\/span><\/h2><div class=\"pt-cv-view pt-cv-grid pt-cv-colsys\" id=\"pt-cv-view-aa8cb49py2\"><div data-id=\"pt-cv-page-1\" class=\"pt-cv-page\" data-cvc=\"1\"><div class=\"col-md-12 col-sm-12 col-xs-12 pt-cv-content-item pt-cv-1-col\" ><div class='pt-cv-ifield'><h4 class=\"pt-cv-title\"><a href=\"https:\/\/www.tvnovelas.com.br\/tvnews\/tres-gracas-joaquim-propoe-fuga-a-arminda-com-o-dinheiro-das-tres-gracas\/\" class=\"_self\" target=\"_self\" >Tr\u00eas Gra\u00e7as:  Joaquim prop\u00f5e fuga a Arminda com o dinheiro das Tr\u00eas Gra\u00e7as<\/a><\/h4><\/div><\/div>\n<div class=\"col-md-12 col-sm-12 col-xs-12 pt-cv-content-item pt-cv-1-col\" ><div class='pt-cv-ifield'><h4 class=\"pt-cv-title\"><a href=\"https:\/\/www.tvnovelas.com.br\/tvnews\/tres-gracas-bagda-e-preso-por-juquinha\/\" class=\"_self\" target=\"_self\" >Tr\u00eas Gra\u00e7as:  Bagd\u00e1 \u00e9 preso por Juquinha<\/a><\/h4><\/div><\/div>\n<div class=\"col-md-12 col-sm-12 col-xs-12 pt-cv-content-item pt-cv-1-col\" ><div class='pt-cv-ifield'><h4 class=\"pt-cv-title\"><a href=\"https:\/\/www.tvnovelas.com.br\/tvnews\/os-resumos-de-tres-gracas-da-semana-27-4-a-02-de-maio\/\" class=\"_self\" target=\"_self\" >Os resumos de Tr\u00eas Gra\u00e7as da semana 27\/4 a 02 de maio<\/a><\/h4><\/div><\/div><\/div><\/div><\/div><\/p>\n<h2>Saiba mais<\/h2>\n<p><a href=\"https:\/\/tvnovelas.com.br\/novelas\/resumos-de-tres-gracas\/\" target=\"_blank\" rel=\"noopener\">Tr\u00eas Gra\u00e7as: Resumos dos cap\u00edtulos da semana<\/a><br \/>\n<a href=\"https:\/\/tvnovelas.com.br\/page2\/arquivo\/tres-gracas-aluta-para-nao-perder-a-esperanca\/\" target=\"_blank\" rel=\"noopener\">&#8216;Tr\u00eas Gra\u00e7as\u2019, a luta para n\u00e3o perder a esperan\u00e7a<\/a> (Sinopse)<br \/>\n<a href=\"https:\/\/www.tvnovelas.com.br\/tvnews\/tres-gracas-as-tres-gracas-e-suas-adversidades\/\" target=\"_blank\" rel=\"noopener\">Tr\u00eas Gra\u00e7as: As tr\u00eas Gra\u00e7as e suas adversidades<\/a><\/p>\n<div style=\"font-size: 120%;\"><h3>Confira tamb\u00e9m<\/h3>\r\n<a href=\"https:\/\/tvnovelas.com.br\/novelas\/\" rel=\"noopener\" target=\"_blank\"><strong>Todos os resumos de novelas<\/strong><\/a><\/br>\r\n<a href=\"https:\/\/www.tvnovelas.com.br\/tvnews\/\" rel=\"noopener\" target=\"_blank\"><strong>\u00daltimas not\u00edcias das novelas<\/strong><\/a><\/br>\r\n<a href=\"https:\/\/www.tvnovelas.com.br\/filmes\/\" target=\"_blank\" rel=\"noopener noreferrer\"><strong>Programa\u00e7\u00e3o de filmes na TV aberta<\/strong><\/a><\/br>\r\n<a href=\"https:\/\/caetenews.com.br\/semana\/filmes-da-globo-na-sessao-da-tarde-desta-semana\/\" target=\"_blank\" rel=\"noopener\"><strong>Confira os filmes da semana na Sess\u00e3o da Tarde<\/strong><\/a><\/br>\r\n<a href=\"https:\/\/classindportal.mj.gov.br\/consulta-filmes\" target=\"_blank\" rel=\"noopener\"><strong>Consulte a classifica\u00e7\u00e3o indicativa dos filmes e novelas<\/strong><\/a><\/br><\/div>\n","protected":false},"excerpt":{"rendered":"<p>Tr\u00eas Gra\u00e7as: Zenilda decide investigar sumi\u00e7o de Rog\u00e9rio&#8230; A nova tentativa falida de matar Rog\u00e9rio (Eduardo Moscovis), em Tr\u00eas Gra\u00e7as, vai causar problemas&#8230;<\/p>\n","protected":false},"author":1,"featured_media":86916,"comment_status":"closed","ping_status":"closed","sticky":false,"template":"","format":"standard","meta":{"_uf_show_specific_survey":0,"_uf_disable_surveys":false,"_jetpack_memberships_contains_paid_content":false,"footnotes":"","_wp_rev_ctl_limit":""},"categories":[1006],"tags":[5,64,1007],"class_list":["post-86915","post","type-post","status-publish","format-standard","has-post-thumbnail","hentry","category-tres-gracas","tag-globo","tag-novelas","tag-tres-gracas","wpcat-1006-id"],"aioseo_notices":[],"jetpack_featured_media_url":"https:\/\/i0.wp.com\/www.tvnovelas.com.br\/tvnews\/wp-content\/uploads\/2026\/01\/12722.jpg?fit=728%2C409&ssl=1","jetpack_shortlink":"https:\/\/wp.me\/pdP2BO-mBR","jetpack_sharing_enabled":true,"_links":{"self":[{"href":"https:\/\/www.tvnovelas.com.br\/tvnews\/wp-json\/wp\/v2\/posts\/86915","targetHints":{"allow":["GET"]}}],"collection":[{"href":"https:\/\/www.tvnovelas.com.br\/tvnews\/wp-json\/wp\/v2\/posts"}],"about":[{"href":"https:\/\/www.tvnovelas.com.br\/tvnews\/wp-json\/wp\/v2\/types\/post"}],"author":[{"embeddable":true,"href":"https:\/\/www.tvnovelas.com.br\/tvnews\/wp-json\/wp\/v2\/users\/1"}],"replies":[{"embeddable":true,"href":"https:\/\/www.tvnovelas.com.br\/tvnews\/wp-json\/wp\/v2\/comments?post=86915"}],"version-history":[{"count":3,"href":"https:\/\/www.tvnovelas.com.br\/tvnews\/wp-json\/wp\/v2\/posts\/86915\/revisions"}],"predecessor-version":[{"id":86919,"href":"https:\/\/www.tvnovelas.com.br\/tvnews\/wp-json\/wp\/v2\/posts\/86915\/revisions\/86919"}],"wp:featuredmedia":[{"embeddable":true,"href":"https:\/\/www.tvnovelas.com.br\/tvnews\/wp-json\/wp\/v2\/media\/86916"}],"wp:attachment":[{"href":"https:\/\/www.tvnovelas.com.br\/tvnews\/wp-json\/wp\/v2\/media?parent=86915"}],"wp:term":[{"taxonomy":"category","embeddable":true,"href":"https:\/\/www.tvnovelas.com.br\/tvnews\/wp-json\/wp\/v2\/categories?post=86915"},{"taxonomy":"post_tag","embeddable":true,"href":"https:\/\/www.tvnovelas.com.br\/tvnews\/wp-json\/wp\/v2\/tags?post=86915"}],"curies":[{"name":"wp","href":"https:\/\/api.w.org\/{rel}","templated":true}]}}