{"id":86938,"date":"2026-01-12T18:02:27","date_gmt":"2026-01-12T21:02:27","guid":{"rendered":"https:\/\/www.tvnovelas.com.br\/tvnews\/?p=86938"},"modified":"2026-01-12T18:03:08","modified_gmt":"2026-01-12T21:03:08","slug":"chamas-do-destino-omer-e-preso-vitima-de-plano-sordido-de-celebi","status":"publish","type":"post","link":"https:\/\/www.tvnovelas.com.br\/tvnews\/chamas-do-destino-omer-e-preso-vitima-de-plano-sordido-de-celebi\/","title":{"rendered":"Chamas do Destino: Omer \u00e9 preso v\u00edtima de plano s\u00f3rdido de Celebi"},"content":{"rendered":"<figure id=\"attachment_86939\" aria-describedby=\"caption-attachment-86939\" style=\"width: 728px\" class=\"wp-caption aligncenter\"><img data-recalc-dims=\"1\" decoding=\"async\" class=\"wp-image-86939 size-full\" title=\"(Foto: Record\/Chamas do Destino)\" src=\"https:\/\/i0.wp.com\/www.tvnovelas.com.br\/tvnews\/wp-content\/uploads\/2026\/01\/12728.jpg?resize=728%2C410&#038;ssl=1\" alt=\"Foto em Chamas do Destino: Omer \u00e9 preso v\u00edtima de plano s\u00f3rdido de Celebi\" width=\"728\" height=\"410\" srcset=\"https:\/\/i0.wp.com\/www.tvnovelas.com.br\/tvnews\/wp-content\/uploads\/2026\/01\/12728.jpg?w=728&amp;ssl=1 728w, https:\/\/i0.wp.com\/www.tvnovelas.com.br\/tvnews\/wp-content\/uploads\/2026\/01\/12728.jpg?resize=250%2C141&amp;ssl=1 250w\" sizes=\"(max-width: 728px) 100vw, 728px\" \/><figcaption id=\"caption-attachment-86939\" class=\"wp-caption-text\">Chamas do Destino: Omer \u00e9 preso v\u00edtima de plano s\u00f3rdido de Celebi<\/figcaption><\/figure>\n<p>No cap\u00edtulo de Chamas do Destino desta segunda, dia 12, a teia de manipula\u00e7\u00f5es de Celebi ganha um novo evento. Iskender decide confessar para Celebi a verdadeira origem da explos\u00e3o no evento beneficente. Em vez de assumir a culpa, o empres\u00e1rio sugere um plano s\u00f3rdido para incriminar Omer injustamente, resultando em um mandado de pris\u00e3o imediato contra o gar\u00e7om.<\/p>\n<p>No hospital, o desespero de uma m\u00e3e fala mais alto que o medo, e ao ver Gunes arder em febre, Cemre ignora os riscos de ser capturada e busca atendimento m\u00e9dico. Uma decis\u00e3o que permite a Celebi localizar o paradeiro da fam\u00edlia.<\/p>\n<p>Enquanto isso, Ruya assume o papel de advogada de Omer e decide enfrentar o poder do pai, enquanto come\u00e7a a processar a terr\u00edvel suspeita de que Celebi dopava a pr\u00f3pria esposa para mant\u00ea-la sob controle.<\/p>\n<p>Na mans\u00e3o, o pequeno Atlas vive um turbilh\u00e3o emocional; ap\u00f3s o choque inicial de perceber que a mulher que est\u00e1 em casa n\u00e3o \u00e9 sua m\u00e3e.<\/p>\n<p>Confira o resumo de hoje:<\/p>\n<h2 style=\"color: #ea7b7b;\">Resumo de segunda-feira, 12 de janeiro<\/h2>\n<p>Hazar tenta levantar-se e \u00e9 repreendida por Berker. A jovem, mesmo debilitada, grita que ela n\u00e3o \u00e9 Simal, enquanto tenta deixar o local. Na sa\u00edda da mans\u00e3o, ela fica de frente com o noivo, que n\u00e3o a reconhece. A m\u00e9dica decide revelar porque deixou que todos acreditassem que ela \u00e9 sua filha. Ruya vai at\u00e9 a delegacia acusar Iskender de ser respons\u00e1vel pela morte da amiga Hazar. O delegado, ciente de que Iskender \u00e9 um homem influente, decide n\u00e3o registrar a den\u00fancia. Celebi acredita que a esposa est\u00e1 viva e tenta localiz\u00e1-la. Cemre se arisca e vai buscar a filha sem o marido perceber. Celebi chega em casa e n\u00e3o encontra Gunes. Furioso, ele amea\u00e7a o taxista que transportou a esposa. Com medo, o motorista revela que Cemre usou o telefone para ligar para Omer. Cemre aluga um carro para fugir com Gunes. Cicek tenta se adaptar \u00e0 nova realidade e entra em desespero ao se ver no espelho. Tomris recebe a visita do advogado de Bulent, que informa que seu cliente ir\u00e1 entrar com uma a\u00e7\u00e3o para ter a guarda do filho.<br \/>\n<!--FIM DO POST--><br \/>\n<strong>Saiba mais:<\/strong><br \/>\n<a href=\"https:\/\/wp.me\/pfspD2-VZ\" target=\"_blank\" rel=\"noopener\">Chamas do Destino: Tr\u00eas mulheres cujas hist\u00f3rias se cruzam<\/a> (Sinopse)<br \/>\n<div class=\"pt-cv-wrapper\"><h1 class='pt-cv-heading-container heading1' data-blockid='2ab72430a2'><span class='pt-cv-heading'> \u00daltimas da Novela <\/span><\/h1><div class=\"pt-cv-view pt-cv-grid pt-cv-colsys\" id=\"pt-cv-view-2ab72430a2\"><div data-id=\"pt-cv-page-1\" class=\"pt-cv-page\" data-cvc=\"1\"><div class=\"col-md-12 col-sm-12 col-xs-12 pt-cv-content-item pt-cv-1-col\" ><div class='pt-cv-ifield'><h4 class=\"pt-cv-title\"><a href=\"https:\/\/www.tvnovelas.com.br\/tvnews\/chamas-do-destino-iskender-e-preso-apos-denuncia-de-cicek\/\" class=\"_self\" target=\"_self\" >Chamas do Destino: Iskender \u00e9 preso ap\u00f3s den\u00fancia de Cicek<\/a><\/h4><\/div><\/div>\n<div class=\"col-md-12 col-sm-12 col-xs-12 pt-cv-content-item pt-cv-1-col\" ><div class='pt-cv-ifield'><h4 class=\"pt-cv-title\"><a href=\"https:\/\/www.tvnovelas.com.br\/tvnews\/chamas-do-destino-seher-permite-que-cemre-visite-ozan\/\" class=\"_self\" target=\"_self\" >Chamas do Destino: Seher permite que Cemre visite Ozan<\/a><\/h4><\/div><\/div>\n<div class=\"col-md-12 col-sm-12 col-xs-12 pt-cv-content-item pt-cv-1-col\" ><div class='pt-cv-ifield'><h4 class=\"pt-cv-title\"><a href=\"https:\/\/www.tvnovelas.com.br\/tvnews\/chamas-do-destino-iskender-se-torna-a-unica-esperanca-para-salvar-a-vida-de-ozan\/\" class=\"_self\" target=\"_self\" >Chamas do Destino: Iskender se torna a \u00fanica esperan\u00e7a para salvar a vida de Ozan<\/a><\/h4><\/div><\/div><\/div><\/div><\/div><\/p>\n<div style=\"font-size: 150%;\"><h3>Confira tamb\u00e9m<\/h3>\r\n<a href=\"https:\/\/tvnovelas.com.br\/novelas\/\" rel=\"noopener\" target=\"_blank\"><strong>Todos os resumos de novelas<\/strong><\/a><\/br>\r\n<a href=\"https:\/\/www.tvnovelas.com.br\/tvnews\/\" rel=\"noopener\" target=\"_blank\"><strong>\u00daltimas not\u00edcias das novelas<\/strong><\/a><\/br>\r\n<a href=\"https:\/\/www.tvnovelas.com.br\/filmes\/\" target=\"_blank\" rel=\"noopener noreferrer\"><strong>Programa\u00e7\u00e3o de filmes na TV aberta<\/strong><\/a><\/br>\r\n<a href=\"https:\/\/caetenews.com.br\/semana\/filmes-da-globo-na-sessao-da-tarde-desta-semana\/\" target=\"_blank\" rel=\"noopener\"><strong>Confira os filmes da semana na Sess\u00e3o da Tarde<\/strong><\/a><\/br>\r\n<a href=\"https:\/\/classindportal.mj.gov.br\/consulta-filmes\" target=\"_blank\" rel=\"noopener\"><strong>Consulte a classifica\u00e7\u00e3o indicativa dos filmes e novelas<\/strong><\/a><\/br><\/div>\n","protected":false},"excerpt":{"rendered":"<p>Chamas do Destino: Omer \u00e9 preso v\u00edtima de plano s\u00f3rdido de Celebi&#8230; No cap\u00edtulo de Chamas do Destino desta segunda, dia 12, a teia de manipula\u00e7\u00f5es&#8230;.<\/p>\n","protected":false},"author":1,"featured_media":86939,"comment_status":"closed","ping_status":"closed","sticky":false,"template":"","format":"standard","meta":{"_uf_show_specific_survey":0,"_uf_disable_surveys":false,"_jetpack_memberships_contains_paid_content":false,"footnotes":"","_wp_rev_ctl_limit":""},"categories":[1040],"tags":[1041,64,14],"class_list":["post-86938","post","type-post","status-publish","format-standard","has-post-thumbnail","hentry","category-chamas-do-destino","tag-chamas-do-destino","tag-novelas","tag-record","wpcat-1040-id"],"aioseo_notices":[],"jetpack_featured_media_url":"https:\/\/i0.wp.com\/www.tvnovelas.com.br\/tvnews\/wp-content\/uploads\/2026\/01\/12728.jpg?fit=728%2C410&ssl=1","jetpack_shortlink":"https:\/\/wp.me\/pdP2BO-mCe","jetpack_sharing_enabled":true,"_links":{"self":[{"href":"https:\/\/www.tvnovelas.com.br\/tvnews\/wp-json\/wp\/v2\/posts\/86938","targetHints":{"allow":["GET"]}}],"collection":[{"href":"https:\/\/www.tvnovelas.com.br\/tvnews\/wp-json\/wp\/v2\/posts"}],"about":[{"href":"https:\/\/www.tvnovelas.com.br\/tvnews\/wp-json\/wp\/v2\/types\/post"}],"author":[{"embeddable":true,"href":"https:\/\/www.tvnovelas.com.br\/tvnews\/wp-json\/wp\/v2\/users\/1"}],"replies":[{"embeddable":true,"href":"https:\/\/www.tvnovelas.com.br\/tvnews\/wp-json\/wp\/v2\/comments?post=86938"}],"version-history":[{"count":1,"href":"https:\/\/www.tvnovelas.com.br\/tvnews\/wp-json\/wp\/v2\/posts\/86938\/revisions"}],"predecessor-version":[{"id":86940,"href":"https:\/\/www.tvnovelas.com.br\/tvnews\/wp-json\/wp\/v2\/posts\/86938\/revisions\/86940"}],"wp:featuredmedia":[{"embeddable":true,"href":"https:\/\/www.tvnovelas.com.br\/tvnews\/wp-json\/wp\/v2\/media\/86939"}],"wp:attachment":[{"href":"https:\/\/www.tvnovelas.com.br\/tvnews\/wp-json\/wp\/v2\/media?parent=86938"}],"wp:term":[{"taxonomy":"category","embeddable":true,"href":"https:\/\/www.tvnovelas.com.br\/tvnews\/wp-json\/wp\/v2\/categories?post=86938"},{"taxonomy":"post_tag","embeddable":true,"href":"https:\/\/www.tvnovelas.com.br\/tvnews\/wp-json\/wp\/v2\/tags?post=86938"}],"curies":[{"name":"wp","href":"https:\/\/api.w.org\/{rel}","templated":true}]}}