{"id":86958,"date":"2026-01-13T11:46:54","date_gmt":"2026-01-13T14:46:54","guid":{"rendered":"https:\/\/www.tvnovelas.com.br\/tvnews\/?p=86958"},"modified":"2026-01-13T11:46:54","modified_gmt":"2026-01-13T14:46:54","slug":"chamas-do-destino-celebi-acusa-cemre-de-sequestro-da-filha","status":"publish","type":"post","link":"https:\/\/www.tvnovelas.com.br\/tvnews\/chamas-do-destino-celebi-acusa-cemre-de-sequestro-da-filha\/","title":{"rendered":"Chamas do Destino: Celebi acusa Cemre de sequestro da filha"},"content":{"rendered":"<figure id=\"attachment_86959\" aria-describedby=\"caption-attachment-86959\" style=\"width: 728px\" class=\"wp-caption aligncenter\"><img data-recalc-dims=\"1\" decoding=\"async\" class=\"wp-image-86959 size-full\" title=\"(Foto: Record\/Chamas do Destino)\" src=\"https:\/\/i0.wp.com\/www.tvnovelas.com.br\/tvnews\/wp-content\/uploads\/2026\/01\/12733.jpg?resize=728%2C410&#038;ssl=1\" alt=\"Foto em Chamas do Destino: Celebi acusa Cemre de sequestro da filha\" width=\"728\" height=\"410\" srcset=\"https:\/\/i0.wp.com\/www.tvnovelas.com.br\/tvnews\/wp-content\/uploads\/2026\/01\/12733.jpg?w=728&amp;ssl=1 728w, https:\/\/i0.wp.com\/www.tvnovelas.com.br\/tvnews\/wp-content\/uploads\/2026\/01\/12733.jpg?resize=250%2C141&amp;ssl=1 250w\" sizes=\"(max-width: 728px) 100vw, 728px\" \/><figcaption id=\"caption-attachment-86959\" class=\"wp-caption-text\">Chamas do Destino: Celebi acusa Cemre de sequestro da filha<\/figcaption><\/figure>\n<p>No cap\u00edtulo de Chamas do Destino desta ter\u00e7a, dia 13 Ruya \u00e9 abordada pela imprensa para falar sobre o inc\u00eandio e, em meio ao caos, acaba sendo hostilizada por uma senhora que perdeu a filha na trag\u00e9dia. Omer observa tudo e, vendo o estado da jovem, interv\u00e9m e a retira do local.<\/p>\n<p>Omer leva Ruya para a comunidade e ela acaba se distraindo. Omer entra em contato com Cemre e a liga\u00e7\u00e3o \u00e9 rastreada por Celebi, que segue para o local.<\/p>\n<p>Celebi diz \u00e0 pol\u00edcia que a esposa est\u00e1 delirante e que fingiu a pr\u00f3pria morte para sequestrar a filha do casal.<\/p>\n<p>Enquanto isto, Omer revela \u00e0 Ruya que Cemre est\u00e1 viva e que o marido a manipulava para que todos acreditassem que ela estava doente. Celebi, por sua vez, descobre o v\u00ednculo de Omer e Ruya<\/p>\n<p>Confira o resumo de hoje:<\/p>\n<h2 style=\"color: #ea7b7b;\">Resumo de ter\u00e7a-feira, 13 de janeiro<\/h2>\n<p>Ruya \u00e9 abordada pela imprensa para falar sobre o inc\u00eandio e, em meio ao caos, acaba sendo hostilizada por uma senhora que perdeu a filha na trag\u00e9dia. Omer observa tudo e, vendo o estado da jovem, interv\u00e9m e a retira do local. Iskender vai at\u00e9 o hospital para visitar a amiga \u201cSimal\u201d, mas a doutora Tomris impede. Ozan discute com a m\u00e3e por causa de Cemre. Omer leva Ruya para a comunidade e ela acaba se distraindo. Omer entra em contato com Cemre e a liga\u00e7\u00e3o \u00e9 rastreada por Celebi, que segue para o local. As vizinhas do Omer espalham no bairro que ele vai se casar com Ryua. A pequena Gunes fica radiante por estar na companhia da m\u00e3e Cemre e, ao ver um parque, pede para ir \u00e0 roda gigante. Tomris entrega a Ali o exame falso de DNA em que atesta a morte de Cicek. Celebi diz \u00e0 pol\u00edcia que a esposa est\u00e1 delirante e que fingiu a pr\u00f3pria morte para sequestrar a filha do casal. Omer revela \u00e0 Ruya que Cemre est\u00e1 viva e que o marido a manipulava para que todos acreditassem que ela estava doente. Celebi descobre o v\u00ednculo de Omer e Ruya.<br \/>\n<!--FIM DO POST--><br \/>\n<strong>Saiba mais:<\/strong><br \/>\n<a href=\"https:\/\/wp.me\/pfspD2-VZ\" target=\"_blank\" rel=\"noopener\">Chamas do Destino: Tr\u00eas mulheres cujas hist\u00f3rias se cruzam<\/a> (Sinopse)<br \/>\n<div class=\"pt-cv-wrapper\"><h1 class='pt-cv-heading-container heading1' data-blockid='2ab72430a2'><span class='pt-cv-heading'> \u00daltimas da Novela <\/span><\/h1><div class=\"pt-cv-view pt-cv-grid pt-cv-colsys\" id=\"pt-cv-view-2ab72430a2\"><div data-id=\"pt-cv-page-1\" class=\"pt-cv-page\" data-cvc=\"1\"><div class=\"col-md-12 col-sm-12 col-xs-12 pt-cv-content-item pt-cv-1-col\" ><div class='pt-cv-ifield'><h4 class=\"pt-cv-title\"><a href=\"https:\/\/www.tvnovelas.com.br\/tvnews\/chamas-do-destino-iskender-e-preso-apos-denuncia-de-cicek\/\" class=\"_self\" target=\"_self\" >Chamas do Destino: Iskender \u00e9 preso ap\u00f3s den\u00fancia de Cicek<\/a><\/h4><\/div><\/div>\n<div class=\"col-md-12 col-sm-12 col-xs-12 pt-cv-content-item pt-cv-1-col\" ><div class='pt-cv-ifield'><h4 class=\"pt-cv-title\"><a href=\"https:\/\/www.tvnovelas.com.br\/tvnews\/chamas-do-destino-seher-permite-que-cemre-visite-ozan\/\" class=\"_self\" target=\"_self\" >Chamas do Destino: Seher permite que Cemre visite Ozan<\/a><\/h4><\/div><\/div>\n<div class=\"col-md-12 col-sm-12 col-xs-12 pt-cv-content-item pt-cv-1-col\" ><div class='pt-cv-ifield'><h4 class=\"pt-cv-title\"><a href=\"https:\/\/www.tvnovelas.com.br\/tvnews\/chamas-do-destino-iskender-se-torna-a-unica-esperanca-para-salvar-a-vida-de-ozan\/\" class=\"_self\" target=\"_self\" >Chamas do Destino: Iskender se torna a \u00fanica esperan\u00e7a para salvar a vida de Ozan<\/a><\/h4><\/div><\/div><\/div><\/div><\/div><\/p>\n<div style=\"font-size: 150%;\"><h3>Confira tamb\u00e9m<\/h3>\r\n<a href=\"https:\/\/tvnovelas.com.br\/novelas\/\" rel=\"noopener\" target=\"_blank\"><strong>Todos os resumos de novelas<\/strong><\/a><\/br>\r\n<a href=\"https:\/\/www.tvnovelas.com.br\/tvnews\/\" rel=\"noopener\" target=\"_blank\"><strong>\u00daltimas not\u00edcias das novelas<\/strong><\/a><\/br>\r\n<a href=\"https:\/\/www.tvnovelas.com.br\/filmes\/\" target=\"_blank\" rel=\"noopener noreferrer\"><strong>Programa\u00e7\u00e3o de filmes na TV aberta<\/strong><\/a><\/br>\r\n<a href=\"https:\/\/caetenews.com.br\/semana\/filmes-da-globo-na-sessao-da-tarde-desta-semana\/\" target=\"_blank\" rel=\"noopener\"><strong>Confira os filmes da semana na Sess\u00e3o da Tarde<\/strong><\/a><\/br>\r\n<a href=\"https:\/\/classindportal.mj.gov.br\/consulta-filmes\" target=\"_blank\" rel=\"noopener\"><strong>Consulte a classifica\u00e7\u00e3o indicativa dos filmes e novelas<\/strong><\/a><\/br><\/div>\n","protected":false},"excerpt":{"rendered":"<p>Chamas do Destino: Celebi acusa Cemre de sequestro da filha&#8230; No cap\u00edtulo de Chamas do Destino desta ter\u00e7a, dia 13 Ruya \u00e9 abordada pela imprensa&#8230;<\/p>\n","protected":false},"author":1,"featured_media":86959,"comment_status":"closed","ping_status":"closed","sticky":false,"template":"","format":"standard","meta":{"_uf_show_specific_survey":0,"_uf_disable_surveys":false,"_jetpack_memberships_contains_paid_content":false,"footnotes":"","_wp_rev_ctl_limit":""},"categories":[1040],"tags":[1041,64,14],"class_list":["post-86958","post","type-post","status-publish","format-standard","has-post-thumbnail","hentry","category-chamas-do-destino","tag-chamas-do-destino","tag-novelas","tag-record","wpcat-1040-id"],"aioseo_notices":[],"jetpack_featured_media_url":"https:\/\/i0.wp.com\/www.tvnovelas.com.br\/tvnews\/wp-content\/uploads\/2026\/01\/12733.jpg?fit=728%2C410&ssl=1","jetpack_shortlink":"https:\/\/wp.me\/pdP2BO-mCy","jetpack_sharing_enabled":true,"_links":{"self":[{"href":"https:\/\/www.tvnovelas.com.br\/tvnews\/wp-json\/wp\/v2\/posts\/86958","targetHints":{"allow":["GET"]}}],"collection":[{"href":"https:\/\/www.tvnovelas.com.br\/tvnews\/wp-json\/wp\/v2\/posts"}],"about":[{"href":"https:\/\/www.tvnovelas.com.br\/tvnews\/wp-json\/wp\/v2\/types\/post"}],"author":[{"embeddable":true,"href":"https:\/\/www.tvnovelas.com.br\/tvnews\/wp-json\/wp\/v2\/users\/1"}],"replies":[{"embeddable":true,"href":"https:\/\/www.tvnovelas.com.br\/tvnews\/wp-json\/wp\/v2\/comments?post=86958"}],"version-history":[{"count":2,"href":"https:\/\/www.tvnovelas.com.br\/tvnews\/wp-json\/wp\/v2\/posts\/86958\/revisions"}],"predecessor-version":[{"id":86965,"href":"https:\/\/www.tvnovelas.com.br\/tvnews\/wp-json\/wp\/v2\/posts\/86958\/revisions\/86965"}],"wp:featuredmedia":[{"embeddable":true,"href":"https:\/\/www.tvnovelas.com.br\/tvnews\/wp-json\/wp\/v2\/media\/86959"}],"wp:attachment":[{"href":"https:\/\/www.tvnovelas.com.br\/tvnews\/wp-json\/wp\/v2\/media?parent=86958"}],"wp:term":[{"taxonomy":"category","embeddable":true,"href":"https:\/\/www.tvnovelas.com.br\/tvnews\/wp-json\/wp\/v2\/categories?post=86958"},{"taxonomy":"post_tag","embeddable":true,"href":"https:\/\/www.tvnovelas.com.br\/tvnews\/wp-json\/wp\/v2\/tags?post=86958"}],"curies":[{"name":"wp","href":"https:\/\/api.w.org\/{rel}","templated":true}]}}