{"id":86994,"date":"2026-01-14T12:50:34","date_gmt":"2026-01-14T15:50:34","guid":{"rendered":"https:\/\/www.tvnovelas.com.br\/tvnews\/?p=86994"},"modified":"2026-01-14T12:50:34","modified_gmt":"2026-01-14T15:50:34","slug":"a-mar-estrela-e-fabian-reatam-erika-esta-gravida-e-lorenzo-morre","status":"publish","type":"post","link":"https:\/\/www.tvnovelas.com.br\/tvnews\/a-mar-estrela-e-fabian-reatam-erika-esta-gravida-e-lorenzo-morre\/","title":{"rendered":"A.Mar: Estrela e Fabian reatam, \u00c9rika est\u00e1 gr\u00e1vida e Lorenzo morre"},"content":{"rendered":"<figure id=\"attachment_86995\" aria-describedby=\"caption-attachment-86995\" style=\"width: 728px\" class=\"wp-caption aligncenter\"><img data-recalc-dims=\"1\" decoding=\"async\" class=\"wp-image-86995 size-full\" title=\"(Foto: SBT\/Televisa\/A.Mar)\" src=\"https:\/\/i0.wp.com\/www.tvnovelas.com.br\/tvnews\/wp-content\/uploads\/2026\/01\/12740.jpg?resize=728%2C410&#038;ssl=1\" alt=\"Foto em A.Mar: Estrela e Fabian retomam o relacionamento\" width=\"728\" height=\"410\" srcset=\"https:\/\/i0.wp.com\/www.tvnovelas.com.br\/tvnews\/wp-content\/uploads\/2026\/01\/12740.jpg?w=728&amp;ssl=1 728w, https:\/\/i0.wp.com\/www.tvnovelas.com.br\/tvnews\/wp-content\/uploads\/2026\/01\/12740.jpg?resize=250%2C141&amp;ssl=1 250w\" sizes=\"(max-width: 728px) 100vw, 728px\" \/><figcaption id=\"caption-attachment-86995\" class=\"wp-caption-text\">A.Mar: Estrela e Fabian retomam o relacionamento<\/figcaption><\/figure>\n<p>No cap\u00edtulo de A.Mar desta quarta, dia 14, Estrela e Fabian decidem retomar o relacionamento. Ele diz que quer que eles morem juntos e ela responde que tamb\u00e9m quer, mas que precisam ter paci\u00eancia.<\/p>\n<p>Sergio, por sua vez, ao saber que seu pai sofreu um infarto, vai imediatamente ao hospital e diz que Estrela e Azul mandam lembran\u00e7as, que acabaram de se mudar e est\u00e3o felizes juntas. Lorenzo diz que \u00e9 hora de se aposentar e deixar os neg\u00f3cios nas m\u00e3os de Sergio, que responde que pedir\u00e1 aos advogados que preparem os documentos.<\/p>\n<p>Erika, por sua vez, diz a Fabian que est\u00e1 gr\u00e1vida. Ele deixa claro que ser\u00e1 o melhor pai poss\u00edvel, mas que eles n\u00e3o ser\u00e3o um casal, porque ele continua amando Estrela.<\/p>\n<p>No hospital, Lorenzo diz a Sergio que j\u00e1 quer receber alta para ir para casa, que est\u00e1 muito animado para conviver com a neta e a nora. Sergio diz que finalmente tem o controle de suas empresas e que a fam\u00edlia feliz nunca existiu, porque ama Estrela, mas ela o traiu como Beatriz fez, e por isso ele a matou, e o mesmo acontecer\u00e1 com Estrela. Lorenzo sofre um infarto e morre.<\/p>\n<p><em> Confira o resumo do cap\u00edtulo de hoje:<\/em><\/p>\n<h2 style=\"color: #ff0000;\">Resumo de quarta-feira, 14 de janeiro<\/h2>\n<p>Estrela e Fabian decidem retomar o relacionamento. Nicolas diz a Marina que o incomoda o fato de \u00c9der ter esperan\u00e7a de que ela e Gabriel voltem a ficar juntos. Sergio convoca a imprensa para informar que a Alpha Sul retoma as atividades. Fabian e os pescadores decidem sair para pescar e se surpreendem ao ouvir m\u00fasica. Fabian e Estrela animam os pescadores a sa\u00edrem para trabalhar antes que a processadora retome as opera\u00e7\u00f5es, e todos se surpreendem ao saber que Nemesio \u00e9 candidato a ocupar a presid\u00eancia do sindicato e que Brisa \u00e9 a respons\u00e1vel pela publicidade. Fabian diz a Porf\u00edrio que est\u00e3o colocando na presid\u00eancia algu\u00e9m sem vontade pr\u00f3pria para poder manipul\u00e1-lo \u00e0 vontade. Fabian diz a Estrela que quer que eles morem juntos. Ela responde que tamb\u00e9m quer, mas que precisam ter paci\u00eancia. Marina diz a Gabriel que est\u00e1 muito feliz, e ele responde que, desde que ela foi embora, n\u00e3o tinha voltado a ser feliz, e pergunta se ela n\u00e3o gostaria que os tr\u00eas estivessem assim, felizes. Marina responde que agora est\u00e1 com Nicolas. Mercedes diz a Gonzalo que est\u00e1 apaixonada e que quer passar o resto da vida ao lado dele, e os dois se beijam. Ao saber que seu pai sofreu um infarto, Sergio vai imediatamente ao hospital e diz que Estrela e Azul mandam lembran\u00e7as, que acabaram de se mudar e est\u00e3o felizes juntas. Lorenzo diz que \u00e9 hora de se aposentar e deixar os neg\u00f3cios nas m\u00e3os de Sergio, que responde que pedir\u00e1 aos advogados que preparem os documentos. Nicolas diz a Marina que eles precisam pedir a guarda legal de \u00c9der e tirar Gabriel de suas vidas. Marina diz que, se ele fizer isso, \u00c9der jamais o perdoar\u00e1, e garante que far\u00e1 de tudo para que eles voltem a ser uma fam\u00edlia. Erika diz a Fabian que est\u00e1 gr\u00e1vida. Fabian deixa claro que ser\u00e1 o melhor pai poss\u00edvel, mas que eles n\u00e3o ser\u00e3o um casal, porque ele continua amando Estrela. Estrela diz a Fabian que Sergio est\u00e1 pressionando para que ela abandone a candidatura, mas que o mandou para bem longe. Lorenzo diz a Sergio que j\u00e1 quer receber alta para ir para casa, que est\u00e1 muito animado para conviver com a neta e a nora. Sergio diz que finalmente tem o controle de suas empresas e que a fam\u00edlia feliz nunca existiu, porque ama Estrela, mas ela o traiu como Beatriz fez, e por isso ele a matou, e o mesmo acontecer\u00e1 com Estrela. Lorenzo sofre um infarto e morre.<br \/>\n<!--FIM--><a href=\"https:\/\/tvnovelas.com.br\/novelas\/resumo-de-novelas-a-mar\/\" target=\"_blank\" rel=\"noopener\">Resumos dos cap\u00edtulos da semana de A.Mar<\/a><br \/>\n<div class=\"pt-cv-wrapper\"><h2 class='pt-cv-heading-container heading2' data-blockid='ab488fdp2g'><span class='pt-cv-heading'> \u00daltimas da Novela <\/span><\/h2><div class=\"pt-cv-view pt-cv-grid pt-cv-colsys\" id=\"pt-cv-view-ab488fdp2g\"><div data-id=\"pt-cv-page-1\" class=\"pt-cv-page\" data-cvc=\"1\"><div class=\"col-md-12 col-sm-12 col-xs-12 pt-cv-content-item pt-cv-1-col\" ><div class='pt-cv-ifield'><h4 class=\"pt-cv-title\"><a href=\"https:\/\/www.tvnovelas.com.br\/tvnews\/a-mar-estrela-reune-moradores-para-barrar-maquinario-de-sergio\/\" class=\"_self\" target=\"_self\" >A.Mar: Estrela re\u00fane moradores para barrar m\u00e1quin\u00e1rio de S\u00e9rgio<\/a><\/h4><\/div><\/div>\n<div class=\"col-md-12 col-sm-12 col-xs-12 pt-cv-content-item pt-cv-1-col\" ><div class='pt-cv-ifield'><h4 class=\"pt-cv-title\"><a href=\"https:\/\/www.tvnovelas.com.br\/tvnews\/a-mar-erika-inocenta-fabian-e-ulises\/\" class=\"_self\" target=\"_self\" >A.Mar: \u00c9rika inocenta Fabian e Ulises<\/a><\/h4><\/div><\/div>\n<div class=\"col-md-12 col-sm-12 col-xs-12 pt-cv-content-item pt-cv-1-col\" ><div class='pt-cv-ifield'><h4 class=\"pt-cv-title\"><a href=\"https:\/\/www.tvnovelas.com.br\/tvnews\/a-mar-erika-confessa-a-fabian-que-mentiu-sobre-gravidez\/\" class=\"_self\" target=\"_self\" >A.Mar: \u00c9rika confessa a Fabian que mentiu sobre gravidez<\/a><\/h4><\/div><\/div><\/div><\/div><\/div><\/p>\n<div style=\"font-size: 120%;\"><h3>Confira tamb\u00e9m<\/h3>\r\n<a href=\"https:\/\/tvnovelas.com.br\/novelas\/\" rel=\"noopener\" target=\"_blank\"><strong>Todos os resumos de novelas<\/strong><\/a><\/br>\r\n<a href=\"https:\/\/www.tvnovelas.com.br\/tvnews\/\" rel=\"noopener\" target=\"_blank\"><strong>\u00daltimas not\u00edcias das novelas<\/strong><\/a><\/br>\r\n<a href=\"https:\/\/www.tvnovelas.com.br\/filmes\/\" target=\"_blank\" rel=\"noopener noreferrer\"><strong>Programa\u00e7\u00e3o de filmes na TV aberta<\/strong><\/a><\/br>\r\n<a href=\"https:\/\/caetenews.com.br\/semana\/filmes-da-globo-na-sessao-da-tarde-desta-semana\/\" target=\"_blank\" rel=\"noopener\"><strong>Confira os filmes da semana na Sess\u00e3o da Tarde<\/strong><\/a><\/br>\r\n<a href=\"https:\/\/classindportal.mj.gov.br\/consulta-filmes\" target=\"_blank\" rel=\"noopener\"><strong>Consulte a classifica\u00e7\u00e3o indicativa dos filmes e novelas<\/strong><\/a><\/br><\/div>\n<p><a href=\"https:\/\/tvnovelas.com.br\/page2\/arquivo\/a-mar-conflitos-tragedia-e-drama-na-historia-de-estrela\/\" target=\"_blank\" rel=\"noopener\">A.Mar: Conhe\u00e7a a hist\u00f3ria da novela<\/a><\/p>\n","protected":false},"excerpt":{"rendered":"<p>A.Mar: Estrela e Fabian reatam, \u00c9rika est\u00e1 gr\u00e1vida e Lorenzo morre&#8230; No cap\u00edtulo de A.Mar desta quarta, dia 14, Estrela e Fabian decidem retomar&#8230;<\/p>\n","protected":false},"author":1,"featured_media":86995,"comment_status":"closed","ping_status":"closed","sticky":false,"template":"","format":"standard","meta":{"_uf_show_specific_survey":0,"_uf_disable_surveys":false,"_jetpack_memberships_contains_paid_content":false,"footnotes":"","_wp_rev_ctl_limit":""},"categories":[1003],"tags":[1004,64,13],"class_list":["post-86994","post","type-post","status-publish","format-standard","has-post-thumbnail","hentry","category-a-mar","tag-a-mar","tag-novelas","tag-sbt","wpcat-1003-id"],"aioseo_notices":[],"jetpack_featured_media_url":"https:\/\/i0.wp.com\/www.tvnovelas.com.br\/tvnews\/wp-content\/uploads\/2026\/01\/12740.jpg?fit=728%2C410&ssl=1","jetpack_shortlink":"https:\/\/wp.me\/pdP2BO-mD8","jetpack_sharing_enabled":true,"_links":{"self":[{"href":"https:\/\/www.tvnovelas.com.br\/tvnews\/wp-json\/wp\/v2\/posts\/86994","targetHints":{"allow":["GET"]}}],"collection":[{"href":"https:\/\/www.tvnovelas.com.br\/tvnews\/wp-json\/wp\/v2\/posts"}],"about":[{"href":"https:\/\/www.tvnovelas.com.br\/tvnews\/wp-json\/wp\/v2\/types\/post"}],"author":[{"embeddable":true,"href":"https:\/\/www.tvnovelas.com.br\/tvnews\/wp-json\/wp\/v2\/users\/1"}],"replies":[{"embeddable":true,"href":"https:\/\/www.tvnovelas.com.br\/tvnews\/wp-json\/wp\/v2\/comments?post=86994"}],"version-history":[{"count":1,"href":"https:\/\/www.tvnovelas.com.br\/tvnews\/wp-json\/wp\/v2\/posts\/86994\/revisions"}],"predecessor-version":[{"id":86996,"href":"https:\/\/www.tvnovelas.com.br\/tvnews\/wp-json\/wp\/v2\/posts\/86994\/revisions\/86996"}],"wp:featuredmedia":[{"embeddable":true,"href":"https:\/\/www.tvnovelas.com.br\/tvnews\/wp-json\/wp\/v2\/media\/86995"}],"wp:attachment":[{"href":"https:\/\/www.tvnovelas.com.br\/tvnews\/wp-json\/wp\/v2\/media?parent=86994"}],"wp:term":[{"taxonomy":"category","embeddable":true,"href":"https:\/\/www.tvnovelas.com.br\/tvnews\/wp-json\/wp\/v2\/categories?post=86994"},{"taxonomy":"post_tag","embeddable":true,"href":"https:\/\/www.tvnovelas.com.br\/tvnews\/wp-json\/wp\/v2\/tags?post=86994"}],"curies":[{"name":"wp","href":"https:\/\/api.w.org\/{rel}","templated":true}]}}