{"id":86999,"date":"2026-01-14T16:06:54","date_gmt":"2026-01-14T19:06:54","guid":{"rendered":"https:\/\/www.tvnovelas.com.br\/tvnews\/?p=86999"},"modified":"2026-01-14T16:08:03","modified_gmt":"2026-01-14T19:08:03","slug":"mae-zeynep-flagra-cahide-e-sinan-e-a-advogada-inventa-uma-desculpa","status":"publish","type":"post","link":"https:\/\/www.tvnovelas.com.br\/tvnews\/mae-zeynep-flagra-cahide-e-sinan-e-a-advogada-inventa-uma-desculpa\/","title":{"rendered":"M\u00e3e: Zeynep flagra Cahide e Sinan e a advogada inventa uma desculpa"},"content":{"rendered":"<figure id=\"attachment_87000\" aria-describedby=\"caption-attachment-87000\" style=\"width: 728px\" class=\"wp-caption aligncenter\"><img data-recalc-dims=\"1\" decoding=\"async\" class=\"wp-image-87000 size-full\" title=\"(Foto: Record TV\/M\u00e3e)\" src=\"https:\/\/i0.wp.com\/www.tvnovelas.com.br\/tvnews\/wp-content\/uploads\/2026\/01\/12741.jpg?resize=728%2C410&#038;ssl=1\" alt=\"Foto em M\u00e3e: Zeynep flagra Cahide e Sinan e a advogada inventa uma desculpa\" width=\"728\" height=\"410\" srcset=\"https:\/\/i0.wp.com\/www.tvnovelas.com.br\/tvnews\/wp-content\/uploads\/2026\/01\/12741.jpg?w=728&amp;ssl=1 728w, https:\/\/i0.wp.com\/www.tvnovelas.com.br\/tvnews\/wp-content\/uploads\/2026\/01\/12741.jpg?resize=250%2C141&amp;ssl=1 250w\" sizes=\"(max-width: 728px) 100vw, 728px\" \/><figcaption id=\"caption-attachment-87000\" class=\"wp-caption-text\">M\u00e3e: Zeynep flagra Cahide e Sinan e a advogada inventa uma desculpa<\/figcaption><\/figure>\n<p>No cap\u00edtulo desta quarta, dia 14, Sinan e Cahide conversam sobre a \u201cmorte\u201d de Turna\/Melek e o ex-delegado avisa que n\u00e3o pode mais esconder a verdade de Zeynep. Neste momento a fot\u00f3grafa chega de surpresa, flagra a m\u00e3e e o marido e quer saber o que ela precisa saber.<\/p>\n<p>Cahide fica muito tensa, mas rapidamente inventa uma desculpa para a filha, dizendo que desejava fazer uma surpresa para ela e para a menina que ela deseja adotar. Zeynep estranha, mas acaba acreditando na hist\u00f3ria, enquanto Sinan fica visivelmente angustiado em continuar mentindo para a mulher.<\/p>\n<p>Tamb\u00e9m no cap\u00edtulo de hoje, determinada a adotar Zelist, Zeynep fala com o diretor do orfanato e ele libera a menina para um passeio. A fotografa sai com a garotinha pelas ruas e a ensina a tirar fotos, mas mesmo assim, em certo momento, volta a pensar em Turna\/Melek, mas se emociona quando a crian\u00e7a se despede dela com um carinhoso abra\u00e7o.<\/p>\n<p>Confira o resumo do cap\u00edtulo de hoje:<\/p>\n<h2 style=\"color: #ea7b7b;\">Resumo de quarta-feira, 14 de janeiro<\/h2>\n<p>Zeynep questiona o marido, e quer saber o que ele n\u00e3o pode esconder dela. Cahide fica nervosa, mas inventa uma desculpa para a filha. Sinan insiste com a sogra que precisa contar a verdade para a esposa. Sule tem um momento de carinho com o filho, e Melek se alegra. O diretor do orfanato reluta, mas autoriza que Zeynep saia para passear com a garotinha que deseja adotar. Duru vai na casa de Ali para buscar suas coisas, e sai de l\u00e1 ainda mais arrasada. Cahide e Gamze se preocupam com o sumi\u00e7o de Duru. Um cliente do escrit\u00f3rio se interessa por Gamze. Zeynep percebe que os sapatos da garotinha do orfanato est\u00e3o pequenos e logo se lembra de Turna\/Melek. Cengiz obriga Melek a carregar a lenha para fora de casa. Cahide se irrita quando Gonul diz que Melek precisa de ajuda. O diretor do jornal recusa a demiss\u00e3o de Zeynep e chama a aten\u00e7\u00e3o de Ali. Gonul vai \u00e0 casa de Ecel, vizinha de Sule, e a mulher conta sobre a situa\u00e7\u00e3o prec\u00e1ria que Melek e o irm\u00e3o vivem.<\/p>\n<h2>Saiba mais<\/h2>\n<p><a href=\"https:\/\/tvnovelas.com.br\/novelas\/resumos-de-novela-mae\/\" target=\"_blank\" rel=\"noopener\">Resumos dos cap\u00edtulos da semana&lt;c\/a&gt;<br \/>\n<\/a><a href=\"https:\/\/wp.me\/pfspD2-VN\" target=\"_blank\" rel=\"noopener\">M\u00e3e: Resgatando uma crian\u00e7a da viol\u00eancia<\/a><a href=\"https:\/\/tvnovelas.com.br\/novelas\/resumos-de-novela-mae\/\" target=\"_blank\" rel=\"noopener\"><br \/>\n<div class=\"pt-cv-wrapper\"><h2 class='pt-cv-heading-container heading2' data-blockid='759454f593'><span class='pt-cv-heading'> \u00daltimas da Novela <\/span><\/h2><div class=\"pt-cv-view pt-cv-grid pt-cv-colsys\" id=\"pt-cv-view-759454f593\"><div data-id=\"pt-cv-page-1\" class=\"pt-cv-page\" data-cvc=\"1\"><div class=\"col-md-12 col-sm-12 col-xs-12 pt-cv-content-item pt-cv-1-col\" ><div class='pt-cv-ifield'><h4 class=\"pt-cv-title\"><a href=\"https:\/\/www.tvnovelas.com.br\/tvnews\/mae-o-destino-final-de-melek-e-zeynep\/\" class=\"_self\" target=\"_self\" >M\u00e3e: O destino final de Melek e Zeynep<\/a><\/h4><\/div><\/div>\n<div class=\"col-md-12 col-sm-12 col-xs-12 pt-cv-content-item pt-cv-1-col\" ><div class='pt-cv-ifield'><h4 class=\"pt-cv-title\"><a href=\"https:\/\/www.tvnovelas.com.br\/tvnews\/mae-zeynep-enfrenta-cengiz\/\" class=\"_self\" target=\"_self\" >M\u00e3e: Zeynep enfrenta Cengiz<\/a><\/h4><\/div><\/div>\n<div class=\"col-md-12 col-sm-12 col-xs-12 pt-cv-content-item pt-cv-1-col\" ><div class='pt-cv-ifield'><h4 class=\"pt-cv-title\"><a href=\"https:\/\/www.tvnovelas.com.br\/tvnews\/mae-cengiz-e-preso-sob-a-acusacao-de-assassinato\/\" class=\"_self\" target=\"_self\" >M\u00e3e: Cengiz \u00e9 preso sob a acusa\u00e7\u00e3o de assassinato<\/a><\/h4><\/div><\/div>\n<div class=\"col-md-12 col-sm-12 col-xs-12 pt-cv-content-item pt-cv-1-col\" ><div class='pt-cv-ifield'><h4 class=\"pt-cv-title\"><a href=\"https:\/\/www.tvnovelas.com.br\/tvnews\/mae-cengiz-assina-documento-renunciando-a-guarda-dos-filhos\/\" class=\"_self\" target=\"_self\" >M\u00e3e: Cengiz assina documento renunciando \u00e0 guarda dos filhos<\/a><\/h4><\/div><\/div>\n<div class=\"col-md-12 col-sm-12 col-xs-12 pt-cv-content-item pt-cv-1-col\" ><div class='pt-cv-ifield'><h4 class=\"pt-cv-title\"><a href=\"https:\/\/www.tvnovelas.com.br\/tvnews\/mae-cengiz-pode-estar-com-os-dias-contados\/\" class=\"_self\" target=\"_self\" >M\u00e3e: Cengiz pode estar com os dias contados<\/a><\/h4><\/div><\/div><\/div><\/div><\/div><br \/>\n&lt;h<\/a><\/p>\n<div style=\"font-size: 120%;\"><h3>Confira tamb\u00e9m<\/h3>\r\n<a href=\"https:\/\/tvnovelas.com.br\/novelas\/\" rel=\"noopener\" target=\"_blank\"><strong>Todos os resumos de novelas<\/strong><\/a><\/br>\r\n<a href=\"https:\/\/www.tvnovelas.com.br\/tvnews\/\" rel=\"noopener\" target=\"_blank\"><strong>\u00daltimas not\u00edcias das novelas<\/strong><\/a><\/br>\r\n<a href=\"https:\/\/www.tvnovelas.com.br\/filmes\/\" target=\"_blank\" rel=\"noopener noreferrer\"><strong>Programa\u00e7\u00e3o de filmes na TV aberta<\/strong><\/a><\/br>\r\n<a href=\"https:\/\/caetenews.com.br\/semana\/filmes-da-globo-na-sessao-da-tarde-desta-semana\/\" target=\"_blank\" rel=\"noopener\"><strong>Confira os filmes da semana na Sess\u00e3o da Tarde<\/strong><\/a><\/br>\r\n<a href=\"https:\/\/classindportal.mj.gov.br\/consulta-filmes\" target=\"_blank\" rel=\"noopener\"><strong>Consulte a classifica\u00e7\u00e3o indicativa dos filmes e novelas<\/strong><\/a><\/br><\/div>\n","protected":false},"excerpt":{"rendered":"<p>M\u00e3e: Zeynep flagra Cahide e Sinan e a advogada inventa uma desculpa&#8230; No cap\u00edtulo desta quarta, dia 14, Sinan e Cahide conversam sobre a \u201cmorte\u201d&#8230;<\/p>\n","protected":false},"author":1,"featured_media":87000,"comment_status":"closed","ping_status":"closed","sticky":false,"template":"","format":"standard","meta":{"_uf_show_specific_survey":0,"_uf_disable_surveys":false,"_jetpack_memberships_contains_paid_content":false,"footnotes":"","_wp_rev_ctl_limit":""},"categories":[1012],"tags":[1013,64,14],"class_list":["post-86999","post","type-post","status-publish","format-standard","has-post-thumbnail","hentry","category-mae","tag-mae","tag-novelas","tag-record","wpcat-1012-id"],"aioseo_notices":[],"jetpack_featured_media_url":"https:\/\/i0.wp.com\/www.tvnovelas.com.br\/tvnews\/wp-content\/uploads\/2026\/01\/12741.jpg?fit=728%2C410&ssl=1","jetpack_shortlink":"https:\/\/wp.me\/pdP2BO-mDd","jetpack_sharing_enabled":true,"_links":{"self":[{"href":"https:\/\/www.tvnovelas.com.br\/tvnews\/wp-json\/wp\/v2\/posts\/86999","targetHints":{"allow":["GET"]}}],"collection":[{"href":"https:\/\/www.tvnovelas.com.br\/tvnews\/wp-json\/wp\/v2\/posts"}],"about":[{"href":"https:\/\/www.tvnovelas.com.br\/tvnews\/wp-json\/wp\/v2\/types\/post"}],"author":[{"embeddable":true,"href":"https:\/\/www.tvnovelas.com.br\/tvnews\/wp-json\/wp\/v2\/users\/1"}],"replies":[{"embeddable":true,"href":"https:\/\/www.tvnovelas.com.br\/tvnews\/wp-json\/wp\/v2\/comments?post=86999"}],"version-history":[{"count":2,"href":"https:\/\/www.tvnovelas.com.br\/tvnews\/wp-json\/wp\/v2\/posts\/86999\/revisions"}],"predecessor-version":[{"id":87002,"href":"https:\/\/www.tvnovelas.com.br\/tvnews\/wp-json\/wp\/v2\/posts\/86999\/revisions\/87002"}],"wp:featuredmedia":[{"embeddable":true,"href":"https:\/\/www.tvnovelas.com.br\/tvnews\/wp-json\/wp\/v2\/media\/87000"}],"wp:attachment":[{"href":"https:\/\/www.tvnovelas.com.br\/tvnews\/wp-json\/wp\/v2\/media?parent=86999"}],"wp:term":[{"taxonomy":"category","embeddable":true,"href":"https:\/\/www.tvnovelas.com.br\/tvnews\/wp-json\/wp\/v2\/categories?post=86999"},{"taxonomy":"post_tag","embeddable":true,"href":"https:\/\/www.tvnovelas.com.br\/tvnews\/wp-json\/wp\/v2\/tags?post=86999"}],"curies":[{"name":"wp","href":"https:\/\/api.w.org\/{rel}","templated":true}]}}