{"id":87036,"date":"2026-01-15T13:25:24","date_gmt":"2026-01-15T16:25:24","guid":{"rendered":"https:\/\/www.tvnovelas.com.br\/tvnews\/?p=87036"},"modified":"2026-01-15T13:25:24","modified_gmt":"2026-01-15T16:25:24","slug":"chamas-do-destino-cemre-desafia-o-imperio-de-celebi-e-o-denuncia","status":"publish","type":"post","link":"https:\/\/www.tvnovelas.com.br\/tvnews\/chamas-do-destino-cemre-desafia-o-imperio-de-celebi-e-o-denuncia\/","title":{"rendered":"Chamas do Destino: Cemre desafia o imp\u00e9rio de \u00c7elebi e o denuncia"},"content":{"rendered":"<figure id=\"attachment_87037\" aria-describedby=\"caption-attachment-87037\" style=\"width: 728px\" class=\"wp-caption aligncenter\"><img data-recalc-dims=\"1\" decoding=\"async\" class=\"wp-image-87037 size-full\" title=\"(Foto: Record\/Chamas do Destino)\" src=\"https:\/\/i0.wp.com\/www.tvnovelas.com.br\/tvnews\/wp-content\/uploads\/2026\/01\/12745.jpg?resize=728%2C410&#038;ssl=1\" alt=\"Foto em Chamas do Destino: Cemre desafia o imp\u00e9rio de \u00c7elebi e o denuncia\" width=\"728\" height=\"410\" srcset=\"https:\/\/i0.wp.com\/www.tvnovelas.com.br\/tvnews\/wp-content\/uploads\/2026\/01\/12745.jpg?w=728&amp;ssl=1 728w, https:\/\/i0.wp.com\/www.tvnovelas.com.br\/tvnews\/wp-content\/uploads\/2026\/01\/12745.jpg?resize=250%2C141&amp;ssl=1 250w\" sizes=\"(max-width: 728px) 100vw, 728px\" \/><figcaption id=\"caption-attachment-87037\" class=\"wp-caption-text\">Chamas do Destino: Cemre desafia o imp\u00e9rio de \u00c7elebi e o denuncia<\/figcaption><\/figure>\n<p>No cap\u00edtulo de Chamas do Destino desta quinta, dia 15, acontece uma reviravolta p\u00fablica e corajosa. Cemre finge uma aproxima\u00e7\u00e3o com \u00c7elebi para atra\u00ed-lo at\u00e9 a delegacia. O empres\u00e1rio, acreditando ter finalmente dobrado a resist\u00eancia da esposa, chega a prometer a retirada de todas as den\u00fancias contra ela. No entanto, na porta da unidade policial: diante de flashes e microfones, Cemre faz um pronunciamento bomb\u00e1stico \u00e0 imprensa, declarando sua luta oficial pela independ\u00eancia e denunciando os abusos sistem\u00e1ticos que sofre dentro de casa.<\/p>\n<p>No n\u00facleo de Tomris, a tens\u00e3o atinge o limite financeiro e emocional. Disposta a tudo para manter a guarda de Atlas, a m\u00e9dica tenta selar um acordo com o ganancioso Bulent, oferecendo um &#8220;cheque em branco&#8221; para que ele se afaste do filho. A resposta do genro \u00e9 r\u00e1pida: ele recusa a oferta imediata por entender que a heran\u00e7a deixada pela m\u00e3e do menino render\u00e1 cifras muito maiores a longo prazo.<\/p>\n<p>Paralelamente, a f\u00faria de \u00d6mer explode ao descobrir que foi Iskender o respons\u00e1vel pela falsa acusa\u00e7\u00e3o sobre o inc\u00eandio. Determinado a fazer justi\u00e7a com as pr\u00f3prias m\u00e3os, o rapaz parte para o confronto direto, sendo interceptado por R\u00fcya, que tenta desesperadamente evitar uma trag\u00e9dia. O clima de \u00f3dio se intensifica quando \u00c7i\u00e7ek tamb\u00e9m cruza o caminho de Iskender. Ao ver o homem que mudou seu destino de forma cruel, ela entra em um surto de raiva incontrol\u00e1vel, evidenciando que as cicatrizes daquela noite fat\u00eddica est\u00e3o longe de fechar.<\/p>\n<p>Mesmo sob press\u00e3o, \u00c7elebi tenta manter as apar\u00eancias de &#8220;pai exemplar&#8221; ao presentear a pequena G\u00fcne\u015f com um animal de estima\u00e7\u00e3o. Em meio a esse turbilh\u00e3o, \u00d6zan ainda precisa lidar com conflitos familiares, discutindo seriamente com sua m\u00e3e devido ao apoio que presta a Cemre.<br \/>\n<!--FIM DO POST--><br \/>\n<strong>Saiba mais:<\/strong><br \/>\n<a href=\"https:\/\/wp.me\/pfspD2-VZ\" target=\"_blank\" rel=\"noopener\">Chamas do Destino: Tr\u00eas mulheres cujas hist\u00f3rias se cruzam<\/a> (Sinopse)<br \/>\n<div class=\"pt-cv-wrapper\"><h1 class='pt-cv-heading-container heading1' data-blockid='2ab72430a2'><span class='pt-cv-heading'> \u00daltimas da Novela <\/span><\/h1><div class=\"pt-cv-view pt-cv-grid pt-cv-colsys\" id=\"pt-cv-view-2ab72430a2\"><div data-id=\"pt-cv-page-1\" class=\"pt-cv-page\" data-cvc=\"1\"><div class=\"col-md-12 col-sm-12 col-xs-12 pt-cv-content-item pt-cv-1-col\" ><div class='pt-cv-ifield'><h4 class=\"pt-cv-title\"><a href=\"https:\/\/www.tvnovelas.com.br\/tvnews\/chamas-do-destino-iskender-e-preso-apos-denuncia-de-cicek\/\" class=\"_self\" target=\"_self\" >Chamas do Destino: Iskender \u00e9 preso ap\u00f3s den\u00fancia de Cicek<\/a><\/h4><\/div><\/div>\n<div class=\"col-md-12 col-sm-12 col-xs-12 pt-cv-content-item pt-cv-1-col\" ><div class='pt-cv-ifield'><h4 class=\"pt-cv-title\"><a href=\"https:\/\/www.tvnovelas.com.br\/tvnews\/chamas-do-destino-seher-permite-que-cemre-visite-ozan\/\" class=\"_self\" target=\"_self\" >Chamas do Destino: Seher permite que Cemre visite Ozan<\/a><\/h4><\/div><\/div>\n<div class=\"col-md-12 col-sm-12 col-xs-12 pt-cv-content-item pt-cv-1-col\" ><div class='pt-cv-ifield'><h4 class=\"pt-cv-title\"><a href=\"https:\/\/www.tvnovelas.com.br\/tvnews\/chamas-do-destino-iskender-se-torna-a-unica-esperanca-para-salvar-a-vida-de-ozan\/\" class=\"_self\" target=\"_self\" >Chamas do Destino: Iskender se torna a \u00fanica esperan\u00e7a para salvar a vida de Ozan<\/a><\/h4><\/div><\/div><\/div><\/div><\/div><\/p>\n<div style=\"font-size: 150%;\"><h3>Confira tamb\u00e9m<\/h3>\r\n<a href=\"https:\/\/tvnovelas.com.br\/novelas\/\" rel=\"noopener\" target=\"_blank\"><strong>Todos os resumos de novelas<\/strong><\/a><\/br>\r\n<a href=\"https:\/\/www.tvnovelas.com.br\/tvnews\/\" rel=\"noopener\" target=\"_blank\"><strong>\u00daltimas not\u00edcias das novelas<\/strong><\/a><\/br>\r\n<a href=\"https:\/\/www.tvnovelas.com.br\/filmes\/\" target=\"_blank\" rel=\"noopener noreferrer\"><strong>Programa\u00e7\u00e3o de filmes na TV aberta<\/strong><\/a><\/br>\r\n<a href=\"https:\/\/caetenews.com.br\/semana\/filmes-da-globo-na-sessao-da-tarde-desta-semana\/\" target=\"_blank\" rel=\"noopener\"><strong>Confira os filmes da semana na Sess\u00e3o da Tarde<\/strong><\/a><\/br>\r\n<a href=\"https:\/\/classindportal.mj.gov.br\/consulta-filmes\" target=\"_blank\" rel=\"noopener\"><strong>Consulte a classifica\u00e7\u00e3o indicativa dos filmes e novelas<\/strong><\/a><\/br><\/div>\n","protected":false},"excerpt":{"rendered":"<p>Chamas do Destino: Cemre desafia o imp\u00e9rio de \u00c7elebi&#8230;  No cap\u00edtulo de Chamas do Destino desta quinta, dia 15, acontece uma reviravolta p\u00fablica e corajosa&#8230;<\/p>\n","protected":false},"author":1,"featured_media":87037,"comment_status":"closed","ping_status":"closed","sticky":false,"template":"","format":"standard","meta":{"_uf_show_specific_survey":0,"_uf_disable_surveys":false,"_jetpack_memberships_contains_paid_content":false,"footnotes":"","_wp_rev_ctl_limit":""},"categories":[1040],"tags":[1041,64,14],"class_list":["post-87036","post","type-post","status-publish","format-standard","has-post-thumbnail","hentry","category-chamas-do-destino","tag-chamas-do-destino","tag-novelas","tag-record","wpcat-1040-id"],"aioseo_notices":[],"jetpack_featured_media_url":"https:\/\/i0.wp.com\/www.tvnovelas.com.br\/tvnews\/wp-content\/uploads\/2026\/01\/12745.jpg?fit=728%2C410&ssl=1","jetpack_shortlink":"https:\/\/wp.me\/pdP2BO-mDO","jetpack_sharing_enabled":true,"_links":{"self":[{"href":"https:\/\/www.tvnovelas.com.br\/tvnews\/wp-json\/wp\/v2\/posts\/87036","targetHints":{"allow":["GET"]}}],"collection":[{"href":"https:\/\/www.tvnovelas.com.br\/tvnews\/wp-json\/wp\/v2\/posts"}],"about":[{"href":"https:\/\/www.tvnovelas.com.br\/tvnews\/wp-json\/wp\/v2\/types\/post"}],"author":[{"embeddable":true,"href":"https:\/\/www.tvnovelas.com.br\/tvnews\/wp-json\/wp\/v2\/users\/1"}],"replies":[{"embeddable":true,"href":"https:\/\/www.tvnovelas.com.br\/tvnews\/wp-json\/wp\/v2\/comments?post=87036"}],"version-history":[{"count":1,"href":"https:\/\/www.tvnovelas.com.br\/tvnews\/wp-json\/wp\/v2\/posts\/87036\/revisions"}],"predecessor-version":[{"id":87038,"href":"https:\/\/www.tvnovelas.com.br\/tvnews\/wp-json\/wp\/v2\/posts\/87036\/revisions\/87038"}],"wp:featuredmedia":[{"embeddable":true,"href":"https:\/\/www.tvnovelas.com.br\/tvnews\/wp-json\/wp\/v2\/media\/87037"}],"wp:attachment":[{"href":"https:\/\/www.tvnovelas.com.br\/tvnews\/wp-json\/wp\/v2\/media?parent=87036"}],"wp:term":[{"taxonomy":"category","embeddable":true,"href":"https:\/\/www.tvnovelas.com.br\/tvnews\/wp-json\/wp\/v2\/categories?post=87036"},{"taxonomy":"post_tag","embeddable":true,"href":"https:\/\/www.tvnovelas.com.br\/tvnews\/wp-json\/wp\/v2\/tags?post=87036"}],"curies":[{"name":"wp","href":"https:\/\/api.w.org\/{rel}","templated":true}]}}