{"id":87040,"date":"2026-01-15T13:45:16","date_gmt":"2026-01-15T16:45:16","guid":{"rendered":"https:\/\/www.tvnovelas.com.br\/tvnews\/?p=87040"},"modified":"2026-01-15T13:45:16","modified_gmt":"2026-01-15T16:45:16","slug":"mae-duru-sofre-com-a-rejeicao-de-ali-e-faz-loucura","status":"publish","type":"post","link":"https:\/\/www.tvnovelas.com.br\/tvnews\/mae-duru-sofre-com-a-rejeicao-de-ali-e-faz-loucura\/","title":{"rendered":"M\u00e3e: Duru sofre com a rejei\u00e7\u00e3o de Ali e faz loucura"},"content":{"rendered":"<figure id=\"attachment_87041\" aria-describedby=\"caption-attachment-87041\" style=\"width: 728px\" class=\"wp-caption aligncenter\"><img data-recalc-dims=\"1\" decoding=\"async\" class=\"wp-image-87041 size-full\" title=\"(Foto: Record TV\/M\u00e3e)\" src=\"https:\/\/i0.wp.com\/www.tvnovelas.com.br\/tvnews\/wp-content\/uploads\/2026\/01\/12746.jpg?resize=728%2C410&#038;ssl=1\" alt=\"Foto em M\u00e3e: Duru sofre com a rejei\u00e7\u00e3o de Ali\" width=\"728\" height=\"410\" srcset=\"https:\/\/i0.wp.com\/www.tvnovelas.com.br\/tvnews\/wp-content\/uploads\/2026\/01\/12746.jpg?w=728&amp;ssl=1 728w, https:\/\/i0.wp.com\/www.tvnovelas.com.br\/tvnews\/wp-content\/uploads\/2026\/01\/12746.jpg?resize=250%2C141&amp;ssl=1 250w\" sizes=\"(max-width: 728px) 100vw, 728px\" \/><figcaption id=\"caption-attachment-87041\" class=\"wp-caption-text\">M\u00e3e: Duru sofre com a rejei\u00e7\u00e3o de Ali<\/figcaption><\/figure>\n<p>No cap\u00edtulo desta quinta, dia 15, Duru n\u00e3o consegue se conformar com o fim da rela\u00e7\u00e3o com Ali e sofre muito. A jovem chega em casa arrasada e pede para ficar sozinha, mas horas depois Gamze encontra a irm\u00e3 desacordada, ap\u00f3s tomar um frasco de comprimidos para dormir. Duru \u00e9 internada, para desespero de Cahide e das irm\u00e3s.<\/p>\n<p>Quem tamb\u00e9 est\u00e1 sofrendo \u00e9 Gonul. Angustiada ao saber da vida complicada que Turna\/Melek leva, Gonul toma coragem e, ao ver Sule e Cengiz saindo, decide ver a menina. Quando a garotinha abre a porta, n\u00e3o consegue se conter de tanta felicidade ao ver a &#8220;Senhora Pateta&#8221; bem ali.<\/p>\n<p>Gonul cozinha para Turna\/Melek, cuida de Hasan e as duas conversam, mas quando a comerciante toca no nome de Zeynep, a menina imediatamente muda de assunto. A alegria entre elas dura pouco, j\u00e1 que Cengiz volta para casa antes do previso. Sem ter outra sa\u00edda, e para evitar mais problemas para a pequena, Gonul foge da resid\u00eancia de forma inusitada&#8230;. Ou para ser mais preciso, pela janela.<\/p>\n<p>Confira o resumo do cap\u00edtulo de hoje:<\/p>\n<h2 style=\"color: #ea7b7b;\">Resumo de quinta-feira, 15 de janeiro<\/h2>\n<p>Gamze se surpreende com a visita de Selim, o cliente do escrit\u00f3rio que mostra interesse por ela e a convida para jantar. Zeynep vai \u00e0 casa de Gonul e a av\u00f3 diz a ela que a m\u00e3e est\u00e1 com algum problema, deixando a fot\u00f3grafa intrigada. Cengiz pro\u00edbe Sule de dar dinheiro para Melek comprar comida. Gonul n\u00e3o resiste e, ao ver Sule e Cengiz sa\u00edrem, decide bater na porta. Quando Turna\/Melek a v\u00ea fica radiante. A Senhora Pateta cozinha para a menina. Duru volta para casa perturbada. Sinan recebe conselhos de uma florista. Gamze se apavora ao ver que Duru tomou o vidro de comprimidos. Sinan tenta contar a verdade para Zeynep, mas os dois s\u00e3o interrompidos pela liga\u00e7\u00e3o de Gamze, informando que Duru tentou tirar a pr\u00f3pria vida. Na estreia de Sule no bar de m\u00fasica turca, Cengiz arruma confus\u00e3o. No hospital, todos se apavoram com a situa\u00e7\u00e3o de Duru. Sule pede que Cengiz v\u00e1 embora do bar. Gonul e Turna\/Melek se apavoram quando Cengiz volta para casa e a Senhora Pateta foge pulando a janela para evitar mais problemas para a menina. Em casa, Cengiz fica b\u00eabado, deixando Melek muito assustada. Zeynep percebe que Gonul est\u00e1 escondendo algo e pede que ela lhe fale a verdade.<\/p>\n<h2>Saiba mais<\/h2>\n<p><a href=\"https:\/\/tvnovelas.com.br\/novelas\/resumos-de-novela-mae\/\" target=\"_blank\" rel=\"noopener\">Resumos dos cap\u00edtulos da semana&lt;c\/a&gt;<br \/>\n<\/a><a href=\"https:\/\/wp.me\/pfspD2-VN\" target=\"_blank\" rel=\"noopener\">M\u00e3e: Resgatando uma crian\u00e7a da viol\u00eancia<\/a><a href=\"https:\/\/tvnovelas.com.br\/novelas\/resumos-de-novela-mae\/\" target=\"_blank\" rel=\"noopener\"><br \/>\n<div class=\"pt-cv-wrapper\"><h2 class='pt-cv-heading-container heading2' data-blockid='759454f593'><span class='pt-cv-heading'> \u00daltimas da Novela <\/span><\/h2><div class=\"pt-cv-view pt-cv-grid pt-cv-colsys\" id=\"pt-cv-view-759454f593\"><div data-id=\"pt-cv-page-1\" class=\"pt-cv-page\" data-cvc=\"1\"><div class=\"col-md-12 col-sm-12 col-xs-12 pt-cv-content-item pt-cv-1-col\" ><div class='pt-cv-ifield'><h4 class=\"pt-cv-title\"><a href=\"https:\/\/www.tvnovelas.com.br\/tvnews\/mae-o-destino-final-de-melek-e-zeynep\/\" class=\"_self\" target=\"_self\" >M\u00e3e: O destino final de Melek e Zeynep<\/a><\/h4><\/div><\/div>\n<div class=\"col-md-12 col-sm-12 col-xs-12 pt-cv-content-item pt-cv-1-col\" ><div class='pt-cv-ifield'><h4 class=\"pt-cv-title\"><a href=\"https:\/\/www.tvnovelas.com.br\/tvnews\/mae-zeynep-enfrenta-cengiz\/\" class=\"_self\" target=\"_self\" >M\u00e3e: Zeynep enfrenta Cengiz<\/a><\/h4><\/div><\/div>\n<div class=\"col-md-12 col-sm-12 col-xs-12 pt-cv-content-item pt-cv-1-col\" ><div class='pt-cv-ifield'><h4 class=\"pt-cv-title\"><a href=\"https:\/\/www.tvnovelas.com.br\/tvnews\/mae-cengiz-e-preso-sob-a-acusacao-de-assassinato\/\" class=\"_self\" target=\"_self\" >M\u00e3e: Cengiz \u00e9 preso sob a acusa\u00e7\u00e3o de assassinato<\/a><\/h4><\/div><\/div>\n<div class=\"col-md-12 col-sm-12 col-xs-12 pt-cv-content-item pt-cv-1-col\" ><div class='pt-cv-ifield'><h4 class=\"pt-cv-title\"><a href=\"https:\/\/www.tvnovelas.com.br\/tvnews\/mae-cengiz-assina-documento-renunciando-a-guarda-dos-filhos\/\" class=\"_self\" target=\"_self\" >M\u00e3e: Cengiz assina documento renunciando \u00e0 guarda dos filhos<\/a><\/h4><\/div><\/div>\n<div class=\"col-md-12 col-sm-12 col-xs-12 pt-cv-content-item pt-cv-1-col\" ><div class='pt-cv-ifield'><h4 class=\"pt-cv-title\"><a href=\"https:\/\/www.tvnovelas.com.br\/tvnews\/mae-cengiz-pode-estar-com-os-dias-contados\/\" class=\"_self\" target=\"_self\" >M\u00e3e: Cengiz pode estar com os dias contados<\/a><\/h4><\/div><\/div><\/div><\/div><\/div><br \/>\n&lt;h<\/a><\/p>\n<div style=\"font-size: 120%;\"><h3>Confira tamb\u00e9m<\/h3>\r\n<a href=\"https:\/\/tvnovelas.com.br\/novelas\/\" rel=\"noopener\" target=\"_blank\"><strong>Todos os resumos de novelas<\/strong><\/a><\/br>\r\n<a href=\"https:\/\/www.tvnovelas.com.br\/tvnews\/\" rel=\"noopener\" target=\"_blank\"><strong>\u00daltimas not\u00edcias das novelas<\/strong><\/a><\/br>\r\n<a href=\"https:\/\/www.tvnovelas.com.br\/filmes\/\" target=\"_blank\" rel=\"noopener noreferrer\"><strong>Programa\u00e7\u00e3o de filmes na TV aberta<\/strong><\/a><\/br>\r\n<a href=\"https:\/\/caetenews.com.br\/semana\/filmes-da-globo-na-sessao-da-tarde-desta-semana\/\" target=\"_blank\" rel=\"noopener\"><strong>Confira os filmes da semana na Sess\u00e3o da Tarde<\/strong><\/a><\/br>\r\n<a href=\"https:\/\/classindportal.mj.gov.br\/consulta-filmes\" target=\"_blank\" rel=\"noopener\"><strong>Consulte a classifica\u00e7\u00e3o indicativa dos filmes e novelas<\/strong><\/a><\/br><\/div>\n","protected":false},"excerpt":{"rendered":"<p>M\u00e3e: Duru sofre com a rejei\u00e7\u00e3o de Ali&#8230; No cap\u00edtulo desta quinta, dia 15, Duru n\u00e3o consegue se conformar com o fim da rela\u00e7\u00e3o com Ali e sofre muito&#8230;<\/p>\n","protected":false},"author":1,"featured_media":87041,"comment_status":"closed","ping_status":"closed","sticky":false,"template":"","format":"standard","meta":{"_uf_show_specific_survey":0,"_uf_disable_surveys":false,"_jetpack_memberships_contains_paid_content":false,"footnotes":"","_wp_rev_ctl_limit":""},"categories":[1012],"tags":[1013,64,14],"class_list":["post-87040","post","type-post","status-publish","format-standard","has-post-thumbnail","hentry","category-mae","tag-mae","tag-novelas","tag-record","wpcat-1012-id"],"aioseo_notices":[],"jetpack_featured_media_url":"https:\/\/i0.wp.com\/www.tvnovelas.com.br\/tvnews\/wp-content\/uploads\/2026\/01\/12746.jpg?fit=728%2C410&ssl=1","jetpack_shortlink":"https:\/\/wp.me\/pdP2BO-mDS","jetpack_sharing_enabled":true,"_links":{"self":[{"href":"https:\/\/www.tvnovelas.com.br\/tvnews\/wp-json\/wp\/v2\/posts\/87040","targetHints":{"allow":["GET"]}}],"collection":[{"href":"https:\/\/www.tvnovelas.com.br\/tvnews\/wp-json\/wp\/v2\/posts"}],"about":[{"href":"https:\/\/www.tvnovelas.com.br\/tvnews\/wp-json\/wp\/v2\/types\/post"}],"author":[{"embeddable":true,"href":"https:\/\/www.tvnovelas.com.br\/tvnews\/wp-json\/wp\/v2\/users\/1"}],"replies":[{"embeddable":true,"href":"https:\/\/www.tvnovelas.com.br\/tvnews\/wp-json\/wp\/v2\/comments?post=87040"}],"version-history":[{"count":1,"href":"https:\/\/www.tvnovelas.com.br\/tvnews\/wp-json\/wp\/v2\/posts\/87040\/revisions"}],"predecessor-version":[{"id":87042,"href":"https:\/\/www.tvnovelas.com.br\/tvnews\/wp-json\/wp\/v2\/posts\/87040\/revisions\/87042"}],"wp:featuredmedia":[{"embeddable":true,"href":"https:\/\/www.tvnovelas.com.br\/tvnews\/wp-json\/wp\/v2\/media\/87041"}],"wp:attachment":[{"href":"https:\/\/www.tvnovelas.com.br\/tvnews\/wp-json\/wp\/v2\/media?parent=87040"}],"wp:term":[{"taxonomy":"category","embeddable":true,"href":"https:\/\/www.tvnovelas.com.br\/tvnews\/wp-json\/wp\/v2\/categories?post=87040"},{"taxonomy":"post_tag","embeddable":true,"href":"https:\/\/www.tvnovelas.com.br\/tvnews\/wp-json\/wp\/v2\/tags?post=87040"}],"curies":[{"name":"wp","href":"https:\/\/api.w.org\/{rel}","templated":true}]}}