{"id":87051,"date":"2026-01-15T19:38:18","date_gmt":"2026-01-15T22:38:18","guid":{"rendered":"https:\/\/www.tvnovelas.com.br\/tvnews\/?p=87051"},"modified":"2026-01-15T19:38:18","modified_gmt":"2026-01-15T22:38:18","slug":"a-mar-azul-pede-que-sergio-va-embora-do-povoado","status":"publish","type":"post","link":"https:\/\/www.tvnovelas.com.br\/tvnews\/a-mar-azul-pede-que-sergio-va-embora-do-povoado\/","title":{"rendered":"A.Mar: Azul pede que S\u00e9rgio v\u00e1 embora do povoado"},"content":{"rendered":"<figure id=\"attachment_87052\" aria-describedby=\"caption-attachment-87052\" style=\"width: 728px\" class=\"wp-caption aligncenter\"><img data-recalc-dims=\"1\" decoding=\"async\" class=\"wp-image-87052 size-full\" title=\"(Foto: SBT\/Televisa\/A.Mar)\" src=\"https:\/\/i0.wp.com\/www.tvnovelas.com.br\/tvnews\/wp-content\/uploads\/2026\/01\/12660.jpg?resize=728%2C410&#038;ssl=1\" alt=\"Foto em A.Mar: Azul pede que S\u00e9rgio v\u00e1 embora do povoado \" width=\"728\" height=\"410\" srcset=\"https:\/\/i0.wp.com\/www.tvnovelas.com.br\/tvnews\/wp-content\/uploads\/2026\/01\/12660.jpg?w=728&amp;ssl=1 728w, https:\/\/i0.wp.com\/www.tvnovelas.com.br\/tvnews\/wp-content\/uploads\/2026\/01\/12660.jpg?resize=250%2C141&amp;ssl=1 250w\" sizes=\"(max-width: 728px) 100vw, 728px\" \/><figcaption id=\"caption-attachment-87052\" class=\"wp-caption-text\">A.Mar: Azul pede que S\u00e9rgio v\u00e1 embora do povoado<\/figcaption><\/figure>\n<p>No cap\u00edtulo de A.Mar desta sexta, dia 16, Estrela e Fabian enfrentam Sergio, recriminando-o por fazer falsas promessas \u00e0s pessoas para que vendam suas propriedades. Azul pede a Sergio que v\u00e1 embora n\u00e3o destrua o povoado.<\/p>\n<p>Sergio acusaa Estrela de ter usado a pr\u00f3pria filha. Azul responde que a m\u00e3e n\u00e3o a est\u00e1 usando, e Mercedes diz que a culpa \u00e9 dele, pois foi ele quem disse que iria \u00e0 assembleia.<\/p>\n<p>Azul diz a Sergio que ele mudou tanto que j\u00e1 n\u00e3o se importa em machucar ela e sua fam\u00edlia. Sergio responde que sempre foi assim, que s\u00f3 se importa com os neg\u00f3cios e o dinheiro, e que ela est\u00e1 do lado dos perdedores.<br \/>\n<em> Confira o resumo do cap\u00edtulo de hoje:<\/em><\/p>\n<h2 style=\"color: #ff0000;\">Resumo de sexta-feira, 16 de janeiro<\/h2>\n<p>Estrela e Fabian enfrentam Sergio, recriminando-o por fazer falsas promessas \u00e0s pessoas para que vendam suas propriedades. Azul diz a Sergio que v\u00e1 embora e deixe o povo em paz. Azul diz ao pai que v\u00e1 embora e n\u00e3o destrua o povoado. Sergio diz a Estrela que ela n\u00e3o deveria ter usado a pr\u00f3pria filha. Azul responde que a m\u00e3e n\u00e3o a est\u00e1 usando, e Mercedes diz que a culpa \u00e9 dele, pois foi ele quem disse que iria \u00e0 assembleia. Marina diz a \u00c9der que j\u00e1 n\u00e3o est\u00e1 com Nicolas e que ele vai lutar para ficar com o menino, mas que tanto ela quanto Gabriel v\u00e3o lutar para que n\u00e3o os separem. Chorando, \u00c9der pede que prometam que n\u00e3o o separar\u00e3o do pai (Gabriel). Eles garantem que lutar\u00e3o para que isso n\u00e3o aconte\u00e7a. Azul diz a Sergio que ele mudou tanto que j\u00e1 n\u00e3o se importa em machucar ela e sua fam\u00edlia. Sergio responde que sempre foi assim, que s\u00f3 se importa com os neg\u00f3cios e o dinheiro, e que ela est\u00e1 do lado dos perdedores. Sergio diz a Gabriel que ele tem uma d\u00edvida e que, se n\u00e3o pagar em tr\u00eas dias, ele cobrar\u00e1 com a propriedade.<\/p>\n<p>Adriana diz a Marina que Nicolas contratou seus servi\u00e7os como advogada para tirar a guarda de \u00c9der de Gabriel. Sergio diz a Roberto que eles precisam pressionar os pescadores para que vendam suas propriedades, obrigando-os a ir ao mar sem limites, mesmo que n\u00e3o tenham nem o que comer. Erika diz a Sergio que adorou as flores, mas n\u00e3o entendeu a mensagem. Ele responde que Fabian pode ser enganado, mas ele n\u00e3o, e que precisa que ela vigie Fabian. Perla confessa a Valentim que o motivo pelo qual n\u00e3o tiveram intimidade \u00e9 que Tubar\u00e3o a violentou e que, sempre que tenta, as lembran\u00e7as voltam. Chorando, Valentim diz que o que aconteceu n\u00e3o muda em nada o amor que sente por ela e que vai esperar at\u00e9 que esteja pronta, porque a ama. Marina diz a Gabriel que Nicolas deixou a guarda com a condi\u00e7\u00e3o de que ele levasse \u00c9der para longe dele, e que ela disse n\u00e3o. Brisa diz a Pascoal que n\u00e3o permitir\u00e1 que ele seja sacerdote, porque o ama. Fabian e os pescadores saem ao mar apesar das advert\u00eancias de Porfirio. Porfirio diz a Estrela que deu ordens para que ningu\u00e9m sa\u00edsse para pescar. Ela responde que essas s\u00e3o ordens de Sergio e pode dizer a ele que, se pensa que pode passar por cima deles, est\u00e1 muito enganado. Brisa vai ao semin\u00e1rio para convencer Pascoal de que est\u00e1 cometendo um erro ao ingressar no semin\u00e1rio. Abra\u00e7ando-o, diz que tamb\u00e9m o ama e que tem medo do futuro incerto, mas quer que, juntos, enfrentem o que vier. Chorando, Pascoal diz que a ama muito, mas tem medo de suas indecis\u00f5es. Brisa afirma que ama a ele e a mais ningu\u00e9m. \u00c9der enfrenta Nicolas e diz que n\u00e3o gosta dele e n\u00e3o quer que seja seu pai. Nicolas diz a Gabriel que ganhar\u00e1 a guarda de \u00c9der porque a m\u00e3e, psicologicamente, n\u00e3o est\u00e1 apta para assumir a responsabilidade, j\u00e1 que sofre de lapsos de mem\u00f3ria e \u00e9 inst\u00e1vel. Diz ainda que, se Gabriel realmente ama \u00c9der e Marina, deve desaparecer da vida deles, pois, ao ganhar a guarda do filho, ele o levar\u00e1 para longe e nem ele nem Antonia voltar\u00e3o a v\u00ea-lo. Chorando, \u00c9der diz a Gabriel que n\u00e3o gosta de Nicolas porque ele \u00e9 odioso e vive gritando, e que por algum motivo est\u00e1 trabalhando com o pai de Azul. Estrela e seus colaboradores advertem o capit\u00e3o Rojas de que, se ele n\u00e3o esclarecer a situa\u00e7\u00e3o de Fabian, v\u00e3o solicitar que seja investigado por neglig\u00eancia. Gabriel diz a Marina que, pelo bem de \u00c9der, vai se afastar, pois n\u00e3o quer que, no julgamento, a guarda seja concedida a Nicolas.<br \/>\n<!--FIM--><a href=\"https:\/\/tvnovelas.com.br\/novelas\/resumo-de-novelas-a-mar\/\" target=\"_blank\" rel=\"noopener\">Resumos dos cap\u00edtulos da semana de A.Mar<\/a><br \/>\n<div class=\"pt-cv-wrapper\"><h2 class='pt-cv-heading-container heading2' data-blockid='ab488fdp2g'><span class='pt-cv-heading'> \u00daltimas da Novela <\/span><\/h2><div class=\"pt-cv-view pt-cv-grid pt-cv-colsys\" id=\"pt-cv-view-ab488fdp2g\"><div data-id=\"pt-cv-page-1\" class=\"pt-cv-page\" data-cvc=\"1\"><div class=\"col-md-12 col-sm-12 col-xs-12 pt-cv-content-item pt-cv-1-col\" ><div class='pt-cv-ifield'><h4 class=\"pt-cv-title\"><a href=\"https:\/\/www.tvnovelas.com.br\/tvnews\/a-mar-estrela-reune-moradores-para-barrar-maquinario-de-sergio\/\" class=\"_self\" target=\"_self\" >A.Mar: Estrela re\u00fane moradores para barrar m\u00e1quin\u00e1rio de S\u00e9rgio<\/a><\/h4><\/div><\/div>\n<div class=\"col-md-12 col-sm-12 col-xs-12 pt-cv-content-item pt-cv-1-col\" ><div class='pt-cv-ifield'><h4 class=\"pt-cv-title\"><a href=\"https:\/\/www.tvnovelas.com.br\/tvnews\/a-mar-erika-inocenta-fabian-e-ulises\/\" class=\"_self\" target=\"_self\" >A.Mar: \u00c9rika inocenta Fabian e Ulises<\/a><\/h4><\/div><\/div>\n<div class=\"col-md-12 col-sm-12 col-xs-12 pt-cv-content-item pt-cv-1-col\" ><div class='pt-cv-ifield'><h4 class=\"pt-cv-title\"><a href=\"https:\/\/www.tvnovelas.com.br\/tvnews\/a-mar-erika-confessa-a-fabian-que-mentiu-sobre-gravidez\/\" class=\"_self\" target=\"_self\" >A.Mar: \u00c9rika confessa a Fabian que mentiu sobre gravidez<\/a><\/h4><\/div><\/div><\/div><\/div><\/div><\/p>\n<div style=\"font-size: 120%;\"><h3>Confira tamb\u00e9m<\/h3>\r\n<a href=\"https:\/\/tvnovelas.com.br\/novelas\/\" rel=\"noopener\" target=\"_blank\"><strong>Todos os resumos de novelas<\/strong><\/a><\/br>\r\n<a href=\"https:\/\/www.tvnovelas.com.br\/tvnews\/\" rel=\"noopener\" target=\"_blank\"><strong>\u00daltimas not\u00edcias das novelas<\/strong><\/a><\/br>\r\n<a href=\"https:\/\/www.tvnovelas.com.br\/filmes\/\" target=\"_blank\" rel=\"noopener noreferrer\"><strong>Programa\u00e7\u00e3o de filmes na TV aberta<\/strong><\/a><\/br>\r\n<a href=\"https:\/\/caetenews.com.br\/semana\/filmes-da-globo-na-sessao-da-tarde-desta-semana\/\" target=\"_blank\" rel=\"noopener\"><strong>Confira os filmes da semana na Sess\u00e3o da Tarde<\/strong><\/a><\/br>\r\n<a href=\"https:\/\/classindportal.mj.gov.br\/consulta-filmes\" target=\"_blank\" rel=\"noopener\"><strong>Consulte a classifica\u00e7\u00e3o indicativa dos filmes e novelas<\/strong><\/a><\/br><\/div>\n<p><a href=\"https:\/\/tvnovelas.com.br\/page2\/arquivo\/a-mar-conflitos-tragedia-e-drama-na-historia-de-estrela\/\" target=\"_blank\" rel=\"noopener\">A.Mar: Conhe\u00e7a a hist\u00f3ria da novela<\/a><\/p>\n","protected":false},"excerpt":{"rendered":"<p>A.Mar: Azul pede que S\u00e9rgio v\u00e1 embora do povoado&#8230;. No cap\u00edtulo de A.Mar desta sexta, dia 16, Estrela e Fabian enfrentam Sergio&#8230;<\/p>\n","protected":false},"author":1,"featured_media":87052,"comment_status":"closed","ping_status":"closed","sticky":false,"template":"","format":"standard","meta":{"_uf_show_specific_survey":0,"_uf_disable_surveys":false,"_jetpack_memberships_contains_paid_content":false,"footnotes":"","_wp_rev_ctl_limit":""},"categories":[1003],"tags":[1004,64,13],"class_list":["post-87051","post","type-post","status-publish","format-standard","has-post-thumbnail","hentry","category-a-mar","tag-a-mar","tag-novelas","tag-sbt","wpcat-1003-id"],"aioseo_notices":[],"jetpack_featured_media_url":"https:\/\/i0.wp.com\/www.tvnovelas.com.br\/tvnews\/wp-content\/uploads\/2026\/01\/12660.jpg?fit=728%2C410&ssl=1","jetpack_shortlink":"https:\/\/wp.me\/pdP2BO-mE3","jetpack_sharing_enabled":true,"_links":{"self":[{"href":"https:\/\/www.tvnovelas.com.br\/tvnews\/wp-json\/wp\/v2\/posts\/87051","targetHints":{"allow":["GET"]}}],"collection":[{"href":"https:\/\/www.tvnovelas.com.br\/tvnews\/wp-json\/wp\/v2\/posts"}],"about":[{"href":"https:\/\/www.tvnovelas.com.br\/tvnews\/wp-json\/wp\/v2\/types\/post"}],"author":[{"embeddable":true,"href":"https:\/\/www.tvnovelas.com.br\/tvnews\/wp-json\/wp\/v2\/users\/1"}],"replies":[{"embeddable":true,"href":"https:\/\/www.tvnovelas.com.br\/tvnews\/wp-json\/wp\/v2\/comments?post=87051"}],"version-history":[{"count":2,"href":"https:\/\/www.tvnovelas.com.br\/tvnews\/wp-json\/wp\/v2\/posts\/87051\/revisions"}],"predecessor-version":[{"id":87069,"href":"https:\/\/www.tvnovelas.com.br\/tvnews\/wp-json\/wp\/v2\/posts\/87051\/revisions\/87069"}],"wp:featuredmedia":[{"embeddable":true,"href":"https:\/\/www.tvnovelas.com.br\/tvnews\/wp-json\/wp\/v2\/media\/87052"}],"wp:attachment":[{"href":"https:\/\/www.tvnovelas.com.br\/tvnews\/wp-json\/wp\/v2\/media?parent=87051"}],"wp:term":[{"taxonomy":"category","embeddable":true,"href":"https:\/\/www.tvnovelas.com.br\/tvnews\/wp-json\/wp\/v2\/categories?post=87051"},{"taxonomy":"post_tag","embeddable":true,"href":"https:\/\/www.tvnovelas.com.br\/tvnews\/wp-json\/wp\/v2\/tags?post=87051"}],"curies":[{"name":"wp","href":"https:\/\/api.w.org\/{rel}","templated":true}]}}