{"id":87062,"date":"2026-01-16T09:08:42","date_gmt":"2026-01-16T12:08:42","guid":{"rendered":"https:\/\/www.tvnovelas.com.br\/tvnews\/?p=87062"},"modified":"2026-01-16T09:08:42","modified_gmt":"2026-01-16T12:08:42","slug":"eta-mundo-melhor-haydee-insultada-da-tapa-na-cara-de-irma","status":"publish","type":"post","link":"https:\/\/www.tvnovelas.com.br\/tvnews\/eta-mundo-melhor-haydee-insultada-da-tapa-na-cara-de-irma\/","title":{"rendered":"\u00cata Mundo Melhor!: Hayd\u00e9e insultada, d\u00e1 tapa na cara de irm\u00e3"},"content":{"rendered":"<figure id=\"attachment_87063\" aria-describedby=\"caption-attachment-87063\" style=\"width: 728px\" class=\"wp-caption aligncenter\"><img data-recalc-dims=\"1\" decoding=\"async\" class=\"wp-image-87063 size-full\" title=\"(Foto: TV Globo\/\u00cata Mundo Melhor!)\" src=\"https:\/\/i0.wp.com\/www.tvnovelas.com.br\/tvnews\/wp-content\/uploads\/2026\/01\/12748.jpg?resize=728%2C410&#038;ssl=1\" alt=\"Foto em \u00cata Mundo Melhor!: Hayd\u00e9e insultada, d\u00e1 tapa na cara de irm\u00e3\" width=\"728\" height=\"410\" srcset=\"https:\/\/i0.wp.com\/www.tvnovelas.com.br\/tvnews\/wp-content\/uploads\/2026\/01\/12748.jpg?w=728&amp;ssl=1 728w, https:\/\/i0.wp.com\/www.tvnovelas.com.br\/tvnews\/wp-content\/uploads\/2026\/01\/12748.jpg?resize=250%2C141&amp;ssl=1 250w\" sizes=\"(max-width: 728px) 100vw, 728px\" \/><figcaption id=\"caption-attachment-87063\" class=\"wp-caption-text\">\u00cata Mundo Melhor!: Hayd\u00e9e insultada, d\u00e1 tapa na cara de irm\u00e3<\/figcaption><\/figure>\n<p>Em \u00cata Mundo Melhor!, Hayd\u00e9e (K\u00eania B\u00e1rbara) leu o di\u00e1rio da sua m\u00e3e e descobriu que seu pai n\u00e3o \u00e9 L\u00facio (Tony Tornado) e, sim, um homem rico que n\u00e3o assumiu a gravidez de Rosita. Mesmo arrasada com a hist\u00f3ria, ela decide investigar o paradeiro dos seus parentes e descobre que tem uma irm\u00e3. Decidida, ela procura a mo\u00e7a, mas \u00e9 recebida com desprezo e desd\u00e9m.<\/p>\n<p>Hayd\u00e9e receber\u00e1 a visita na boutique de Janete, sua irm\u00e3.<\/p>\n<p>&#8220;Sei que n\u00e3o veio comprar vestidos. Diga o que procura!&#8221;, diz a dona do estabelecimento.<\/p>\n<p>&#8220;Voc\u00ea est\u00e1 certa! Meu nome \u00e9 Janete Mendes de Barros. E n\u00e3o vim aqui para ser sua cliente. Sei que est\u00e1 tentando se aproximar de minha fam\u00edlia para roubar parte da heran\u00e7a de meu pai&#8221;, acusa a mulher.<\/p>\n<p>&#8220;Roubar? Foi isso que voc\u00ea disse?&#8221;, pergunta Hayd\u00e9e, passada.<\/p>\n<p>Janete continua com a sua fala preconceituosa e tenta humilhar a irm\u00e3:<\/p>\n<p>&#8220;Minha m\u00e3e avisou sobre a exist\u00eancia de uma bastarda. Sempre soubemos que papai tinha tido uma filha com uma vedete, mas voc\u00ea n\u00e3o faz parte de nossa fam\u00edlia. N\u00e3o ter\u00e1 direito a heran\u00e7a e nem ao nosso nome. Sua m\u00e3e era uma interesseira e deu um golpe em papai!&#8221;<\/p>\n<p>Mas Hayd\u00e9e n\u00e3o deixa barato e d\u00e1 um tapa na cara da parente.<\/p>\n<p>Chocada, Janete fala:<\/p>\n<p>&#8220;Voc\u00ea me bateu?&#8221;<\/p>\n<p>&#8220;Eu n\u00e3o quero nada que venha de voc\u00eas! Nem dinheiro, e muito menos o sobrenome de um homem cruel e preconceituoso! Saia da minha loja!&#8221;, ordena Hayd\u00e9e, dando uma li\u00e7\u00e3o na mulher.<br \/>\n<!--FIM--><br \/>\n<a href=\"https:\/\/tvnovelas.com.br\/novelas\/resumos-de-eta-mundo-melhor\/\" target=\"_blank\" rel=\"noopener\">Resumos dos cap\u00edtulos de \u00cata Mundo Melhor!<\/a><br \/>\n<div class=\"pt-cv-wrapper\"><h2 class='pt-cv-heading-container heading2' data-blockid='ae5b5529ra'><span class='pt-cv-heading'> \u00daltimas da novela <\/span><\/h2><div class=\"pt-cv-view pt-cv-grid pt-cv-colsys\" id=\"pt-cv-view-ae5b5529ra\"><div data-id=\"pt-cv-page-1\" class=\"pt-cv-page\" data-cvc=\"1\"><div class=\"col-md-12 col-sm-12 col-xs-12 pt-cv-content-item pt-cv-1-col\" ><div class='pt-cv-ifield'><h4 class=\"pt-cv-title\"><a href=\"https:\/\/www.tvnovelas.com.br\/tvnews\/eta-mundo-melhor-sandra-avisa-que-nao-vai-desistir-da-vinganca\/\" class=\"_blank\" target=\"_blank\" >\u00cata Mundo Melhor!: Sandra avisa que n\u00e3o vai desistir da vingan\u00e7a<\/a><\/h4><\/div><\/div>\n<div class=\"col-md-12 col-sm-12 col-xs-12 pt-cv-content-item pt-cv-1-col\" ><div class='pt-cv-ifield'><h4 class=\"pt-cv-title\"><a href=\"https:\/\/www.tvnovelas.com.br\/tvnews\/eta-mundo-melhor-celso-conta-a-candinho-o-que-sempre-escondeu-sobre-samir\/\" class=\"_blank\" target=\"_blank\" >\u00cata Mundo Melhor!: Celso conta a Candinho o que sempre escondeu sobre Samir<\/a><\/h4><\/div><\/div>\n<div class=\"col-md-12 col-sm-12 col-xs-12 pt-cv-content-item pt-cv-1-col\" ><div class='pt-cv-ifield'><h4 class=\"pt-cv-title\"><a href=\"https:\/\/www.tvnovelas.com.br\/tvnews\/eta-mundo-melhor-lourival-pede-uma-chance-a-dita-e-eles-se-beijam\/\" class=\"_blank\" target=\"_blank\" >\u00cata Mundo Melhor!: Lourival pede uma chance a Dita e eles se beijam<\/a><\/h4><\/div><\/div><\/div><\/div><\/div><br \/>\n&lt;h<\/p>\n<div style=\"font-size: 120%;\"><h3>Confira tamb\u00e9m<\/h3>\r\n<a href=\"https:\/\/tvnovelas.com.br\/novelas\/\" rel=\"noopener\" target=\"_blank\"><strong>Todos os resumos de novelas<\/strong><\/a><\/br>\r\n<a href=\"https:\/\/www.tvnovelas.com.br\/tvnews\/\" rel=\"noopener\" target=\"_blank\"><strong>\u00daltimas not\u00edcias das novelas<\/strong><\/a><\/br>\r\n<a href=\"https:\/\/www.tvnovelas.com.br\/filmes\/\" target=\"_blank\" rel=\"noopener noreferrer\"><strong>Programa\u00e7\u00e3o de filmes na TV aberta<\/strong><\/a><\/br>\r\n<a href=\"https:\/\/caetenews.com.br\/semana\/filmes-da-globo-na-sessao-da-tarde-desta-semana\/\" target=\"_blank\" rel=\"noopener\"><strong>Confira os filmes da semana na Sess\u00e3o da Tarde<\/strong><\/a><\/br>\r\n<a href=\"https:\/\/classindportal.mj.gov.br\/consulta-filmes\" target=\"_blank\" rel=\"noopener\"><strong>Consulte a classifica\u00e7\u00e3o indicativa dos filmes e novelas<\/strong><\/a><\/br><\/div>\n<h2>Sobre a novela:<\/h2>\n<p><a href=\"https:\/\/tvnovelas.com.br\/page2\/arquivo\/eta-mundo-melhor-a-volta-de-candinho-e-policarpo\/&quot;\" target=\"_blank\" rel=\"noopener\">\u00cata Mundo Melhor!: A volta de Candinho e Policarpo<\/a> (Sinopse)<br \/>\n<a href=\"https:\/\/pt.wikipedia.org\/wiki\/%C3%8Ata_Mundo_Melhor!\" target=\"_blank\" rel=\"noopener\">Sobre \u00cata Mundo Melhor!, na Wikipedia<\/a><\/p>\n","protected":false},"excerpt":{"rendered":"<p>\u00cata Mundo Melhor!: Hayd\u00e9e insultada, d\u00e1 tapa na cara de irm\u00e3&#8230;. Em \u00cata Mundo Melhor!, Hayd\u00e9e (K\u00eania B\u00e1rbara) leu o di\u00e1rio da sua m\u00e3e e descobriu&#8230;<\/p>\n","protected":false},"author":1,"featured_media":87063,"comment_status":"closed","ping_status":"closed","sticky":false,"template":"","format":"standard","meta":{"_uf_show_specific_survey":0,"_uf_disable_surveys":false,"_jetpack_memberships_contains_paid_content":false,"footnotes":"","_wp_rev_ctl_limit":""},"categories":[920],"tags":[5,64],"class_list":["post-87062","post","type-post","status-publish","format-standard","has-post-thumbnail","hentry","category-eta-mundo-melhor","tag-globo","tag-novelas","wpcat-920-id"],"aioseo_notices":[],"jetpack_featured_media_url":"https:\/\/i0.wp.com\/www.tvnovelas.com.br\/tvnews\/wp-content\/uploads\/2026\/01\/12748.jpg?fit=728%2C410&ssl=1","jetpack_shortlink":"https:\/\/wp.me\/pdP2BO-mEe","jetpack_sharing_enabled":true,"_links":{"self":[{"href":"https:\/\/www.tvnovelas.com.br\/tvnews\/wp-json\/wp\/v2\/posts\/87062","targetHints":{"allow":["GET"]}}],"collection":[{"href":"https:\/\/www.tvnovelas.com.br\/tvnews\/wp-json\/wp\/v2\/posts"}],"about":[{"href":"https:\/\/www.tvnovelas.com.br\/tvnews\/wp-json\/wp\/v2\/types\/post"}],"author":[{"embeddable":true,"href":"https:\/\/www.tvnovelas.com.br\/tvnews\/wp-json\/wp\/v2\/users\/1"}],"replies":[{"embeddable":true,"href":"https:\/\/www.tvnovelas.com.br\/tvnews\/wp-json\/wp\/v2\/comments?post=87062"}],"version-history":[{"count":1,"href":"https:\/\/www.tvnovelas.com.br\/tvnews\/wp-json\/wp\/v2\/posts\/87062\/revisions"}],"predecessor-version":[{"id":87064,"href":"https:\/\/www.tvnovelas.com.br\/tvnews\/wp-json\/wp\/v2\/posts\/87062\/revisions\/87064"}],"wp:featuredmedia":[{"embeddable":true,"href":"https:\/\/www.tvnovelas.com.br\/tvnews\/wp-json\/wp\/v2\/media\/87063"}],"wp:attachment":[{"href":"https:\/\/www.tvnovelas.com.br\/tvnews\/wp-json\/wp\/v2\/media?parent=87062"}],"wp:term":[{"taxonomy":"category","embeddable":true,"href":"https:\/\/www.tvnovelas.com.br\/tvnews\/wp-json\/wp\/v2\/categories?post=87062"},{"taxonomy":"post_tag","embeddable":true,"href":"https:\/\/www.tvnovelas.com.br\/tvnews\/wp-json\/wp\/v2\/tags?post=87062"}],"curies":[{"name":"wp","href":"https:\/\/api.w.org\/{rel}","templated":true}]}}