{"id":87232,"date":"2026-01-21T09:33:15","date_gmt":"2026-01-21T12:33:15","guid":{"rendered":"https:\/\/www.tvnovelas.com.br\/tvnews\/?p=87232"},"modified":"2026-01-21T09:33:15","modified_gmt":"2026-01-21T12:33:15","slug":"tres-gracas-misael-revela-plano-envolvendo-assassino-de-aluguel","status":"publish","type":"post","link":"https:\/\/www.tvnovelas.com.br\/tvnews\/tres-gracas-misael-revela-plano-envolvendo-assassino-de-aluguel\/","title":{"rendered":"Tr\u00eas Gra\u00e7as: Misael revela plano envolvendo assassino de aluguel"},"content":{"rendered":"<figure id=\"attachment_87233\" aria-describedby=\"caption-attachment-87233\" style=\"width: 728px\" class=\"wp-caption aligncenter\"><img data-recalc-dims=\"1\" decoding=\"async\" class=\"wp-image-87233 size-full\" title=\"(Foto: TV Globo\/Tr\u00eas Gra\u00e7as)\" src=\"https:\/\/i0.wp.com\/www.tvnovelas.com.br\/tvnews\/wp-content\/uploads\/2026\/01\/12782.jpg?resize=728%2C410&#038;ssl=1\" alt=\"Foto em Tr\u00eas Gra\u00e7as: Misael revela plano envolvendo assassino de aluguel\" width=\"728\" height=\"410\" srcset=\"https:\/\/i0.wp.com\/www.tvnovelas.com.br\/tvnews\/wp-content\/uploads\/2026\/01\/12782.jpg?w=728&amp;ssl=1 728w, https:\/\/i0.wp.com\/www.tvnovelas.com.br\/tvnews\/wp-content\/uploads\/2026\/01\/12782.jpg?resize=250%2C141&amp;ssl=1 250w\" sizes=\"(max-width: 728px) 100vw, 728px\" \/><figcaption id=\"caption-attachment-87233\" class=\"wp-caption-text\">Tr\u00eas Gra\u00e7as: Misael revela plano envolvendo assassino de aluguel<\/figcaption><\/figure>\n<p>Em Tr\u00eas Gra\u00e7as, a princ\u00edpio, o papo de Consuelo (Viviane Ara\u00fajo) e Misael (Belo) n\u00e3o ser\u00e1 dos mais amistosos. Ela contar\u00e1 ao grupo da expropria\u00e7\u00e3o da est\u00e1tua que o ex-namorado estava planejando maneiras de assassinar Ferette (Murilo Ben\u00edcio), e foi por conta da preocupa\u00e7\u00e3o com essa possibilidade que ela foi at\u00e9 S\u00e3o Paulo.<\/p>\n<p>\u201cVoc\u00ea me seguiu do Rio at\u00e9 aqui pra me dedurar, foi isso?\u201d, reclamar\u00e1 ele.<\/p>\n<p>\u201cAlgu\u00e9m tinha que te impedir de fazer essa besteira\u201d, devolver\u00e1 Consuelo, que contar\u00e1 mais detalhes. \u201cEle queria usar o dinheiro pra contratar um matador. Eu que n\u00e3o deixei. A\u00ed comprou uma arma.\u201d<\/p>\n<p>Misael n\u00e3o vai negar que realmente pretendia matar Ferette; ele vai admitir que ainda n\u00e3o superou a morte de Isaura e nem a tentativa de assassinato que sofreu dos capangas do vil\u00e3o.<\/p>\n<p>\u201cEu tinha que me vingar!\u201d, dir\u00e1 ele.<\/p>\n<p>O resto do grupo far\u00e1 coro a Consuelo, reiterando o qu\u00e3o descabida era a ideia de Misael. Principalmente Gerluce (Sophie Charlotte), que o lembrar\u00e1 a import\u00e2ncia de n\u00e3o perder de vista o real objetivo da miss\u00e3o.<\/p>\n<p>\u201cMisael&#8230; N\u00f3s n\u00e3o somos assassinos. Por mais safados que o Ferette e dona Cobra sejam, o lugar deles \u00e9 na cadeia. E n\u00e3o se esque\u00e7a que agora temos um aliado poderoso: doutor Rog\u00e9rio. Ele tamb\u00e9m tem motivos de sobra pra querer se vingar daqueles dois\u201d, dir\u00e1 a protagonista.<br \/>\n!&#8211;FIM&#8211;&gt;<br \/>\n<div class=\"pt-cv-wrapper\"><h2 class='pt-cv-heading-container heading2' data-blockid='aa8cb49py2'><span class='pt-cv-heading'> \u00daltimas da Novela <\/span><\/h2><div class=\"pt-cv-view pt-cv-grid pt-cv-colsys\" id=\"pt-cv-view-aa8cb49py2\"><div data-id=\"pt-cv-page-1\" class=\"pt-cv-page\" data-cvc=\"1\"><div class=\"col-md-12 col-sm-12 col-xs-12 pt-cv-content-item pt-cv-1-col\" ><div class='pt-cv-ifield'><h4 class=\"pt-cv-title\"><a href=\"https:\/\/www.tvnovelas.com.br\/tvnews\/tres-gracas-bagda-e-preso-por-juquinha\/\" class=\"_self\" target=\"_self\" >Tr\u00eas Gra\u00e7as:  Bagd\u00e1 \u00e9 preso por Juquinha<\/a><\/h4><\/div><\/div>\n<div class=\"col-md-12 col-sm-12 col-xs-12 pt-cv-content-item pt-cv-1-col\" ><div class='pt-cv-ifield'><h4 class=\"pt-cv-title\"><a href=\"https:\/\/www.tvnovelas.com.br\/tvnews\/os-resumos-de-tres-gracas-da-semana-27-4-a-02-de-maio\/\" class=\"_self\" target=\"_self\" >Os resumos de Tr\u00eas Gra\u00e7as da semana 27\/4 a 02 de maio<\/a><\/h4><\/div><\/div>\n<div class=\"col-md-12 col-sm-12 col-xs-12 pt-cv-content-item pt-cv-1-col\" ><div class='pt-cv-ifield'><h4 class=\"pt-cv-title\"><a href=\"https:\/\/www.tvnovelas.com.br\/tvnews\/tres-gracas-ferette-negocia-com-samira-acabar-com-gerluce\/\" class=\"_self\" target=\"_self\" >Tr\u00eas Gra\u00e7as: Ferette negocia com Samira acabar com Gerluce<\/a><\/h4><\/div><\/div><\/div><\/div><\/div><\/p>\n<h2>Saiba mais<\/h2>\n<p><a href=\"https:\/\/tvnovelas.com.br\/novelas\/resumos-de-tres-gracas\/\" target=\"_blank\" rel=\"noopener\">Tr\u00eas Gra\u00e7as: Resumos dos cap\u00edtulos da semana<\/a><br \/>\n<a href=\"https:\/\/tvnovelas.com.br\/page2\/arquivo\/tres-gracas-aluta-para-nao-perder-a-esperanca\/\" target=\"_blank\" rel=\"noopener\">&#8216;Tr\u00eas Gra\u00e7as\u2019, a luta para n\u00e3o perder a esperan\u00e7a<\/a> (Sinopse)<br \/>\n<a href=\"https:\/\/www.tvnovelas.com.br\/tvnews\/tres-gracas-as-tres-gracas-e-suas-adversidades\/\" target=\"_blank\" rel=\"noopener\">Tr\u00eas Gra\u00e7as: As tr\u00eas Gra\u00e7as e suas adversidades<\/a><\/p>\n<div style=\"font-size: 120%;\"><h3>Confira tamb\u00e9m<\/h3>\r\n<a href=\"https:\/\/tvnovelas.com.br\/novelas\/\" rel=\"noopener\" target=\"_blank\"><strong>Todos os resumos de novelas<\/strong><\/a><\/br>\r\n<a href=\"https:\/\/www.tvnovelas.com.br\/tvnews\/\" rel=\"noopener\" target=\"_blank\"><strong>\u00daltimas not\u00edcias das novelas<\/strong><\/a><\/br>\r\n<a href=\"https:\/\/www.tvnovelas.com.br\/filmes\/\" target=\"_blank\" rel=\"noopener noreferrer\"><strong>Programa\u00e7\u00e3o de filmes na TV aberta<\/strong><\/a><\/br>\r\n<a href=\"https:\/\/caetenews.com.br\/semana\/filmes-da-globo-na-sessao-da-tarde-desta-semana\/\" target=\"_blank\" rel=\"noopener\"><strong>Confira os filmes da semana na Sess\u00e3o da Tarde<\/strong><\/a><\/br>\r\n<a href=\"https:\/\/classindportal.mj.gov.br\/consulta-filmes\" target=\"_blank\" rel=\"noopener\"><strong>Consulte a classifica\u00e7\u00e3o indicativa dos filmes e novelas<\/strong><\/a><\/br><\/div>\n","protected":false},"excerpt":{"rendered":"<p>Tr\u00eas Gra\u00e7as: Misael revela plano envolvendo assassino de aluguel&#8230;. Em Tr\u00eas Gra\u00e7as, a princ\u00edpio, o papo de Consuelo (Viviane Ara\u00fajo) e Misael&#8230;.<\/p>\n","protected":false},"author":1,"featured_media":87233,"comment_status":"closed","ping_status":"closed","sticky":false,"template":"","format":"standard","meta":{"_uf_show_specific_survey":0,"_uf_disable_surveys":false,"_jetpack_memberships_contains_paid_content":false,"footnotes":"","_wp_rev_ctl_limit":""},"categories":[1006],"tags":[5,64,1007],"class_list":["post-87232","post","type-post","status-publish","format-standard","has-post-thumbnail","hentry","category-tres-gracas","tag-globo","tag-novelas","tag-tres-gracas","wpcat-1006-id"],"aioseo_notices":[],"jetpack_featured_media_url":"https:\/\/i0.wp.com\/www.tvnovelas.com.br\/tvnews\/wp-content\/uploads\/2026\/01\/12782.jpg?fit=728%2C410&ssl=1","jetpack_shortlink":"https:\/\/wp.me\/pdP2BO-mGY","jetpack_sharing_enabled":true,"_links":{"self":[{"href":"https:\/\/www.tvnovelas.com.br\/tvnews\/wp-json\/wp\/v2\/posts\/87232","targetHints":{"allow":["GET"]}}],"collection":[{"href":"https:\/\/www.tvnovelas.com.br\/tvnews\/wp-json\/wp\/v2\/posts"}],"about":[{"href":"https:\/\/www.tvnovelas.com.br\/tvnews\/wp-json\/wp\/v2\/types\/post"}],"author":[{"embeddable":true,"href":"https:\/\/www.tvnovelas.com.br\/tvnews\/wp-json\/wp\/v2\/users\/1"}],"replies":[{"embeddable":true,"href":"https:\/\/www.tvnovelas.com.br\/tvnews\/wp-json\/wp\/v2\/comments?post=87232"}],"version-history":[{"count":1,"href":"https:\/\/www.tvnovelas.com.br\/tvnews\/wp-json\/wp\/v2\/posts\/87232\/revisions"}],"predecessor-version":[{"id":87234,"href":"https:\/\/www.tvnovelas.com.br\/tvnews\/wp-json\/wp\/v2\/posts\/87232\/revisions\/87234"}],"wp:featuredmedia":[{"embeddable":true,"href":"https:\/\/www.tvnovelas.com.br\/tvnews\/wp-json\/wp\/v2\/media\/87233"}],"wp:attachment":[{"href":"https:\/\/www.tvnovelas.com.br\/tvnews\/wp-json\/wp\/v2\/media?parent=87232"}],"wp:term":[{"taxonomy":"category","embeddable":true,"href":"https:\/\/www.tvnovelas.com.br\/tvnews\/wp-json\/wp\/v2\/categories?post=87232"},{"taxonomy":"post_tag","embeddable":true,"href":"https:\/\/www.tvnovelas.com.br\/tvnews\/wp-json\/wp\/v2\/tags?post=87232"}],"curies":[{"name":"wp","href":"https:\/\/api.w.org\/{rel}","templated":true}]}}