{"id":87260,"date":"2026-01-21T19:28:38","date_gmt":"2026-01-21T22:28:38","guid":{"rendered":"https:\/\/www.tvnovelas.com.br\/tvnews\/?p=87260"},"modified":"2026-01-21T19:32:10","modified_gmt":"2026-01-21T22:32:10","slug":"87260-2","status":"publish","type":"post","link":"https:\/\/www.tvnovelas.com.br\/tvnews\/87260-2\/","title":{"rendered":"Chamas do Destino: Omer e Ozan se unem para desmascarar os respons\u00e1veis pelo inc\u00eandio"},"content":{"rendered":"<figure id=\"attachment_87262\" aria-describedby=\"caption-attachment-87262\" style=\"width: 727px\" class=\"wp-caption alignnone\"><img data-recalc-dims=\"1\" decoding=\"async\" class=\"wp-image-87262 size-full\" title=\"(Foto: Record\/Chamas do Destino)\" src=\"https:\/\/i0.wp.com\/www.tvnovelas.com.br\/tvnews\/wp-content\/uploads\/2026\/01\/12665.jpg?resize=727%2C410&#038;ssl=1\" alt=\"Foto em Chamas do Destino: Omer e Ozan se unem para desmascarar os respons\u00e1veis pelo inc\u00eandio\" width=\"727\" height=\"410\" srcset=\"https:\/\/i0.wp.com\/www.tvnovelas.com.br\/tvnews\/wp-content\/uploads\/2026\/01\/12665.jpg?w=727&amp;ssl=1 727w, https:\/\/i0.wp.com\/www.tvnovelas.com.br\/tvnews\/wp-content\/uploads\/2026\/01\/12665.jpg?resize=250%2C141&amp;ssl=1 250w\" sizes=\"(max-width: 727px) 100vw, 727px\" \/><figcaption id=\"caption-attachment-87262\" class=\"wp-caption-text\">Chamas do Destino: Omer e Ozan se unem para desmascarar os respons\u00e1veis pelo inc\u00eandio<\/figcaption><\/figure>\n<p>No cap\u00edtulo de Chamas do Destino desta quarta, dia 21, o dia come\u00e7a sob tens\u00e3o m\u00e1xima para Omer. Ap\u00f3s ser alvo de uma emboscada violenta armada por Iskender, o rapaz recebe o apoio de Ozan, que o encontra ferido na loja. Mesmo debilitado pela surra, Omer prova que sua integridade n\u00e3o tem pre\u00e7o e ignora as amea\u00e7as do vil\u00e3o, recusando-se a recuar. No entanto, a press\u00e3o aumenta quando Kenan interv\u00e9m, exigindo que o jovem se afaste definitivamente de Ruya.<\/p>\n<p>Paralelamente, o mist\u00e9rio sobre a trag\u00e9dia ganha novos cap\u00edtulos: Omer e Ozan decidem unir for\u00e7as para investigar o que realmente causou o inc\u00eandio no evento beneficente.<\/p>\n<p>Enquanto isso, Tomris vive momentos de ang\u00fastia ao perceber que o neto desapareceu de seu quarto, o que a deixa em estado de alerta. A m\u00e9dica ainda tenta decifrar o comportamento enigm\u00e1tico de Iskender, que pediu desculpas a &#8220;Simal&#8221;, levantando suspeitas sobre as reais inten\u00e7\u00f5es do herdeiro dos Kayabeyli. Em meio ao caos, Ruya busca um recome\u00e7o para Ali, tentando conseguir para ele um emprego na resid\u00eancia de Tomris.<\/p>\n<p>A grande virada acontece quando Cemre, amparada por Ruya, cria coragem para denunciar as agress\u00f5es de Celebi na delegacia. Determinada a dar um basta no sofrimento, ela vai pessoalmente entregar o pedido de div\u00f3rcio.<\/p>\n<p>Contudo, a vilania de Celebi n\u00e3o conhece limites, e ele rebate a intima\u00e7\u00e3o com uma amea\u00e7a psicol\u00f3gica devastadora, afirmando que anular\u00e1 o processo ao provar para a sociedade que a esposa \u00e9 mentalmente inst\u00e1vel. Essa guerra de nervos promete mudar o destino de todos os envolvidos nesta trama eletrizante.<\/p>\n<p><em>Confira o resumo do cap\u00edtulo do dia<\/em><\/p>\n<h2 style=\"color: #0c7779;\">Resumo de quarta-feira, 21 de janeiro<\/h2>\n<p>Na manh\u00e3 seguinte, Ozan chega \u00e0 loja de Omer e encontra o amigo ferido. Ruya leva Cemre at\u00e9 a delegacia para prestar queixa contra Celebi. Tomris se assusta ao ver que o neto n\u00e3o est\u00e1 dormindo no quarto. Mesmo depois de levar uma surra, Omer n\u00e3o se deixa intimidar pelas amea\u00e7as de Iskender. Kenan procura Omer e pede para ele se afastar de Ruya. Tomris fica sem entender por que Iskender pediu desculpas para a \u201cSimal\u201d. Omer e Ozan se juntam para investigar as causas reais do inc\u00eandio no dia do evento beneficente. Ryua tenta ajudar Ali a conseguir um novo trabalho na casa da doutora Tomris. Decidida, Cemre vai at\u00e9 casa de Celebi para entregar o pedido de div\u00f3rcio. Ele afirma que vai cancelar o processo provando a todos que ela n\u00e3o est\u00e1 mentalmente saud\u00e1vel.<br \/>\n<!--FIM DO POST--><br \/>\n<strong>Saiba mais:<\/strong><br \/>\n<a href=\"https:\/\/wp.me\/pfspD2-VZ\" target=\"_blank\" rel=\"noopener\">Chamas do Destino: Tr\u00eas mulheres cujas hist\u00f3rias se cruzam<\/a> (Sinopse)<br \/>\n<div class=\"pt-cv-wrapper\"><h1 class='pt-cv-heading-container heading1' data-blockid='2ab72430a2'><span class='pt-cv-heading'> \u00daltimas da Novela <\/span><\/h1><div class=\"pt-cv-view pt-cv-grid pt-cv-colsys\" id=\"pt-cv-view-2ab72430a2\"><div data-id=\"pt-cv-page-1\" class=\"pt-cv-page\" data-cvc=\"1\"><div class=\"col-md-12 col-sm-12 col-xs-12 pt-cv-content-item pt-cv-1-col\" ><div class='pt-cv-ifield'><h4 class=\"pt-cv-title\"><a href=\"https:\/\/www.tvnovelas.com.br\/tvnews\/chamas-do-destino-iskender-e-preso-apos-denuncia-de-cicek\/\" class=\"_self\" target=\"_self\" >Chamas do Destino: Iskender \u00e9 preso ap\u00f3s den\u00fancia de Cicek<\/a><\/h4><\/div><\/div>\n<div class=\"col-md-12 col-sm-12 col-xs-12 pt-cv-content-item pt-cv-1-col\" ><div class='pt-cv-ifield'><h4 class=\"pt-cv-title\"><a href=\"https:\/\/www.tvnovelas.com.br\/tvnews\/chamas-do-destino-seher-permite-que-cemre-visite-ozan\/\" class=\"_self\" target=\"_self\" >Chamas do Destino: Seher permite que Cemre visite Ozan<\/a><\/h4><\/div><\/div>\n<div class=\"col-md-12 col-sm-12 col-xs-12 pt-cv-content-item pt-cv-1-col\" ><div class='pt-cv-ifield'><h4 class=\"pt-cv-title\"><a href=\"https:\/\/www.tvnovelas.com.br\/tvnews\/chamas-do-destino-iskender-se-torna-a-unica-esperanca-para-salvar-a-vida-de-ozan\/\" class=\"_self\" target=\"_self\" >Chamas do Destino: Iskender se torna a \u00fanica esperan\u00e7a para salvar a vida de Ozan<\/a><\/h4><\/div><\/div><\/div><\/div><\/div><\/p>\n<div style=\"font-size: 150%;\"><h3>Confira tamb\u00e9m<\/h3>\r\n<a href=\"https:\/\/tvnovelas.com.br\/novelas\/\" rel=\"noopener\" target=\"_blank\"><strong>Todos os resumos de novelas<\/strong><\/a><\/br>\r\n<a href=\"https:\/\/www.tvnovelas.com.br\/tvnews\/\" rel=\"noopener\" target=\"_blank\"><strong>\u00daltimas not\u00edcias das novelas<\/strong><\/a><\/br>\r\n<a href=\"https:\/\/www.tvnovelas.com.br\/filmes\/\" target=\"_blank\" rel=\"noopener noreferrer\"><strong>Programa\u00e7\u00e3o de filmes na TV aberta<\/strong><\/a><\/br>\r\n<a href=\"https:\/\/caetenews.com.br\/semana\/filmes-da-globo-na-sessao-da-tarde-desta-semana\/\" target=\"_blank\" rel=\"noopener\"><strong>Confira os filmes da semana na Sess\u00e3o da Tarde<\/strong><\/a><\/br>\r\n<a href=\"https:\/\/classindportal.mj.gov.br\/consulta-filmes\" target=\"_blank\" rel=\"noopener\"><strong>Consulte a classifica\u00e7\u00e3o indicativa dos filmes e novelas<\/strong><\/a><\/br><\/div>\n","protected":false},"excerpt":{"rendered":"<p>Chamas do Destino: Omer e Ozan se unem&#8230; No cap\u00edtulo de Chamas do Destino desta quarta, dia 21, o dia come\u00e7a sob tens\u00e3o m\u00e1xima&#8230;<\/p>\n","protected":false},"author":1,"featured_media":87262,"comment_status":"closed","ping_status":"closed","sticky":false,"template":"","format":"standard","meta":{"_uf_show_specific_survey":0,"_uf_disable_surveys":false,"_jetpack_memberships_contains_paid_content":false,"footnotes":"","_wp_rev_ctl_limit":""},"categories":[1040,353],"tags":[1041,64,14],"class_list":["post-87260","post","type-post","status-publish","format-standard","has-post-thumbnail","hentry","category-chamas-do-destino","category-resumos-de-novelas","tag-chamas-do-destino","tag-novelas","tag-record","wpcat-1040-id","wpcat-353-id"],"aioseo_notices":[],"jetpack_featured_media_url":"https:\/\/i0.wp.com\/www.tvnovelas.com.br\/tvnews\/wp-content\/uploads\/2026\/01\/12665.jpg?fit=727%2C410&ssl=1","jetpack_shortlink":"https:\/\/wp.me\/pdP2BO-mHq","jetpack_sharing_enabled":true,"_links":{"self":[{"href":"https:\/\/www.tvnovelas.com.br\/tvnews\/wp-json\/wp\/v2\/posts\/87260","targetHints":{"allow":["GET"]}}],"collection":[{"href":"https:\/\/www.tvnovelas.com.br\/tvnews\/wp-json\/wp\/v2\/posts"}],"about":[{"href":"https:\/\/www.tvnovelas.com.br\/tvnews\/wp-json\/wp\/v2\/types\/post"}],"author":[{"embeddable":true,"href":"https:\/\/www.tvnovelas.com.br\/tvnews\/wp-json\/wp\/v2\/users\/1"}],"replies":[{"embeddable":true,"href":"https:\/\/www.tvnovelas.com.br\/tvnews\/wp-json\/wp\/v2\/comments?post=87260"}],"version-history":[{"count":3,"href":"https:\/\/www.tvnovelas.com.br\/tvnews\/wp-json\/wp\/v2\/posts\/87260\/revisions"}],"predecessor-version":[{"id":87264,"href":"https:\/\/www.tvnovelas.com.br\/tvnews\/wp-json\/wp\/v2\/posts\/87260\/revisions\/87264"}],"wp:featuredmedia":[{"embeddable":true,"href":"https:\/\/www.tvnovelas.com.br\/tvnews\/wp-json\/wp\/v2\/media\/87262"}],"wp:attachment":[{"href":"https:\/\/www.tvnovelas.com.br\/tvnews\/wp-json\/wp\/v2\/media?parent=87260"}],"wp:term":[{"taxonomy":"category","embeddable":true,"href":"https:\/\/www.tvnovelas.com.br\/tvnews\/wp-json\/wp\/v2\/categories?post=87260"},{"taxonomy":"post_tag","embeddable":true,"href":"https:\/\/www.tvnovelas.com.br\/tvnews\/wp-json\/wp\/v2\/tags?post=87260"}],"curies":[{"name":"wp","href":"https:\/\/api.w.org\/{rel}","templated":true}]}}