{"id":87309,"date":"2026-01-22T21:00:39","date_gmt":"2026-01-23T00:00:39","guid":{"rendered":"https:\/\/www.tvnovelas.com.br\/tvnews\/?p=87309"},"modified":"2026-01-22T17:21:16","modified_gmt":"2026-01-22T20:21:16","slug":"mae-o-medico-alerta-sobre-a-saude-de-zeynep","status":"publish","type":"post","link":"https:\/\/www.tvnovelas.com.br\/tvnews\/mae-o-medico-alerta-sobre-a-saude-de-zeynep\/","title":{"rendered":"M\u00e3e: O m\u00e9dico alerta sobre a sa\u00fade de Zeynep"},"content":{"rendered":"<figure id=\"attachment_87311\" aria-describedby=\"caption-attachment-87311\" style=\"width: 728px\" class=\"wp-caption alignnone\"><img data-recalc-dims=\"1\" decoding=\"async\" class=\"wp-image-87311 size-full\" title=\"(Foto: Record TV\/M\u00e3e)\" src=\"https:\/\/i0.wp.com\/www.tvnovelas.com.br\/tvnews\/wp-content\/uploads\/2026\/01\/12792.jpg?resize=728%2C410&#038;ssl=1\" alt=\"Foto em M\u00e3e: O m\u00e9dico alerta sobre a sa\u00fade de Zeynep\" width=\"728\" height=\"410\" srcset=\"https:\/\/i0.wp.com\/www.tvnovelas.com.br\/tvnews\/wp-content\/uploads\/2026\/01\/12792.jpg?w=728&amp;ssl=1 728w, https:\/\/i0.wp.com\/www.tvnovelas.com.br\/tvnews\/wp-content\/uploads\/2026\/01\/12792.jpg?resize=250%2C141&amp;ssl=1 250w\" sizes=\"(max-width: 728px) 100vw, 728px\" \/><figcaption id=\"caption-attachment-87311\" class=\"wp-caption-text\">M\u00e3e: O m\u00e9dico alerta sobre a sa\u00fade de Zeynep<\/figcaption><\/figure>\n<p>No cap\u00edtulo de M\u00e3e, desta sexta, dia 23, Sinan acompanha Zeynep e os dois seguem Turna\/Melek e Sule at\u00e9 o parque. A fot\u00f3grafa se entristece ao ver a menina feliz ao lado da m\u00e3e biol\u00f3gica. Zeynep passa mal e faz uma s\u00e9rie de exames.<\/p>\n<p>O m\u00e9dico alerta sobre o estado delicado de sa\u00fade de Zeynep e pede novos exames.<\/p>\n<p>Gonul, por sua veaz, conversa com Turna\/Melek sobre Zeynep, mas a menina est\u00e1 irredut\u00edvel. Ela n\u00e3o consegue entender por que a m\u00e3e adotiva nunca mais tentou encontr\u00e1-la e diz que decidiu esquecer a \u201cprofessora\u201d para n\u00e3o sofrer mais.<\/p>\n<p>Confira o resumo do cap\u00edtulo:<\/p>\n<h2 style=\"color: #0c7779;\">Resumo de sexta-feira, 23 de janeiro<\/h2>\n<p>Zeynep consegue se esconder de Cengiz. Ele volta para casa e \u00e9 r\u00edspido com Sule. Sinan acompanha Zeynep e os dois seguem Turna\/Melek e Sule at\u00e9 o parque. A fot\u00f3grafa se entristece ao ver a menina feliz ao lado da m\u00e3e biol\u00f3gica. Zeynep passa mal e faz uma s\u00e9rie de exames. O dono do restaurante descobre a confus\u00e3o de Cengiz com o taxista e demite Sule. Ela fica irada e discute com o marido. Em casa, Sinan cuida de Zeynep quando Ali chega. O clima fica tenso entre os dois e, antes que Ali possa contar a verdade sobre a \u201cfalsa morte\u201d de Turna, o telefone toca e Zeynep diz que precisa voltar ao hospital. Cengiz tenta estrangular Sule. Duru escuta uma conversa entre Gamze e Cahide e fica revoltada. O m\u00e9dico alerta sobre o estado delicado de sa\u00fade de Zeynep e pede novos exames. Sule desabafa com Melek e elogia as atitudes da filha. Sule fica cada vez mais decepcionada e revoltada com Cengiz. Gonul conversa com Turna\/Melek sobre Zeynep, mas a menina n\u00e3o consegue entender por que a m\u00e3e adotiva nunca mais tentou encontr\u00e1-la e diz que decidiu esquecer a \u201cprofessora\u201d para n\u00e3o sofrer mais.<\/p>\n<h2>Saiba mais<\/h2>\n<p><a href=\"https:\/\/tvnovelas.com.br\/novelas\/resumos-de-novela-mae\/\" target=\"_blank\" rel=\"noopener\">Resumos dos cap\u00edtulos da semana&lt;c\/a&gt;<br \/>\n<\/a><a href=\"https:\/\/wp.me\/pfspD2-VN\" target=\"_blank\" rel=\"noopener\">M\u00e3e: Resgatando uma crian\u00e7a da viol\u00eancia<\/a><a href=\"https:\/\/tvnovelas.com.br\/novelas\/resumos-de-novela-mae\/\" target=\"_blank\" rel=\"noopener\"><br \/>\n<div class=\"pt-cv-wrapper\"><h2 class='pt-cv-heading-container heading2' data-blockid='759454f593'><span class='pt-cv-heading'> \u00daltimas da Novela <\/span><\/h2><div class=\"pt-cv-view pt-cv-grid pt-cv-colsys\" id=\"pt-cv-view-759454f593\"><div data-id=\"pt-cv-page-1\" class=\"pt-cv-page\" data-cvc=\"1\"><div class=\"col-md-12 col-sm-12 col-xs-12 pt-cv-content-item pt-cv-1-col\" ><div class='pt-cv-ifield'><h4 class=\"pt-cv-title\"><a href=\"https:\/\/www.tvnovelas.com.br\/tvnews\/mae-o-destino-final-de-melek-e-zeynep\/\" class=\"_self\" target=\"_self\" >M\u00e3e: O destino final de Melek e Zeynep<\/a><\/h4><\/div><\/div>\n<div class=\"col-md-12 col-sm-12 col-xs-12 pt-cv-content-item pt-cv-1-col\" ><div class='pt-cv-ifield'><h4 class=\"pt-cv-title\"><a href=\"https:\/\/www.tvnovelas.com.br\/tvnews\/mae-zeynep-enfrenta-cengiz\/\" class=\"_self\" target=\"_self\" >M\u00e3e: Zeynep enfrenta Cengiz<\/a><\/h4><\/div><\/div>\n<div class=\"col-md-12 col-sm-12 col-xs-12 pt-cv-content-item pt-cv-1-col\" ><div class='pt-cv-ifield'><h4 class=\"pt-cv-title\"><a href=\"https:\/\/www.tvnovelas.com.br\/tvnews\/mae-cengiz-e-preso-sob-a-acusacao-de-assassinato\/\" class=\"_self\" target=\"_self\" >M\u00e3e: Cengiz \u00e9 preso sob a acusa\u00e7\u00e3o de assassinato<\/a><\/h4><\/div><\/div>\n<div class=\"col-md-12 col-sm-12 col-xs-12 pt-cv-content-item pt-cv-1-col\" ><div class='pt-cv-ifield'><h4 class=\"pt-cv-title\"><a href=\"https:\/\/www.tvnovelas.com.br\/tvnews\/mae-cengiz-assina-documento-renunciando-a-guarda-dos-filhos\/\" class=\"_self\" target=\"_self\" >M\u00e3e: Cengiz assina documento renunciando \u00e0 guarda dos filhos<\/a><\/h4><\/div><\/div>\n<div class=\"col-md-12 col-sm-12 col-xs-12 pt-cv-content-item pt-cv-1-col\" ><div class='pt-cv-ifield'><h4 class=\"pt-cv-title\"><a href=\"https:\/\/www.tvnovelas.com.br\/tvnews\/mae-cengiz-pode-estar-com-os-dias-contados\/\" class=\"_self\" target=\"_self\" >M\u00e3e: Cengiz pode estar com os dias contados<\/a><\/h4><\/div><\/div><\/div><\/div><\/div><\/a><\/p>\n<div style=\"font-size: 120%;\"><h3>Confira tamb\u00e9m<\/h3>\r\n<a href=\"https:\/\/tvnovelas.com.br\/novelas\/\" rel=\"noopener\" target=\"_blank\"><strong>Todos os resumos de novelas<\/strong><\/a><\/br>\r\n<a href=\"https:\/\/www.tvnovelas.com.br\/tvnews\/\" rel=\"noopener\" target=\"_blank\"><strong>\u00daltimas not\u00edcias das novelas<\/strong><\/a><\/br>\r\n<a href=\"https:\/\/www.tvnovelas.com.br\/filmes\/\" target=\"_blank\" rel=\"noopener noreferrer\"><strong>Programa\u00e7\u00e3o de filmes na TV aberta<\/strong><\/a><\/br>\r\n<a href=\"https:\/\/caetenews.com.br\/semana\/filmes-da-globo-na-sessao-da-tarde-desta-semana\/\" target=\"_blank\" rel=\"noopener\"><strong>Confira os filmes da semana na Sess\u00e3o da Tarde<\/strong><\/a><\/br>\r\n<a href=\"https:\/\/classindportal.mj.gov.br\/consulta-filmes\" target=\"_blank\" rel=\"noopener\"><strong>Consulte a classifica\u00e7\u00e3o indicativa dos filmes e novelas<\/strong><\/a><\/br><\/div>\n","protected":false},"excerpt":{"rendered":"<p>M\u00e3e: O m\u00e9dico alerta sobre a sa\u00fade de Zeynep&#8230; No cap\u00edtulo de M\u00e3e, desta sexta, dia 23, Sinan acompanha Zeynep e os dois seguem Turna\/Melek e Sule at\u00e9 o parque&#8230;<\/p>\n","protected":false},"author":1,"featured_media":87311,"comment_status":"closed","ping_status":"closed","sticky":false,"template":"","format":"standard","meta":{"_uf_show_specific_survey":0,"_uf_disable_surveys":false,"_jetpack_memberships_contains_paid_content":false,"footnotes":"","_wp_rev_ctl_limit":""},"categories":[1012],"tags":[1013,64,14],"class_list":["post-87309","post","type-post","status-publish","format-standard","has-post-thumbnail","hentry","category-mae","tag-mae","tag-novelas","tag-record","wpcat-1012-id"],"aioseo_notices":[],"jetpack_featured_media_url":"https:\/\/i0.wp.com\/www.tvnovelas.com.br\/tvnews\/wp-content\/uploads\/2026\/01\/12792.jpg?fit=728%2C410&ssl=1","jetpack_shortlink":"https:\/\/wp.me\/pdP2BO-mId","jetpack_sharing_enabled":true,"_links":{"self":[{"href":"https:\/\/www.tvnovelas.com.br\/tvnews\/wp-json\/wp\/v2\/posts\/87309","targetHints":{"allow":["GET"]}}],"collection":[{"href":"https:\/\/www.tvnovelas.com.br\/tvnews\/wp-json\/wp\/v2\/posts"}],"about":[{"href":"https:\/\/www.tvnovelas.com.br\/tvnews\/wp-json\/wp\/v2\/types\/post"}],"author":[{"embeddable":true,"href":"https:\/\/www.tvnovelas.com.br\/tvnews\/wp-json\/wp\/v2\/users\/1"}],"replies":[{"embeddable":true,"href":"https:\/\/www.tvnovelas.com.br\/tvnews\/wp-json\/wp\/v2\/comments?post=87309"}],"version-history":[{"count":3,"href":"https:\/\/www.tvnovelas.com.br\/tvnews\/wp-json\/wp\/v2\/posts\/87309\/revisions"}],"predecessor-version":[{"id":87314,"href":"https:\/\/www.tvnovelas.com.br\/tvnews\/wp-json\/wp\/v2\/posts\/87309\/revisions\/87314"}],"wp:featuredmedia":[{"embeddable":true,"href":"https:\/\/www.tvnovelas.com.br\/tvnews\/wp-json\/wp\/v2\/media\/87311"}],"wp:attachment":[{"href":"https:\/\/www.tvnovelas.com.br\/tvnews\/wp-json\/wp\/v2\/media?parent=87309"}],"wp:term":[{"taxonomy":"category","embeddable":true,"href":"https:\/\/www.tvnovelas.com.br\/tvnews\/wp-json\/wp\/v2\/categories?post=87309"},{"taxonomy":"post_tag","embeddable":true,"href":"https:\/\/www.tvnovelas.com.br\/tvnews\/wp-json\/wp\/v2\/tags?post=87309"}],"curies":[{"name":"wp","href":"https:\/\/api.w.org\/{rel}","templated":true}]}}