{"id":87322,"date":"2026-01-23T09:14:25","date_gmt":"2026-01-23T12:14:25","guid":{"rendered":"https:\/\/www.tvnovelas.com.br\/tvnews\/?p=87322"},"modified":"2026-01-23T09:14:25","modified_gmt":"2026-01-23T12:14:25","slug":"eta-mundo-melhor-estela-revela-a-anabela-que-e-sua-mae","status":"publish","type":"post","link":"https:\/\/www.tvnovelas.com.br\/tvnews\/eta-mundo-melhor-estela-revela-a-anabela-que-e-sua-mae\/","title":{"rendered":"\u00cata Mundo Melhor!: Estela revela a Anabela que \u00e9 sua m\u00e3e"},"content":{"rendered":"<figure id=\"attachment_87323\" aria-describedby=\"caption-attachment-87323\" style=\"width: 728px\" class=\"wp-caption alignnone\"><img data-recalc-dims=\"1\" decoding=\"async\" class=\"wp-image-87323 size-full\" title=\"(Foto: TV Globo\/\u00cata Mundo Melhor!)\" src=\"https:\/\/i0.wp.com\/www.tvnovelas.com.br\/tvnews\/wp-content\/uploads\/2026\/01\/12672.jpg?resize=728%2C410&#038;ssl=1\" alt=\"Foto em \u00cata Mundo Melhor!: Estela revela a Anabela que \u00e9 sua m\u00e3e\" width=\"728\" height=\"410\" srcset=\"https:\/\/i0.wp.com\/www.tvnovelas.com.br\/tvnews\/wp-content\/uploads\/2026\/01\/12672.jpg?w=728&amp;ssl=1 728w, https:\/\/i0.wp.com\/www.tvnovelas.com.br\/tvnews\/wp-content\/uploads\/2026\/01\/12672.jpg?resize=250%2C141&amp;ssl=1 250w\" sizes=\"(max-width: 728px) 100vw, 728px\" \/><figcaption id=\"caption-attachment-87323\" class=\"wp-caption-text\">\u00cata Mundo Melhor!: Estela revela a Anabela que \u00e9 sua m\u00e3e<\/figcaption><\/figure>\n<p>Em \u00cata Mundo Melhor!, cansada de mentir sobre a rela\u00e7\u00e3o que tem com Anabela (Isabelly Carvalho), Estela (Larissa Manoela) decide contar a verdade para a menina. Percebendo que a irm\u00e3 est\u00e1 sofrendo com a poss\u00edvel perda da m\u00e3e, Miriam (Let\u00edcia Sabatella), a enfermeira decide revelar sua maternidade e deixa Anabela chocada com o pedido.<\/p>\n<p>&#8220;A mam\u00e3e vai morrer, Estela? \u00c9 isso que voc\u00ea quer me contar?&#8221;, pergunta Anabela, assustada.<\/p>\n<p>&#8220;Na verdade, voc\u00ea conhece a sua m\u00e3e muito bem. Voc\u00ea conviveu com ela a vida toda&#8221;, diz Estela, se preparando para a verdade.<\/p>\n<p>&#8220;O que voc\u00ea est\u00e1 falando, Estela?&#8221;, pergunta Anabela, sem entender.<\/p>\n<p>&#8220;Eu estive ao seu lado a vida toda, meu amor. Eu cuidei de voc\u00ea desde o primeiro dia. A Miriam \u00e9 a sua av\u00f3. Voc\u00ea \u00e9 minha filha, Anabela! Eu sou sua m\u00e3e!&#8221;, confessa Estela, emocionada.<\/p>\n<p>Estela continua a conversa s\u00e9ria a fim de aproveitar o pouco tempo que elas tr\u00eas t\u00eam juntas. Sem entender e com dificuldade para encarar a not\u00edcia, Anabela passa a questionar a irm\u00e3.<\/p>\n<p>&#8220;N\u00e3o, Estela! Voc\u00ea \u00e9 minha irm\u00e3! Irm\u00e3! Por que mentiu? Por que sempre disse que era minha irm\u00e3?&#8221;, pergunta Anabela, em choque.<\/p>\n<p>&#8220;Quando voc\u00ea nasceu, eu era muito jovem e solteira. Meu pai, o seu av\u00f4, achou melhor dizer para todos que voc\u00ea era minha irm\u00e3&#8221;, tenta explicar a enfermeira.<\/p>\n<p>&#8220;Por que ele fez isso? Por que voc\u00eas n\u00e3o disseram a verdade?&#8221;, a menina tenta entender.<\/p>\n<p>&#8220;Porque voc\u00ea era muito pequena para entender. E isso \u00e9 segredo nosso. Ningu\u00e9m pode saber&#8221;, pede Estela.<\/p>\n<p>&#8220;\u00c9 isso? Voc\u00ea tem vergonha de mim!&#8221;, diz Anabela, com tristeza.<br \/>\n<!--FIM--><br \/>\n<a href=\"https:\/\/tvnovelas.com.br\/novelas\/resumos-de-eta-mundo-melhor\/\" target=\"_blank\" rel=\"noopener\">Resumos dos cap\u00edtulos de \u00cata Mundo Melhor!<\/a><br \/>\n<div class=\"pt-cv-wrapper\"><h2 class='pt-cv-heading-container heading2' data-blockid='ae5b5529ra'><span class='pt-cv-heading'> \u00daltimas da novela <\/span><\/h2><div class=\"pt-cv-view pt-cv-grid pt-cv-colsys\" id=\"pt-cv-view-ae5b5529ra\"><div data-id=\"pt-cv-page-1\" class=\"pt-cv-page\" data-cvc=\"1\"><div class=\"col-md-12 col-sm-12 col-xs-12 pt-cv-content-item pt-cv-1-col\" ><div class='pt-cv-ifield'><h4 class=\"pt-cv-title\"><a href=\"https:\/\/www.tvnovelas.com.br\/tvnews\/eta-mundo-melhor-sandra-avisa-que-nao-vai-desistir-da-vinganca\/\" class=\"_blank\" target=\"_blank\" >\u00cata Mundo Melhor!: Sandra avisa que n\u00e3o vai desistir da vingan\u00e7a<\/a><\/h4><\/div><\/div>\n<div class=\"col-md-12 col-sm-12 col-xs-12 pt-cv-content-item pt-cv-1-col\" ><div class='pt-cv-ifield'><h4 class=\"pt-cv-title\"><a href=\"https:\/\/www.tvnovelas.com.br\/tvnews\/eta-mundo-melhor-celso-conta-a-candinho-o-que-sempre-escondeu-sobre-samir\/\" class=\"_blank\" target=\"_blank\" >\u00cata Mundo Melhor!: Celso conta a Candinho o que sempre escondeu sobre Samir<\/a><\/h4><\/div><\/div>\n<div class=\"col-md-12 col-sm-12 col-xs-12 pt-cv-content-item pt-cv-1-col\" ><div class='pt-cv-ifield'><h4 class=\"pt-cv-title\"><a href=\"https:\/\/www.tvnovelas.com.br\/tvnews\/eta-mundo-melhor-lourival-pede-uma-chance-a-dita-e-eles-se-beijam\/\" class=\"_blank\" target=\"_blank\" >\u00cata Mundo Melhor!: Lourival pede uma chance a Dita e eles se beijam<\/a><\/h4><\/div><\/div><\/div><\/div><\/div><br \/>\n&lt;h<\/p>\n<div style=\"font-size: 120%;\"><h3>Confira tamb\u00e9m<\/h3>\r\n<a href=\"https:\/\/tvnovelas.com.br\/novelas\/\" rel=\"noopener\" target=\"_blank\"><strong>Todos os resumos de novelas<\/strong><\/a><\/br>\r\n<a href=\"https:\/\/www.tvnovelas.com.br\/tvnews\/\" rel=\"noopener\" target=\"_blank\"><strong>\u00daltimas not\u00edcias das novelas<\/strong><\/a><\/br>\r\n<a href=\"https:\/\/www.tvnovelas.com.br\/filmes\/\" target=\"_blank\" rel=\"noopener noreferrer\"><strong>Programa\u00e7\u00e3o de filmes na TV aberta<\/strong><\/a><\/br>\r\n<a href=\"https:\/\/caetenews.com.br\/semana\/filmes-da-globo-na-sessao-da-tarde-desta-semana\/\" target=\"_blank\" rel=\"noopener\"><strong>Confira os filmes da semana na Sess\u00e3o da Tarde<\/strong><\/a><\/br>\r\n<a href=\"https:\/\/classindportal.mj.gov.br\/consulta-filmes\" target=\"_blank\" rel=\"noopener\"><strong>Consulte a classifica\u00e7\u00e3o indicativa dos filmes e novelas<\/strong><\/a><\/br><\/div>\n<h2>Sobre a novela:<\/h2>\n<p><a href=\"https:\/\/tvnovelas.com.br\/page2\/arquivo\/eta-mundo-melhor-a-volta-de-candinho-e-policarpo\/&quot;\" target=\"_blank\" rel=\"noopener\">\u00cata Mundo Melhor!: A volta de Candinho e Policarpo<\/a> (Sinopse)<br \/>\n<a href=\"https:\/\/pt.wikipedia.org\/wiki\/%C3%8Ata_Mundo_Melhor!\" target=\"_blank\" rel=\"noopener\">Sobre \u00cata Mundo Melhor!, na Wikipedia<\/a><\/p>\n","protected":false},"excerpt":{"rendered":"<p>\u00cata Mundo Melhor!: Estela revela a Anabela&#8230; Em \u00cata Mundo Melhor!, cansada de mentir sobre a rela\u00e7\u00e3o que tem com Anabela&#8230;<\/p>\n","protected":false},"author":1,"featured_media":87323,"comment_status":"closed","ping_status":"closed","sticky":false,"template":"","format":"standard","meta":{"_uf_show_specific_survey":0,"_uf_disable_surveys":false,"_jetpack_memberships_contains_paid_content":false,"footnotes":"","_wp_rev_ctl_limit":""},"categories":[920],"tags":[921,5,64],"class_list":["post-87322","post","type-post","status-publish","format-standard","has-post-thumbnail","hentry","category-eta-mundo-melhor","tag-eta-mundo-melhor","tag-globo","tag-novelas","wpcat-920-id"],"aioseo_notices":[],"jetpack_featured_media_url":"https:\/\/i0.wp.com\/www.tvnovelas.com.br\/tvnews\/wp-content\/uploads\/2026\/01\/12672.jpg?fit=728%2C410&ssl=1","jetpack_shortlink":"https:\/\/wp.me\/pdP2BO-mIq","jetpack_sharing_enabled":true,"_links":{"self":[{"href":"https:\/\/www.tvnovelas.com.br\/tvnews\/wp-json\/wp\/v2\/posts\/87322","targetHints":{"allow":["GET"]}}],"collection":[{"href":"https:\/\/www.tvnovelas.com.br\/tvnews\/wp-json\/wp\/v2\/posts"}],"about":[{"href":"https:\/\/www.tvnovelas.com.br\/tvnews\/wp-json\/wp\/v2\/types\/post"}],"author":[{"embeddable":true,"href":"https:\/\/www.tvnovelas.com.br\/tvnews\/wp-json\/wp\/v2\/users\/1"}],"replies":[{"embeddable":true,"href":"https:\/\/www.tvnovelas.com.br\/tvnews\/wp-json\/wp\/v2\/comments?post=87322"}],"version-history":[{"count":1,"href":"https:\/\/www.tvnovelas.com.br\/tvnews\/wp-json\/wp\/v2\/posts\/87322\/revisions"}],"predecessor-version":[{"id":87324,"href":"https:\/\/www.tvnovelas.com.br\/tvnews\/wp-json\/wp\/v2\/posts\/87322\/revisions\/87324"}],"wp:featuredmedia":[{"embeddable":true,"href":"https:\/\/www.tvnovelas.com.br\/tvnews\/wp-json\/wp\/v2\/media\/87323"}],"wp:attachment":[{"href":"https:\/\/www.tvnovelas.com.br\/tvnews\/wp-json\/wp\/v2\/media?parent=87322"}],"wp:term":[{"taxonomy":"category","embeddable":true,"href":"https:\/\/www.tvnovelas.com.br\/tvnews\/wp-json\/wp\/v2\/categories?post=87322"},{"taxonomy":"post_tag","embeddable":true,"href":"https:\/\/www.tvnovelas.com.br\/tvnews\/wp-json\/wp\/v2\/tags?post=87322"}],"curies":[{"name":"wp","href":"https:\/\/api.w.org\/{rel}","templated":true}]}}