{"id":87341,"date":"2026-01-23T18:00:06","date_gmt":"2026-01-23T21:00:06","guid":{"rendered":"https:\/\/www.tvnovelas.com.br\/tvnews\/?p=87341"},"modified":"2026-01-23T15:27:31","modified_gmt":"2026-01-23T18:27:31","slug":"coracao-acelerado-na-semana-26-a-31-1","status":"publish","type":"post","link":"https:\/\/www.tvnovelas.com.br\/tvnews\/coracao-acelerado-na-semana-26-a-31-1\/","title":{"rendered":"Cora\u00e7\u00e3o Acelerado na semana 26 a 31\/1"},"content":{"rendered":"<div style=\"background-color: #f6ce71; border-style: solid; border-width: 0px 0px 10px 0px; solid green; border-radius: 30px; padding: 10px; font-size: 125%; text-align: justify;\">\n.<br \/>\n<figure id=\"attachment_87344\" aria-describedby=\"caption-attachment-87344\" style=\"width: 728px\" class=\"wp-caption alignnone\"><img data-recalc-dims=\"1\" decoding=\"async\" class=\"wp-image-87344 size-full\" title=\"(Foto: TV Globo\/Cora\u00e7\u00e3o Acelerado)\" src=\"https:\/\/i0.wp.com\/www.tvnovelas.com.br\/tvnews\/wp-content\/uploads\/2026\/01\/12794.jpg?resize=728%2C410&#038;ssl=1\" alt=\"Foto em Cora\u00e7\u00e3o Acelerado na semana 26 a 31\/1\" width=\"728\" height=\"410\" srcset=\"https:\/\/i0.wp.com\/www.tvnovelas.com.br\/tvnews\/wp-content\/uploads\/2026\/01\/12794.jpg?w=728&amp;ssl=1 728w, https:\/\/i0.wp.com\/www.tvnovelas.com.br\/tvnews\/wp-content\/uploads\/2026\/01\/12794.jpg?resize=250%2C141&amp;ssl=1 250w\" sizes=\"(max-width: 728px) 100vw, 728px\" \/><figcaption id=\"caption-attachment-87344\" class=\"wp-caption-text\">Cora\u00e7\u00e3o Acelerado na semana 26 a 31\/1<\/figcaption><\/figure><br \/>\n<strong style=\"color: #6e026f; font-size: 120%;\">Nos pr\u00f3ximos cap\u00edtulos de Cora\u00e7\u00e3o Acelerado, <\/strong><span style=\"color: #6e026f; font-size: 120%;\">Agrado se desespera ao saber que \u00e9 prima de Naiane; Jo\u00e3o Raul se declara para Agrado; Agrado se abriga na casa de Jo\u00e3o Raul; Zuzu desembarca em Bom Retorno; Janete encontra Agrado na casa de Zil\u00e1&#8230;<\/span><\/div>\n<h2 style=\"color: #6e026f;\">Resumo de segunda-feira, 26 de janeiro<\/h2>\n<p>Cinara amea\u00e7a revelar o segredo de Zil\u00e1. Palhares pede ora\u00e7\u00f5es para a sa\u00fade de Eliomar. Zil\u00e1 e Naiane confrontam Janete sobre o relacionamento de Jo\u00e3o Raul e Agrado. Alaor fica constrangido ao se deparar com a presen\u00e7a de Cinara. Talita divulga a hist\u00f3ria de Naiane e Agrado, e todos comentam. Agrado confidencia a Jo\u00e3o Raul que nunca conheceu seu pai. Janete tenta falar com Agrado. Alaorzinho procura Janete. Esteban se desespera com o visual criado por Eduarda para Naiane. Zil\u00e1 prop\u00f5e uni\u00e3o com Ronei contra Agrado. Ronei oferece alian\u00e7a com Talita. Agrado e Jo\u00e3o Raul estranham a hostilidade de um comerciante. Agrado se desespera ao saber que \u00e9 prima de Naiane.<\/p>\n<h2 style=\"color: #6e026f;\">Resumo de ter\u00e7a-feira, 27 de janeiro<\/h2>\n<p>Janete revela a Agrado sua hist\u00f3ria com Alaorzinho, e pede perd\u00e3o por ter mentido para a filha. Ronei diz a Jo\u00e3o Raul que seus f\u00e3s o est\u00e3o condenando por ter deixado Naiane. Agrado decide se afastar de Jo\u00e3o Raul. Jo\u00e3o Raul afirma a Naiane que n\u00e3o deseja reatar seu namoro. Agrado desabafa com Eduarda. Irene desconfia do comportamento de Cinara. Tino alerta Talita sobre a presen\u00e7a de Agrado na pens\u00e3o de Zeca. Luan aconselha Jo\u00e3o Raul a n\u00e3o desistir de Agrado. Cinara garante que est\u00e1 do lado de Zil\u00e1. Jo\u00e3o Raul se declara para Agrado.<\/p>\n<h2 style=\"color: #6e026f;\">Resumo de quarta-feira, 28 de janeiro<\/h2>\n<p>Jo\u00e3o Raul se explica para seus f\u00e3s, e canta com Agrado, encantando a todos. Talita divulga o dueto de Jo\u00e3o Raul e Agrado, e Naiane se revolta. Malvino e Alaorzinho pensam em rescindir o contrato de trabalho com Ronei. Jo\u00e3o Raul exige que Ronei se afaste de sua vida pessoal. Naiane sofre nas redes sociais. Cinara tenta se aproximar de Alaor. Esteban decide voltar para o Brasil para ajudar Naiane. Ronei se instala na pens\u00e3o de Zeca. Agrado se abriga na casa de Jo\u00e3o Raul. Agrado visita Eliomar.<\/p>\n<h2 style=\"color: #6e026f;\">Resumo de quinta-feira, 29 de janeiro<\/h2>\n<p>Eliomar acorda do coma e confunde Agrado com Cec\u00edlia. Todos se emocionam ao saber que Eliomar despertou. Eliomar confessa que sonha em ver Zil\u00e1 e Janete se entenderem. Walmir reclama com Ronei da presen\u00e7a de Agrado em sua casa. Talita e Tino flagram Eduarda com Agrado. Alaorzinho desabafa com Malvino sobre Janete. Zil\u00e1 pede a interdi\u00e7\u00e3o de Eliomar. Esteban chega ao Brasil e desmascara Eduarda para Naiane. Leandro encontra Neide. Zuzu desembarca em Bom Retorno. Agrado e Naiane se encontram.<\/p>\n<h2 style=\"color: #6e026f;\">Resumo de sexta-feira, 30 de janeiro<\/h2>\n<p>Naiane acusa Agrado e Eduarda de fazerem um compl\u00f4 contra ela. Leandro sonda Neide sobre sua experi\u00eancia no Grupo Alaor Amaral. Jo\u00e3o Raul se nega a dividir um comercial com Naiane. Vilma e Agenor julgam Janete ao v\u00ea-la com Alaorzinho. Agrado se entende com Eliomar. Alaor se aproxima de Ivana. Zeca estranha o comportamento de Adilson com Walmir. Eduarda faz sucesso em sua apresenta\u00e7\u00e3o para Ronei, mas Naiane a atrapalha. Luan apoia Eduarda. Agrado pede para conversar com Naiane.<\/p>\n<h2 style=\"color: #6e026f;\">Resumo de s\u00e1bado, 31 de janeiro<\/h2>\n<p>Agrado convence Naiane a conceder uma tr\u00e9gua para ela e Jo\u00e3o Raul. Leandro procura por Xavier. Zil\u00e1 n\u00e3o gosta do convite de Naiane a Agrado para um jantar. Jo\u00e3o Raul surpreende Agrado ao divulgar sua m\u00fasica na r\u00e1dio. Rosalva ouve a conversa de Zil\u00e1 com o advogado, e alerta Janete. Agrado e Jo\u00e3o Raul chegam para o jantar na mans\u00e3o dos Amaral. Adilson se aproxima de Walmir. Ivana gosta de Alaor. Janete encontra Agrado na casa de Zil\u00e1.<br \/>\n<!--FIM DO POST--><br \/>\n<a href=\"https:\/\/tvnovelas.com.br\/novelas\/resumos-de-coracao-acelerado\/\" target=\"_blank\" rel=\"noopener\">Resumos dos cap\u00edtulos de Cora\u00e7\u00e3o Acelerado<\/a><br \/>\n<strong>Saiba mais:<\/strong><br \/>\n<a href=\"https:\/\/wp.me\/pfspD2-W3\" target=\"_blank\" rel=\"noopener\">Cora\u00e7\u00e3o Acelerado: A trajet\u00f3ria da fam\u00edlia Sampaio Garcia<\/a><br \/>\n<a href=\"https:\/\/pt.wikipedia.org\/wiki\/Cora%C3%A7%C3%A3o_Acelerado\" target=\"_blank\" rel=\"noopener\">Sobre Cora\u00e7\u00e3o Acelerado na Wikipedia<\/a><br \/>\n<div class=\"pt-cv-wrapper\"><h2 class='pt-cv-heading-container heading2' data-blockid='9b88c0b6t2'><span class='pt-cv-heading'> \u00daltimas da novela <\/span><\/h2><div class=\"pt-cv-view pt-cv-grid pt-cv-colsys\" id=\"pt-cv-view-9b88c0b6t2\"><div data-id=\"pt-cv-page-1\" class=\"pt-cv-page\" data-cvc=\"1\"><div class=\"col-md-12 col-sm-12 col-xs-12 pt-cv-content-item pt-cv-1-col\" ><div class='pt-cv-ifield'><h4 class=\"pt-cv-title\"><a href=\"https:\/\/www.tvnovelas.com.br\/tvnews\/dona-de-mim-abel-aparece-e-salva-sofia-do-incendio\/\" class=\"_blank\" target=\"_blank\" >Dona de Mim: Abel \u2018aparece&#8217; e salva Sofia do inc\u00eandio<\/a><\/h4><\/div><\/div>\n<div class=\"col-md-12 col-sm-12 col-xs-12 pt-cv-content-item pt-cv-1-col\" ><div class='pt-cv-ifield'><h4 class=\"pt-cv-title\"><a href=\"https:\/\/www.tvnovelas.com.br\/tvnews\/dona-de-mim-jaques-coloca-fogo-na-boaz\/\" class=\"_blank\" target=\"_blank\" >Dona de Mim: Jaques coloca fogo na Boaz<\/a><\/h4><\/div><\/div>\n<div class=\"col-md-12 col-sm-12 col-xs-12 pt-cv-content-item pt-cv-1-col\" ><div class='pt-cv-ifield'><h4 class=\"pt-cv-title\"><a href=\"https:\/\/www.tvnovelas.com.br\/tvnews\/dona-de-mim-davi-e-barbara-sofrem-grave-acidente\/\" class=\"_blank\" target=\"_blank\" >Dona de Mim: Davi e B\u00e1rbara sofrem grave acidente<\/a><\/h4><\/div><\/div><\/div><\/div><\/div><\/p>\n<div style=\"font-size: 150%;\"><h3>Confira tamb\u00e9m<\/h3>\r\n<a href=\"https:\/\/tvnovelas.com.br\/novelas\/\" rel=\"noopener\" target=\"_blank\"><strong>Todos os resumos de novelas<\/strong><\/a><\/br>\r\n<a href=\"https:\/\/www.tvnovelas.com.br\/tvnews\/\" rel=\"noopener\" target=\"_blank\"><strong>\u00daltimas not\u00edcias das novelas<\/strong><\/a><\/br>\r\n<a href=\"https:\/\/www.tvnovelas.com.br\/filmes\/\" target=\"_blank\" rel=\"noopener noreferrer\"><strong>Programa\u00e7\u00e3o de filmes na TV aberta<\/strong><\/a><\/br>\r\n<a href=\"https:\/\/caetenews.com.br\/semana\/filmes-da-globo-na-sessao-da-tarde-desta-semana\/\" target=\"_blank\" rel=\"noopener\"><strong>Confira os filmes da semana na Sess\u00e3o da Tarde<\/strong><\/a><\/br>\r\n<a href=\"https:\/\/classindportal.mj.gov.br\/consulta-filmes\" target=\"_blank\" rel=\"noopener\"><strong>Consulte a classifica\u00e7\u00e3o indicativa dos filmes e novelas<\/strong><\/a><\/br><\/div>\n","protected":false},"excerpt":{"rendered":"<p>Cora\u00e7\u00e3o Acelerado na semana 26 a 31\/1&#8230; Nos pr\u00f3ximos cap\u00edtulos de Cora\u00e7\u00e3o Acelerado, Agrado se desespera ao saber que \u00e9 prima de Naiane; Jo\u00e3o Raul&#8230;<\/p>\n","protected":false},"author":1,"featured_media":87344,"comment_status":"closed","ping_status":"closed","sticky":false,"template":"","format":"standard","meta":{"_uf_show_specific_survey":0,"_uf_disable_surveys":false,"_jetpack_memberships_contains_paid_content":false,"footnotes":"","_wp_rev_ctl_limit":""},"categories":[1031],"tags":[1043,5,64],"class_list":["post-87341","post","type-post","status-publish","format-standard","has-post-thumbnail","hentry","category-coracao-acelerado","tag-coracao-acelerado","tag-globo","tag-novelas","wpcat-1031-id"],"aioseo_notices":[],"jetpack_featured_media_url":"https:\/\/i0.wp.com\/www.tvnovelas.com.br\/tvnews\/wp-content\/uploads\/2026\/01\/12794.jpg?fit=728%2C410&ssl=1","jetpack_shortlink":"https:\/\/wp.me\/pdP2BO-mIJ","jetpack_sharing_enabled":true,"_links":{"self":[{"href":"https:\/\/www.tvnovelas.com.br\/tvnews\/wp-json\/wp\/v2\/posts\/87341","targetHints":{"allow":["GET"]}}],"collection":[{"href":"https:\/\/www.tvnovelas.com.br\/tvnews\/wp-json\/wp\/v2\/posts"}],"about":[{"href":"https:\/\/www.tvnovelas.com.br\/tvnews\/wp-json\/wp\/v2\/types\/post"}],"author":[{"embeddable":true,"href":"https:\/\/www.tvnovelas.com.br\/tvnews\/wp-json\/wp\/v2\/users\/1"}],"replies":[{"embeddable":true,"href":"https:\/\/www.tvnovelas.com.br\/tvnews\/wp-json\/wp\/v2\/comments?post=87341"}],"version-history":[{"count":5,"href":"https:\/\/www.tvnovelas.com.br\/tvnews\/wp-json\/wp\/v2\/posts\/87341\/revisions"}],"predecessor-version":[{"id":87355,"href":"https:\/\/www.tvnovelas.com.br\/tvnews\/wp-json\/wp\/v2\/posts\/87341\/revisions\/87355"}],"wp:featuredmedia":[{"embeddable":true,"href":"https:\/\/www.tvnovelas.com.br\/tvnews\/wp-json\/wp\/v2\/media\/87344"}],"wp:attachment":[{"href":"https:\/\/www.tvnovelas.com.br\/tvnews\/wp-json\/wp\/v2\/media?parent=87341"}],"wp:term":[{"taxonomy":"category","embeddable":true,"href":"https:\/\/www.tvnovelas.com.br\/tvnews\/wp-json\/wp\/v2\/categories?post=87341"},{"taxonomy":"post_tag","embeddable":true,"href":"https:\/\/www.tvnovelas.com.br\/tvnews\/wp-json\/wp\/v2\/tags?post=87341"}],"curies":[{"name":"wp","href":"https:\/\/api.w.org\/{rel}","templated":true}]}}