{"id":87371,"date":"2026-01-24T09:38:08","date_gmt":"2026-01-24T12:38:08","guid":{"rendered":"https:\/\/www.tvnovelas.com.br\/tvnews\/?p=87371"},"modified":"2026-01-24T09:38:08","modified_gmt":"2026-01-24T12:38:08","slug":"coracao-acelerado-zila-descobre-que-alaorzinho-se-encontrou-com-janete","status":"publish","type":"post","link":"https:\/\/www.tvnovelas.com.br\/tvnews\/coracao-acelerado-zila-descobre-que-alaorzinho-se-encontrou-com-janete\/","title":{"rendered":"Cora\u00e7\u00e3o Acelerado:  Zil\u00e1 descobre que Alaorzinho se encontrou com Janete"},"content":{"rendered":"<figure id=\"attachment_87372\" aria-describedby=\"caption-attachment-87372\" style=\"width: 728px\" class=\"wp-caption alignnone\"><img data-recalc-dims=\"1\" decoding=\"async\" class=\"wp-image-87372 size-full\" title=\"(Foto: TV Globo\/Cora\u00e7\u00e3o Acelerado)\" src=\"https:\/\/i0.wp.com\/www.tvnovelas.com.br\/tvnews\/wp-content\/uploads\/2026\/01\/12796.jpg?resize=728%2C410&#038;ssl=1\" alt=\"Foto em Cora\u00e7\u00e3o Acelerado: Zil\u00e1 descobre que Alaorzinho se encontrou com Janete\" width=\"728\" height=\"410\" srcset=\"https:\/\/i0.wp.com\/www.tvnovelas.com.br\/tvnews\/wp-content\/uploads\/2026\/01\/12796.jpg?w=728&amp;ssl=1 728w, https:\/\/i0.wp.com\/www.tvnovelas.com.br\/tvnews\/wp-content\/uploads\/2026\/01\/12796.jpg?resize=250%2C141&amp;ssl=1 250w\" sizes=\"(max-width: 728px) 100vw, 728px\" \/><figcaption id=\"caption-attachment-87372\" class=\"wp-caption-text\">Cora\u00e7\u00e3o Acelerado: Zil\u00e1 descobre que Alaorzinho se encontrou com Janete<\/figcaption><\/figure>\n<p>Em Cora\u00e7\u00e3o Acelerado, acontece o reencontro das irm\u00e3s Janete (Let\u00edcia Spiller) e Zil\u00e1 (Leandra Leal). As duas v\u00e3o se encontrar no hospital, onde o pai, Eliomar (Stepan Nercessian), estar\u00e1 internado. Claro que vai ter briga, e Zil\u00e1 ficar\u00e1 furiosa ao descobrir que Janete j\u00e1 havia estado com seu marido e ex da irm\u00e3, Alaorzinho (Daniel de Oliveira), nessa volta \u00e0 cidade.<\/p>\n<p>\u201cQuer saber, Zil\u00e1? Dane-se o que voc\u00eas pensam. N\u00e3o importa se acreditam ou n\u00e3o. Eu vou embora de Bom Retorno, sim, com gosto! Mas s\u00f3 depois que meu pai melhorar. J\u00e1 falei pro teu marido e repito pra voc\u00ea\u201d, afirma Janete.<\/p>\n<p>\u201cComo \u00e9?!\u201d, se surpreende Zil\u00e1.<\/p>\n<p>\u201cFalei pro Alaorzinho que assim que meu pai se recuperar&#8230; Alaorzinho n\u00e3o te falou que a gente se encontrou?\u201d, percebe Janete.<\/p>\n<p>Depois, j\u00e1 em casa, Zil\u00e1 tentar\u00e1 acordar Alaorzinho para brigar com ele por n\u00e3o ter lhe contato sobre o encontro com Janete. Mas, antes disso, se lembrar\u00e1 de uma s\u00e9rie de acontecimentos do passado que levaram at\u00e9 a separa\u00e7\u00e3o do ex-casal.<\/p>\n<p>Zil\u00e1 se acalmar\u00e1 e, para si mesma, prometer\u00e1 tirar a irm\u00e3 do seu caminho novamente, como tirou h\u00e1 anos para ficar com Alaorzinho.<\/p>\n<p>\u201cVoc\u00ea n\u00e3o devia ter voltado&#8230; J\u00e1 te tirei do meu caminho duas vezes, Janete, n\u00e3o vai ser dif\u00edcil te tirar de novo\u201d, garante a vil\u00e3.<br \/>\n<!--FIM DO POST--><br \/>\n<a href=\"https:\/\/tvnovelas.com.br\/novelas\/resumos-de-coracao-acelerado\/\" target=\"_blank\" rel=\"noopener\">Resumos dos cap\u00edtulos de Cora\u00e7\u00e3o Acelerado<\/a><br \/>\n<strong>Saiba mais:<\/strong><br \/>\n<a href=\"https:\/\/wp.me\/pfspD2-W3\" target=\"_blank\" rel=\"noopener\">Cora\u00e7\u00e3o Acelerado: A trajet\u00f3ria da fam\u00edlia Sampaio Garcia<\/a><br \/>\n<a href=\"https:\/\/pt.wikipedia.org\/wiki\/Cora%C3%A7%C3%A3o_Acelerado\" target=\"_blank\" rel=\"noopener\">Sobre Cora\u00e7\u00e3o Acelerado na Wikipedia<\/a><br \/>\n<div class=\"pt-cv-wrapper\"><h2 class='pt-cv-heading-container heading2' data-blockid='9b88c0b6t2'><span class='pt-cv-heading'> \u00daltimas da novela <\/span><\/h2><div class=\"pt-cv-view pt-cv-grid pt-cv-colsys\" id=\"pt-cv-view-9b88c0b6t2\"><div data-id=\"pt-cv-page-1\" class=\"pt-cv-page\" data-cvc=\"1\"><div class=\"col-md-12 col-sm-12 col-xs-12 pt-cv-content-item pt-cv-1-col\" ><div class='pt-cv-ifield'><h4 class=\"pt-cv-title\"><a href=\"https:\/\/www.tvnovelas.com.br\/tvnews\/dona-de-mim-abel-aparece-e-salva-sofia-do-incendio\/\" class=\"_blank\" target=\"_blank\" >Dona de Mim: Abel \u2018aparece&#8217; e salva Sofia do inc\u00eandio<\/a><\/h4><\/div><\/div>\n<div class=\"col-md-12 col-sm-12 col-xs-12 pt-cv-content-item pt-cv-1-col\" ><div class='pt-cv-ifield'><h4 class=\"pt-cv-title\"><a href=\"https:\/\/www.tvnovelas.com.br\/tvnews\/dona-de-mim-jaques-coloca-fogo-na-boaz\/\" class=\"_blank\" target=\"_blank\" >Dona de Mim: Jaques coloca fogo na Boaz<\/a><\/h4><\/div><\/div>\n<div class=\"col-md-12 col-sm-12 col-xs-12 pt-cv-content-item pt-cv-1-col\" ><div class='pt-cv-ifield'><h4 class=\"pt-cv-title\"><a href=\"https:\/\/www.tvnovelas.com.br\/tvnews\/dona-de-mim-davi-e-barbara-sofrem-grave-acidente\/\" class=\"_blank\" target=\"_blank\" >Dona de Mim: Davi e B\u00e1rbara sofrem grave acidente<\/a><\/h4><\/div><\/div><\/div><\/div><\/div><\/p>\n<div style=\"font-size: 150%;\"><h3>Confira tamb\u00e9m<\/h3>\r\n<a href=\"https:\/\/tvnovelas.com.br\/novelas\/\" rel=\"noopener\" target=\"_blank\"><strong>Todos os resumos de novelas<\/strong><\/a><\/br>\r\n<a href=\"https:\/\/www.tvnovelas.com.br\/tvnews\/\" rel=\"noopener\" target=\"_blank\"><strong>\u00daltimas not\u00edcias das novelas<\/strong><\/a><\/br>\r\n<a href=\"https:\/\/www.tvnovelas.com.br\/filmes\/\" target=\"_blank\" rel=\"noopener noreferrer\"><strong>Programa\u00e7\u00e3o de filmes na TV aberta<\/strong><\/a><\/br>\r\n<a href=\"https:\/\/caetenews.com.br\/semana\/filmes-da-globo-na-sessao-da-tarde-desta-semana\/\" target=\"_blank\" rel=\"noopener\"><strong>Confira os filmes da semana na Sess\u00e3o da Tarde<\/strong><\/a><\/br>\r\n<a href=\"https:\/\/classindportal.mj.gov.br\/consulta-filmes\" target=\"_blank\" rel=\"noopener\"><strong>Consulte a classifica\u00e7\u00e3o indicativa dos filmes e novelas<\/strong><\/a><\/br><\/div>\n","protected":false},"excerpt":{"rendered":"<p>Cora\u00e7\u00e3o Acelerado:  Zil\u00e1 descobre que Alaorzinho&#8230; Em Cora\u00e7\u00e3o Acelerado, acontece o reencontro das irm\u00e3s Janete (Let\u00edcia Spiller) e Zil\u00e1&#8230;<\/p>\n","protected":false},"author":1,"featured_media":87372,"comment_status":"closed","ping_status":"closed","sticky":false,"template":"","format":"standard","meta":{"_uf_show_specific_survey":0,"_uf_disable_surveys":false,"_jetpack_memberships_contains_paid_content":false,"footnotes":"","_wp_rev_ctl_limit":""},"categories":[1031],"tags":[1043,5,64],"class_list":["post-87371","post","type-post","status-publish","format-standard","has-post-thumbnail","hentry","category-coracao-acelerado","tag-coracao-acelerado","tag-globo","tag-novelas","wpcat-1031-id"],"aioseo_notices":[],"jetpack_featured_media_url":"https:\/\/i0.wp.com\/www.tvnovelas.com.br\/tvnews\/wp-content\/uploads\/2026\/01\/12796.jpg?fit=728%2C410&ssl=1","jetpack_shortlink":"https:\/\/wp.me\/pdP2BO-mJd","jetpack_sharing_enabled":true,"_links":{"self":[{"href":"https:\/\/www.tvnovelas.com.br\/tvnews\/wp-json\/wp\/v2\/posts\/87371","targetHints":{"allow":["GET"]}}],"collection":[{"href":"https:\/\/www.tvnovelas.com.br\/tvnews\/wp-json\/wp\/v2\/posts"}],"about":[{"href":"https:\/\/www.tvnovelas.com.br\/tvnews\/wp-json\/wp\/v2\/types\/post"}],"author":[{"embeddable":true,"href":"https:\/\/www.tvnovelas.com.br\/tvnews\/wp-json\/wp\/v2\/users\/1"}],"replies":[{"embeddable":true,"href":"https:\/\/www.tvnovelas.com.br\/tvnews\/wp-json\/wp\/v2\/comments?post=87371"}],"version-history":[{"count":1,"href":"https:\/\/www.tvnovelas.com.br\/tvnews\/wp-json\/wp\/v2\/posts\/87371\/revisions"}],"predecessor-version":[{"id":87373,"href":"https:\/\/www.tvnovelas.com.br\/tvnews\/wp-json\/wp\/v2\/posts\/87371\/revisions\/87373"}],"wp:featuredmedia":[{"embeddable":true,"href":"https:\/\/www.tvnovelas.com.br\/tvnews\/wp-json\/wp\/v2\/media\/87372"}],"wp:attachment":[{"href":"https:\/\/www.tvnovelas.com.br\/tvnews\/wp-json\/wp\/v2\/media?parent=87371"}],"wp:term":[{"taxonomy":"category","embeddable":true,"href":"https:\/\/www.tvnovelas.com.br\/tvnews\/wp-json\/wp\/v2\/categories?post=87371"},{"taxonomy":"post_tag","embeddable":true,"href":"https:\/\/www.tvnovelas.com.br\/tvnews\/wp-json\/wp\/v2\/tags?post=87371"}],"curies":[{"name":"wp","href":"https:\/\/api.w.org\/{rel}","templated":true}]}}