{"id":87384,"date":"2026-01-25T09:59:34","date_gmt":"2026-01-25T12:59:34","guid":{"rendered":"https:\/\/www.tvnovelas.com.br\/tvnews\/?p=87384"},"modified":"2026-01-25T22:29:08","modified_gmt":"2026-01-26T01:29:08","slug":"coracao-acelerado-cinara-pede-emprego-em-troca-de-segredo-de-zila","status":"publish","type":"post","link":"https:\/\/www.tvnovelas.com.br\/tvnews\/coracao-acelerado-cinara-pede-emprego-em-troca-de-segredo-de-zila\/","title":{"rendered":"Emm Cora\u00e7\u00e3o Acelerado: Cinara pede emprego em troca de segredo de Zil\u00e1"},"content":{"rendered":"<figure id=\"attachment_87385\" aria-describedby=\"caption-attachment-87385\" style=\"width: 728px\" class=\"wp-caption alignnone\"><img data-recalc-dims=\"1\" decoding=\"async\" class=\"wp-image-87385 size-full\" title=\"(Foto: TV Globo\/Cora\u00e7\u00e3o Acelerado)\" src=\"https:\/\/i0.wp.com\/www.tvnovelas.com.br\/tvnews\/wp-content\/uploads\/2026\/01\/12799.jpg?resize=728%2C410&#038;ssl=1\" alt=\"Foto em Cora\u00e7\u00e3o Acelerado: Cinara pede emprego em troca de segredo de Zil\u00e1\" width=\"728\" height=\"410\" srcset=\"https:\/\/i0.wp.com\/www.tvnovelas.com.br\/tvnews\/wp-content\/uploads\/2026\/01\/12799.jpg?w=728&amp;ssl=1 728w, https:\/\/i0.wp.com\/www.tvnovelas.com.br\/tvnews\/wp-content\/uploads\/2026\/01\/12799.jpg?resize=250%2C141&amp;ssl=1 250w\" sizes=\"(max-width: 728px) 100vw, 728px\" \/><figcaption id=\"caption-attachment-87385\" class=\"wp-caption-text\">Cora\u00e7\u00e3o Acelerado: Cinara pede emprego em troca de segredo de Zil\u00e1<\/figcaption><\/figure>\n<p>Em Cora\u00e7\u00e3o Acelerado, Cinara (Ramille) j\u00e1 se mostrou bastante ambiciosa e vai conseguir \u2013 \u00e0 for\u00e7a, \u00e9 verdade \u2013 uma aliada. Ao ver uma foto antiga de Zil\u00e1 (Leandra Leal) usando uma bota rosa de pel\u00facia, ela vai se dar conta de que foi ela a mulher que viu no passado, quando ainda era crian\u00e7a, empurrando um homem, ou seja, Jean Carlos (Ricardo Pereira), do penhasco. Cinara, ent\u00e3o, pedir\u00e1 um emprego na mans\u00e3o dos Amaral em troca de guardar esse segredo do passado. Vem saber mais!<\/p>\n<p>\u201cPel\u00facia cor de rosa. Igual a essa n\u00e3o tem n\u00e3o. Que revela\u00e7\u00e3o, depois de tanto tempo&#8230; Sabia que a sorte ainda ia sorrir pra mim!\u201d, diz Cinara para si mesma.<\/p>\n<p>Depois, Cinara ir\u00e1 procurar Zil\u00e1 e j\u00e1 ir\u00e1 dizer o que realmente quer.<\/p>\n<p>\u201cEnt\u00e3o, vim justamente oferecer ajuda! Voc\u00ea sabe que eu domino os segredos das ervas do Caturama&#8230; E agora terminei o curso de coach pela Internet! T\u00f4 pronta pra tratar corpo, mente e esp\u00edrito, cerco por todos os lados!\u201d, afirma ela.<br \/>\n\u201cObrigada, Cinara&#8230; no momento n\u00e3o precisa. Voc\u00ea pode ir, viu, bem?\u201d, ignora Zil\u00e1.<\/p>\n<p>Mas Cinara logo lembrar\u00e1 da cena que presenciou na inf\u00e2ncia.<\/p>\n<p>\u201cO que s\u00e3o essa botas pink, Zil\u00e1? \u00c9 uma coisa \u00fanica! A primeira vez que eu vi ainda era crian\u00e7a. Nunca esqueci&#8230; Eu vi a mo\u00e7a da bota rosa discutindo com um homem. A\u00ed ela empurrou ele&#8230; pra morte\u201d, dispara Cinara.<\/p>\n<p>\u201cDo que voc\u00ea est\u00e1 falando? N\u00e3o t\u00f4 entendendo\u201d, disfar\u00e7a Zil\u00e1, tensa.<\/p>\n<p>\u201cDepois acharam o corpo. Nem investigaram, falaram que era bandido, que caiu, ningu\u00e9m se importou. Mas eu sabia a verdade. Eu e a mulher da bota rosa, que eu nunca ia saber quem era&#8230; A\u00ed, de repente, a lei da atra\u00e7\u00e3o me atrai pra c\u00e1, hoje, pra ver essas fotos e me d\u00e1 a resposta! Arrepiei!\u201d, diz Cinara.<\/p>\n<p>\u201cVoc\u00ea acha que pode entrar na minha casa com essa hist\u00f3ria sem p\u00e9 nem cabe\u00e7a e&#8230; Isso \u00e9 o qu\u00ea? Hein?! Uma amea\u00e7a?!\u201d, defende-se Zil\u00e1.<\/p>\n<p>\u201cPoxa&#8230; eu te admiro, Zil\u00e1, o que eu quero \u00e9 trabalhar pra voc\u00ea, ser a coach particular da fam\u00edlia Amaral\u201d, dispara Cinara.<br \/>\nO que ser\u00e1 da parceria entre essas duas mulheres ambiciosas? Vale lembrar que Zil\u00e1 disse a Janete (Let\u00edcia Spiller), que foi ela quem empurrou Jean Carlos&#8230;<br \/>\n<!--FIM DO POST--><br \/>\n<a href=\"https:\/\/tvnovelas.com.br\/novelas\/resumos-de-coracao-acelerado\/\" target=\"_blank\" rel=\"noopener\">Resumos dos cap\u00edtulos de Cora\u00e7\u00e3o Acelerado<\/a><br \/>\n<strong>Saiba mais:<\/strong><br \/>\n<a href=\"https:\/\/wp.me\/pfspD2-W3\" target=\"_blank\" rel=\"noopener\">Cora\u00e7\u00e3o Acelerado: A trajet\u00f3ria da fam\u00edlia Sampaio Garcia<\/a><br \/>\n<a href=\"https:\/\/pt.wikipedia.org\/wiki\/Cora%C3%A7%C3%A3o_Acelerado\" target=\"_blank\" rel=\"noopener\">Sobre Cora\u00e7\u00e3o Acelerado na Wikipedia<\/a><br \/>\n<div class=\"pt-cv-wrapper\"><h2 class='pt-cv-heading-container heading2' data-blockid='9b88c0b6t2'><span class='pt-cv-heading'> \u00daltimas da novela <\/span><\/h2><div class=\"pt-cv-view pt-cv-grid pt-cv-colsys\" id=\"pt-cv-view-9b88c0b6t2\"><div data-id=\"pt-cv-page-1\" class=\"pt-cv-page\" data-cvc=\"1\"><div class=\"col-md-12 col-sm-12 col-xs-12 pt-cv-content-item pt-cv-1-col\" ><div class='pt-cv-ifield'><h4 class=\"pt-cv-title\"><a href=\"https:\/\/www.tvnovelas.com.br\/tvnews\/dona-de-mim-abel-aparece-e-salva-sofia-do-incendio\/\" class=\"_blank\" target=\"_blank\" >Dona de Mim: Abel \u2018aparece&#8217; e salva Sofia do inc\u00eandio<\/a><\/h4><\/div><\/div>\n<div class=\"col-md-12 col-sm-12 col-xs-12 pt-cv-content-item pt-cv-1-col\" ><div class='pt-cv-ifield'><h4 class=\"pt-cv-title\"><a href=\"https:\/\/www.tvnovelas.com.br\/tvnews\/dona-de-mim-jaques-coloca-fogo-na-boaz\/\" class=\"_blank\" target=\"_blank\" >Dona de Mim: Jaques coloca fogo na Boaz<\/a><\/h4><\/div><\/div>\n<div class=\"col-md-12 col-sm-12 col-xs-12 pt-cv-content-item pt-cv-1-col\" ><div class='pt-cv-ifield'><h4 class=\"pt-cv-title\"><a href=\"https:\/\/www.tvnovelas.com.br\/tvnews\/dona-de-mim-davi-e-barbara-sofrem-grave-acidente\/\" class=\"_blank\" target=\"_blank\" >Dona de Mim: Davi e B\u00e1rbara sofrem grave acidente<\/a><\/h4><\/div><\/div><\/div><\/div><\/div><\/p>\n<div style=\"font-size: 150%;\"><h3>Confira tamb\u00e9m<\/h3>\r\n<a href=\"https:\/\/tvnovelas.com.br\/novelas\/\" rel=\"noopener\" target=\"_blank\"><strong>Todos os resumos de novelas<\/strong><\/a><\/br>\r\n<a href=\"https:\/\/www.tvnovelas.com.br\/tvnews\/\" rel=\"noopener\" target=\"_blank\"><strong>\u00daltimas not\u00edcias das novelas<\/strong><\/a><\/br>\r\n<a href=\"https:\/\/www.tvnovelas.com.br\/filmes\/\" target=\"_blank\" rel=\"noopener noreferrer\"><strong>Programa\u00e7\u00e3o de filmes na TV aberta<\/strong><\/a><\/br>\r\n<a href=\"https:\/\/caetenews.com.br\/semana\/filmes-da-globo-na-sessao-da-tarde-desta-semana\/\" target=\"_blank\" rel=\"noopener\"><strong>Confira os filmes da semana na Sess\u00e3o da Tarde<\/strong><\/a><\/br>\r\n<a href=\"https:\/\/classindportal.mj.gov.br\/consulta-filmes\" target=\"_blank\" rel=\"noopener\"><strong>Consulte a classifica\u00e7\u00e3o indicativa dos filmes e novelas<\/strong><\/a><\/br><\/div>\n","protected":false},"excerpt":{"rendered":"<p>Cora\u00e7\u00e3o Acelerado: Cinara pede emprego&#8230; Em Cora\u00e7\u00e3o Acelerado, Cinara  j\u00e1 se mostrou bastante ambiciosa e vai conseguir \u2013 \u00e0 for\u00e7a, \u00e9 verdade&#8230;<\/p>\n","protected":false},"author":1,"featured_media":87385,"comment_status":"closed","ping_status":"closed","sticky":false,"template":"","format":"standard","meta":{"_uf_show_specific_survey":0,"_uf_disable_surveys":false,"_jetpack_memberships_contains_paid_content":false,"footnotes":"","_wp_rev_ctl_limit":""},"categories":[1031],"tags":[1043,5,64],"class_list":["post-87384","post","type-post","status-publish","format-standard","has-post-thumbnail","hentry","category-coracao-acelerado","tag-coracao-acelerado","tag-globo","tag-novelas","wpcat-1031-id"],"aioseo_notices":[],"jetpack_featured_media_url":"https:\/\/i0.wp.com\/www.tvnovelas.com.br\/tvnews\/wp-content\/uploads\/2026\/01\/12799.jpg?fit=728%2C410&ssl=1","jetpack_shortlink":"https:\/\/wp.me\/pdP2BO-mJq","jetpack_sharing_enabled":true,"_links":{"self":[{"href":"https:\/\/www.tvnovelas.com.br\/tvnews\/wp-json\/wp\/v2\/posts\/87384","targetHints":{"allow":["GET"]}}],"collection":[{"href":"https:\/\/www.tvnovelas.com.br\/tvnews\/wp-json\/wp\/v2\/posts"}],"about":[{"href":"https:\/\/www.tvnovelas.com.br\/tvnews\/wp-json\/wp\/v2\/types\/post"}],"author":[{"embeddable":true,"href":"https:\/\/www.tvnovelas.com.br\/tvnews\/wp-json\/wp\/v2\/users\/1"}],"replies":[{"embeddable":true,"href":"https:\/\/www.tvnovelas.com.br\/tvnews\/wp-json\/wp\/v2\/comments?post=87384"}],"version-history":[{"count":2,"href":"https:\/\/www.tvnovelas.com.br\/tvnews\/wp-json\/wp\/v2\/posts\/87384\/revisions"}],"predecessor-version":[{"id":87410,"href":"https:\/\/www.tvnovelas.com.br\/tvnews\/wp-json\/wp\/v2\/posts\/87384\/revisions\/87410"}],"wp:featuredmedia":[{"embeddable":true,"href":"https:\/\/www.tvnovelas.com.br\/tvnews\/wp-json\/wp\/v2\/media\/87385"}],"wp:attachment":[{"href":"https:\/\/www.tvnovelas.com.br\/tvnews\/wp-json\/wp\/v2\/media?parent=87384"}],"wp:term":[{"taxonomy":"category","embeddable":true,"href":"https:\/\/www.tvnovelas.com.br\/tvnews\/wp-json\/wp\/v2\/categories?post=87384"},{"taxonomy":"post_tag","embeddable":true,"href":"https:\/\/www.tvnovelas.com.br\/tvnews\/wp-json\/wp\/v2\/tags?post=87384"}],"curies":[{"name":"wp","href":"https:\/\/api.w.org\/{rel}","templated":true}]}}