{"id":87396,"date":"2026-01-25T14:18:22","date_gmt":"2026-01-25T17:18:22","guid":{"rendered":"https:\/\/www.tvnovelas.com.br\/tvnews\/?p=87396"},"modified":"2026-01-25T14:18:22","modified_gmt":"2026-01-25T17:18:22","slug":"presente-de-amor-isabella-leva-valentina-com-ela","status":"publish","type":"post","link":"https:\/\/www.tvnovelas.com.br\/tvnews\/presente-de-amor-isabella-leva-valentina-com-ela\/","title":{"rendered":"Presente de Amor: Isabella leva Valentina com ela"},"content":{"rendered":"<figure id=\"attachment_87397\" aria-describedby=\"caption-attachment-87397\" style=\"width: 728px\" class=\"wp-caption alignnone\"><img data-recalc-dims=\"1\" decoding=\"async\" class=\"wp-image-87397 size-full\" title=\"(Foto: SBT\/Televisa\/Presente de Amor)\" src=\"https:\/\/i0.wp.com\/www.tvnovelas.com.br\/tvnews\/wp-content\/uploads\/2026\/01\/12802.jpg?resize=728%2C410&#038;ssl=1\" alt=\"Foto em Presente de Amor: Isabella leva Valentina com ela\" width=\"728\" height=\"410\" srcset=\"https:\/\/i0.wp.com\/www.tvnovelas.com.br\/tvnews\/wp-content\/uploads\/2026\/01\/12802.jpg?w=728&amp;ssl=1 728w, https:\/\/i0.wp.com\/www.tvnovelas.com.br\/tvnews\/wp-content\/uploads\/2026\/01\/12802.jpg?resize=250%2C141&amp;ssl=1 250w\" sizes=\"(max-width: 728px) 100vw, 728px\" \/><figcaption id=\"caption-attachment-87397\" class=\"wp-caption-text\">Presente de Amor: Isabella leva Valentina com ela<\/figcaption><\/figure>\n<p>No cap\u00edtulo de Presente de Amor desta segunda, dia 26, Isabella leva Valentina com ela. A menina se encontra com Petra, que, surpresa, pergunta quem a levou \u00e0 sua casa. Valentina fica assustada.<\/p>\n<p>Petra diz a Valentina como ela consegue chegar a lugares onde ningu\u00e9m a quer e que espera que ela n\u00e3o seja t\u00e3o boba a ponto de contar \u00e0 senhora que cuida dela quem ela \u00e9, porque, caso contr\u00e1rio, elas ficariam juntas para sempre.<\/p>\n<p>Valentina, assustada, corre para se esconder no arm\u00e1rio. Eug\u00eanio encontra Valentina escondida no arm\u00e1rio, a abra\u00e7a e diz que Isabella e ele sempre v\u00e3o cuidar dela.<\/p>\n<p><em> Confira o resumo do cap\u00edtulo de hoje:<\/em><\/p>\n<h2 style=\"color: #6e026f;\">Resumo de segunda-feira, 26 de janeiro<\/h2>\n<p>Am\u00e9lia diz a Petra que a menina da foto \u00e9 sua filha e que n\u00e3o negue. Petra, sarc\u00e1stica, responde que ela adivinhou. Am\u00e9lia pergunta onde ela est\u00e1. Petra diz que a menina est\u00e1 feliz longe dela e que ela tamb\u00e9m est\u00e1 feliz, porque n\u00e3o nasceu para ser m\u00e3e; que havia uma mulher que queria ser m\u00e3e e n\u00e3o podia, ent\u00e3o ela foi sua salvadora. Petra diz a Eug\u00eanio que precisa trabalhar, ou caso contr\u00e1rio vai ficar louca em casa. Fausta se surpreende ao ver Petra na empresa, e Eug\u00eanio diz que ela vai trabalhar. Fausta responde que j\u00e1 tem bastante em ter que aguent\u00e1-la em casa, e Eug\u00eanio diz que isso far\u00e1 bem \u00e0 sua irm\u00e3 e pede que confie nele. Fausta a adverte que, ao primeiro erro, ela vai embora. Fausta marca um encontro com Isabella em sua casa para acertar o contrato do evento de sua empresa. Isabella leva Valentina com ela. A menina se encontra com Petra, que, surpresa, pergunta quem a levou \u00e0 sua casa. Valentina fica assustada. Petra diz a Valentina como ela consegue chegar a lugares onde ningu\u00e9m a quer e que espera que ela n\u00e3o seja t\u00e3o boba a ponto de contar \u00e0 senhora que cuida dela quem ela \u00e9, porque, caso contr\u00e1rio, elas ficariam juntas para sempre. Valentina, assustada, corre para se esconder no arm\u00e1rio. Eug\u00eanio encontra Valentina escondida no arm\u00e1rio, a abra\u00e7a e diz que Isabella e ele sempre v\u00e3o cuidar dela.<br \/>\n<div class=\"pt-cv-wrapper\"><h2 class='pt-cv-heading-container heading2' data-blockid='ab488fdp2g'><span class='pt-cv-heading'> \u00daltimas da Novela <\/span><\/h2><div class=\"pt-cv-view pt-cv-grid pt-cv-colsys\" id=\"pt-cv-view-ab488fdp2g\"><div data-id=\"pt-cv-page-1\" class=\"pt-cv-page\" data-cvc=\"1\"><div class=\"col-md-12 col-sm-12 col-xs-12 pt-cv-content-item pt-cv-1-col\" ><div class='pt-cv-ifield'><h4 class=\"pt-cv-title\"><a href=\"https:\/\/www.tvnovelas.com.br\/tvnews\/a-mar-estrela-reune-moradores-para-barrar-maquinario-de-sergio\/\" class=\"_self\" target=\"_self\" >A.Mar: Estrela re\u00fane moradores para barrar m\u00e1quin\u00e1rio de S\u00e9rgio<\/a><\/h4><\/div><\/div>\n<div class=\"col-md-12 col-sm-12 col-xs-12 pt-cv-content-item pt-cv-1-col\" ><div class='pt-cv-ifield'><h4 class=\"pt-cv-title\"><a href=\"https:\/\/www.tvnovelas.com.br\/tvnews\/a-mar-erika-inocenta-fabian-e-ulises\/\" class=\"_self\" target=\"_self\" >A.Mar: \u00c9rika inocenta Fabian e Ulises<\/a><\/h4><\/div><\/div>\n<div class=\"col-md-12 col-sm-12 col-xs-12 pt-cv-content-item pt-cv-1-col\" ><div class='pt-cv-ifield'><h4 class=\"pt-cv-title\"><a href=\"https:\/\/www.tvnovelas.com.br\/tvnews\/a-mar-erika-confessa-a-fabian-que-mentiu-sobre-gravidez\/\" class=\"_self\" target=\"_self\" >A.Mar: \u00c9rika confessa a Fabian que mentiu sobre gravidez<\/a><\/h4><\/div><\/div><\/div><\/div><\/div><\/p>\n<div style=\"font-size: 120%;\"><h3>Confira tamb\u00e9m<\/h3>\r\n<a href=\"https:\/\/tvnovelas.com.br\/novelas\/\" rel=\"noopener\" target=\"_blank\"><strong>Todos os resumos de novelas<\/strong><\/a><\/br>\r\n<a href=\"https:\/\/www.tvnovelas.com.br\/tvnews\/\" rel=\"noopener\" target=\"_blank\"><strong>\u00daltimas not\u00edcias das novelas<\/strong><\/a><\/br>\r\n<a href=\"https:\/\/www.tvnovelas.com.br\/filmes\/\" target=\"_blank\" rel=\"noopener noreferrer\"><strong>Programa\u00e7\u00e3o de filmes na TV aberta<\/strong><\/a><\/br>\r\n<a href=\"https:\/\/caetenews.com.br\/semana\/filmes-da-globo-na-sessao-da-tarde-desta-semana\/\" target=\"_blank\" rel=\"noopener\"><strong>Confira os filmes da semana na Sess\u00e3o da Tarde<\/strong><\/a><\/br>\r\n<a href=\"https:\/\/classindportal.mj.gov.br\/consulta-filmes\" target=\"_blank\" rel=\"noopener\"><strong>Consulte a classifica\u00e7\u00e3o indicativa dos filmes e novelas<\/strong><\/a><\/br><\/div>\n<p><a href=\"https:\/\/tvnovelas.com.br\/page2\/arquivo\/a-mar-conflitos-tragedia-e-drama-na-historia-de-estrela\/\" target=\"_blank\" rel=\"noopener\">A.Mar: Conhe\u00e7a a hist\u00f3ria da novela<\/a><\/p>\n","protected":false},"excerpt":{"rendered":"<p>Presente de Amor: Isabella leva Valentina com ela&#8230; No cap\u00edtulo de Presente de Amor desta segunda, dia 26, Isabella leva Valentina com ela. A menina&#8230;.<\/p>\n","protected":false},"author":1,"featured_media":87397,"comment_status":"closed","ping_status":"closed","sticky":false,"template":"","format":"standard","meta":{"_uf_show_specific_survey":0,"_uf_disable_surveys":false,"_jetpack_memberships_contains_paid_content":false,"footnotes":"","_wp_rev_ctl_limit":""},"categories":[1044],"tags":[64,1045,1047,13],"class_list":["post-87396","post","type-post","status-publish","format-standard","has-post-thumbnail","hentry","category-presente-de-amor","tag-novelas","tag-presente-de-amor","tag-regalo-de-amor","tag-sbt","wpcat-1044-id"],"aioseo_notices":[],"jetpack_featured_media_url":"https:\/\/i0.wp.com\/www.tvnovelas.com.br\/tvnews\/wp-content\/uploads\/2026\/01\/12802.jpg?fit=728%2C410&ssl=1","jetpack_shortlink":"https:\/\/wp.me\/pdP2BO-mJC","jetpack_sharing_enabled":true,"_links":{"self":[{"href":"https:\/\/www.tvnovelas.com.br\/tvnews\/wp-json\/wp\/v2\/posts\/87396","targetHints":{"allow":["GET"]}}],"collection":[{"href":"https:\/\/www.tvnovelas.com.br\/tvnews\/wp-json\/wp\/v2\/posts"}],"about":[{"href":"https:\/\/www.tvnovelas.com.br\/tvnews\/wp-json\/wp\/v2\/types\/post"}],"author":[{"embeddable":true,"href":"https:\/\/www.tvnovelas.com.br\/tvnews\/wp-json\/wp\/v2\/users\/1"}],"replies":[{"embeddable":true,"href":"https:\/\/www.tvnovelas.com.br\/tvnews\/wp-json\/wp\/v2\/comments?post=87396"}],"version-history":[{"count":1,"href":"https:\/\/www.tvnovelas.com.br\/tvnews\/wp-json\/wp\/v2\/posts\/87396\/revisions"}],"predecessor-version":[{"id":87398,"href":"https:\/\/www.tvnovelas.com.br\/tvnews\/wp-json\/wp\/v2\/posts\/87396\/revisions\/87398"}],"wp:featuredmedia":[{"embeddable":true,"href":"https:\/\/www.tvnovelas.com.br\/tvnews\/wp-json\/wp\/v2\/media\/87397"}],"wp:attachment":[{"href":"https:\/\/www.tvnovelas.com.br\/tvnews\/wp-json\/wp\/v2\/media?parent=87396"}],"wp:term":[{"taxonomy":"category","embeddable":true,"href":"https:\/\/www.tvnovelas.com.br\/tvnews\/wp-json\/wp\/v2\/categories?post=87396"},{"taxonomy":"post_tag","embeddable":true,"href":"https:\/\/www.tvnovelas.com.br\/tvnews\/wp-json\/wp\/v2\/tags?post=87396"}],"curies":[{"name":"wp","href":"https:\/\/api.w.org\/{rel}","templated":true}]}}