{"id":87426,"date":"2026-01-26T10:31:56","date_gmt":"2026-01-26T13:31:56","guid":{"rendered":"https:\/\/www.tvnovelas.com.br\/tvnews\/?p=87426"},"modified":"2026-01-26T11:33:52","modified_gmt":"2026-01-26T14:33:52","slug":"outro-drama-turco-substitui-fenomeno-mae-na-record","status":"publish","type":"post","link":"https:\/\/www.tvnovelas.com.br\/tvnews\/outro-drama-turco-substitui-fenomeno-mae-na-record\/","title":{"rendered":"Outro drama turco substitui fen\u00f4meno &#8220;M\u00e3e&#8221; na Record"},"content":{"rendered":"<p><figure id=\"attachment_87427\" aria-describedby=\"caption-attachment-87427\" style=\"width: 728px\" class=\"wp-caption alignnone\"><img data-recalc-dims=\"1\" decoding=\"async\" src=\"https:\/\/i0.wp.com\/www.tvnovelas.com.br\/tvnews\/wp-content\/uploads\/2026\/01\/12807.jpg?resize=728%2C410&#038;ssl=1\" alt=\"Outro drama turco substitui fen\u00f4meno &quot;M\u00e3e&quot; na Record\" width=\"728\" height=\"410\" class=\"size-full wp-image-87427\" srcset=\"https:\/\/i0.wp.com\/www.tvnovelas.com.br\/tvnews\/wp-content\/uploads\/2026\/01\/12807.jpg?w=728&amp;ssl=1 728w, https:\/\/i0.wp.com\/www.tvnovelas.com.br\/tvnews\/wp-content\/uploads\/2026\/01\/12807.jpg?resize=250%2C141&amp;ssl=1 250w\" sizes=\"(max-width: 728px) 100vw, 728px\" \/><figcaption id=\"caption-attachment-87427\" class=\"wp-caption-text\">\u00d6zge \u00d6zpirin\u00e7ci estrela a nova novela da Record<\/figcaption><\/figure><br \/>\n<em>Com a mesma protagonista de &#8220;For\u00e7a de Mulher&#8221;, a nova novela conta uma hist\u00f3ria de trai\u00e7\u00e3o familiar e a busca incans\u00e1vel de uma m\u00e3e por seu filho<\/em><\/p>\n<p>A Record j\u00e1 definiu a sucessora para o hor\u00e1rio nobre das novelas: estreia em fevereiro, a produ\u00e7\u00e3o turca, do original &#8216;Sand\u0131k Kokusu&#8217; e ainda sem t\u00edtulo em portugu\u00eas. Em territ\u00f3rios de l\u00edngua espanhola, a obra foi denominada &#8216;Una Madre Nunca Se Rinde&#8217;.<\/p>\n<p>O grande destaque do elenco \u00e9 o retorno de \u00d6zge \u00d6zpirin\u00e7ci. Ap\u00f3s o destacado sucesso como Bahar em For\u00e7a de Mulher, a atriz volta a interpretar uma figura materna resiliente, Karsu \u00c7elik. <\/p>\n<p>Desta vez, ela d\u00e1 vida a uma personagem cujos desafios come\u00e7am logo na estreia, enfrentando as dificuldades exaustivas de cuidar dos filhos, agravadas pela chegada do ca\u00e7ula. No primeiro cap\u00edtulo, a narrativa atinge seu ponto quando um evento traum\u00e1tico muda o destino da protagonista: o desaparecimento de seu filho mais novo. O que torna a dor ainda mais profunda \u00e9 a revela\u00e7\u00e3o de que a pr\u00f3pria m\u00e3e de Karsu foi a respons\u00e1vel pelo sumi\u00e7o da crian\u00e7a, desencadeando um luto interrompido e uma busca desesperada.<\/p>\n<h2>Sinopse<\/h2>\n<p>Karsu \u00e9 uma mulher em um casamento infeliz. Seu marido, Reha, \u00e9 um homem abusivo e um pai in\u00fatil, ent\u00e3o, quando Karsu d\u00e1 \u00e0 luz seu terceiro filho, ela percebe que n\u00e3o pode cuidar de todos os filhos sozinha. Ela manda seu filho de tr\u00eas anos, Kuzey, para Istambul para ficar um tempo com sua m\u00e3e Filiz. No entanto, na viagem para Istambul, Kuzey desaparece. Depois de tr\u00eas anos de busca, Karsu encontra Kuzey em uma viagem a Mersin. Karsu fica aliviada por se reunir com seu filho, no entanto, Kuzey, que agora atende por Deniz, n\u00e3o a reconhece. Karsu ter\u00e1 que lutar para reconquistar seu filho, enquanto lida com sua dif\u00edcil situa\u00e7\u00e3o familiar.<br \/>\n<!--FIM--><\/p>\n<div style=\"font-size: 120%;\"><h3>Confira tamb\u00e9m<\/h3>\r\n<a href=\"https:\/\/tvnovelas.com.br\/novelas\/\" rel=\"noopener\" target=\"_blank\"><strong>Todos os resumos de novelas<\/strong><\/a><\/br>\r\n<a href=\"https:\/\/www.tvnovelas.com.br\/tvnews\/\" rel=\"noopener\" target=\"_blank\"><strong>\u00daltimas not\u00edcias das novelas<\/strong><\/a><\/br>\r\n<a href=\"https:\/\/www.tvnovelas.com.br\/filmes\/\" target=\"_blank\" rel=\"noopener noreferrer\"><strong>Programa\u00e7\u00e3o de filmes na TV aberta<\/strong><\/a><\/br>\r\n<a href=\"https:\/\/caetenews.com.br\/semana\/filmes-da-globo-na-sessao-da-tarde-desta-semana\/\" target=\"_blank\" rel=\"noopener\"><strong>Confira os filmes da semana na Sess\u00e3o da Tarde<\/strong><\/a><\/br>\r\n<a href=\"https:\/\/classindportal.mj.gov.br\/consulta-filmes\" target=\"_blank\" rel=\"noopener\"><strong>Consulte a classifica\u00e7\u00e3o indicativa dos filmes e novelas<\/strong><\/a><\/br><\/div>\n","protected":false},"excerpt":{"rendered":"<p>Outro drama turco substitui fen\u00f4meno &#8220;M\u00e3e&#8221; na Record&#8230; Com a mesma protagonista de &#8220;For\u00e7a de Mulher&#8221;, a nova novela conta uma hist\u00f3ria de trai\u00e7\u00e3o familiar&#8230;<\/p>\n","protected":false},"author":1,"featured_media":87427,"comment_status":"closed","ping_status":"closed","sticky":false,"template":"","format":"standard","meta":{"_uf_show_specific_survey":0,"_uf_disable_surveys":false,"_jetpack_memberships_contains_paid_content":false,"footnotes":"","_wp_rev_ctl_limit":""},"categories":[309],"tags":[64,14],"class_list":["post-87426","post","type-post","status-publish","format-standard","has-post-thumbnail","hentry","category-record","tag-novelas","tag-record","wpcat-309-id"],"aioseo_notices":[],"jetpack_featured_media_url":"https:\/\/i0.wp.com\/www.tvnovelas.com.br\/tvnews\/wp-content\/uploads\/2026\/01\/12807.jpg?fit=728%2C410&ssl=1","jetpack_shortlink":"https:\/\/wp.me\/pdP2BO-mK6","jetpack_sharing_enabled":true,"_links":{"self":[{"href":"https:\/\/www.tvnovelas.com.br\/tvnews\/wp-json\/wp\/v2\/posts\/87426","targetHints":{"allow":["GET"]}}],"collection":[{"href":"https:\/\/www.tvnovelas.com.br\/tvnews\/wp-json\/wp\/v2\/posts"}],"about":[{"href":"https:\/\/www.tvnovelas.com.br\/tvnews\/wp-json\/wp\/v2\/types\/post"}],"author":[{"embeddable":true,"href":"https:\/\/www.tvnovelas.com.br\/tvnews\/wp-json\/wp\/v2\/users\/1"}],"replies":[{"embeddable":true,"href":"https:\/\/www.tvnovelas.com.br\/tvnews\/wp-json\/wp\/v2\/comments?post=87426"}],"version-history":[{"count":4,"href":"https:\/\/www.tvnovelas.com.br\/tvnews\/wp-json\/wp\/v2\/posts\/87426\/revisions"}],"predecessor-version":[{"id":87430,"href":"https:\/\/www.tvnovelas.com.br\/tvnews\/wp-json\/wp\/v2\/posts\/87426\/revisions\/87430"}],"wp:featuredmedia":[{"embeddable":true,"href":"https:\/\/www.tvnovelas.com.br\/tvnews\/wp-json\/wp\/v2\/media\/87427"}],"wp:attachment":[{"href":"https:\/\/www.tvnovelas.com.br\/tvnews\/wp-json\/wp\/v2\/media?parent=87426"}],"wp:term":[{"taxonomy":"category","embeddable":true,"href":"https:\/\/www.tvnovelas.com.br\/tvnews\/wp-json\/wp\/v2\/categories?post=87426"},{"taxonomy":"post_tag","embeddable":true,"href":"https:\/\/www.tvnovelas.com.br\/tvnews\/wp-json\/wp\/v2\/tags?post=87426"}],"curies":[{"name":"wp","href":"https:\/\/api.w.org\/{rel}","templated":true}]}}