{"id":87455,"date":"2026-01-27T09:25:17","date_gmt":"2026-01-27T12:25:17","guid":{"rendered":"https:\/\/www.tvnovelas.com.br\/tvnews\/?p=87455"},"modified":"2026-01-27T09:25:17","modified_gmt":"2026-01-27T12:25:17","slug":"coracao-acelerado-agrado-descobre-que-e-fruto-de-violencia","status":"publish","type":"post","link":"https:\/\/www.tvnovelas.com.br\/tvnews\/coracao-acelerado-agrado-descobre-que-e-fruto-de-violencia\/","title":{"rendered":"Cora\u00e7\u00e3o Acelerado:  Agrado descobre que \u00e9 fruto de viol\u00eancia"},"content":{"rendered":"<figure id=\"attachment_87457\" aria-describedby=\"caption-attachment-87457\" style=\"width: 728px\" class=\"wp-caption alignnone\"><img data-recalc-dims=\"1\" decoding=\"async\" class=\"wp-image-87457 size-full\" title=\"(Foto: TV Globo\/Cora\u00e7\u00e3o Acelerado)\" src=\"https:\/\/i0.wp.com\/www.tvnovelas.com.br\/tvnews\/wp-content\/uploads\/2026\/01\/12809.jpg?resize=728%2C455&#038;ssl=1\" alt=\"Foto em Cora\u00e7\u00e3o Acelerado: Agrado descobre que \u00e9 fruto de viol\u00eancia\" width=\"728\" height=\"455\" srcset=\"https:\/\/i0.wp.com\/www.tvnovelas.com.br\/tvnews\/wp-content\/uploads\/2026\/01\/12809.jpg?w=728&amp;ssl=1 728w, https:\/\/i0.wp.com\/www.tvnovelas.com.br\/tvnews\/wp-content\/uploads\/2026\/01\/12809.jpg?resize=250%2C156&amp;ssl=1 250w\" sizes=\"(max-width: 728px) 100vw, 728px\" \/><figcaption id=\"caption-attachment-87457\" class=\"wp-caption-text\">Cora\u00e7\u00e3o Acelerado: Agrado descobre que \u00e9 fruto de viol\u00eancia<\/figcaption><\/figure>\n<p>Em Cora\u00e7\u00e3o Acelerado, Agrado (Isadora Cruz) cresceu acreditando que sua fam\u00edlia sempre foi apenas ela e a m\u00e3e, Janete (Let\u00edcia Spiller). Mas, a cantora vai descobrir que tem av\u00f4, tia e at\u00e9 prima. Mas o maior choque vir\u00e1 quando a m\u00e3e lhe contar que ela \u00e9 fruto de uma viol\u00eancia.<\/p>\n<p>Janete levar\u00e1 Agrado \u00e0 casa onde cresceu, em Bom Retorno, e come\u00e7ar\u00e1 a lhe contar sua verdadeira hist\u00f3ria.<\/p>\n<p>\u201c\u00c9 a casa onde eu cresci, filha. Com meu pai, minha m\u00e3e, minha irm\u00e3\u201d, diz Janete.<\/p>\n<p>\u201cPai&#8230; irm\u00e3&#8230;? Minha v\u00f3 n\u00e3o criou voc\u00ea sozinha? O retrato da v\u00f3 Cec\u00edlia.. Que \u00e9 isso, m\u00e3e?\u201d, questiona Agrado, sem entender nada.<\/p>\n<p>\u201cMe perdoa, Agrado&#8230; me perdoa. Eu menti pra voc\u00ea, filha\u201d, admite a m\u00e3e.<\/p>\n<p>Janete, ent\u00e3o, contar\u00e1 o que lhe levou a deixar a cidade e sobre a noite em que acordou ao lado de Jean Carlos (Ricardo Pereira) e foi flagrada por Alaorzinho (Daniel de Oliveira). Agrado, ent\u00e3o, se dar\u00e1 conta de que \u00e9 fruto de uma viol\u00eancia.<\/p>\n<p>\u201cE voc\u00ea disse que n\u00e3o lembra de nada que aconteceu entre voc\u00eas na \u00fanica noite que&#8230; Ent\u00e3o.. Ah, m\u00e3e&#8230; que droga\u201d, reage Agrado.<\/p>\n<p>M\u00e3e e filha cair\u00e3o no choro. Mas, depois, Agrado se revoltar\u00e1 contra a m\u00e3e por ter mentido a vida toda sobre sua hist\u00f3ria.<\/p>\n<p>\u201cVoc\u00ea n\u00e3o tinha direito! Eu n\u00e3o sou um peda\u00e7o de voc\u00ea, sou uma pessoa, voc\u00ea n\u00e3o \u00e9 a dona da minha hist\u00f3ria! Por pior que fosse, eu tinha que saber tudo! N\u00e3o d\u00e1 pra aceitar essa mentirada toda. Eu tenho mais de 20 anos, voc\u00ea teve tempo de sobra pra me contar.\u201d<\/p>\n<p>Janete estar\u00e1 aos prantos, e Agrado dir\u00e1 \u00e0 m\u00e3e que precisa ficar longe por um tempo.<br \/>\n<!--FIM DO POST--><br \/>\n<a href=\"https:\/\/tvnovelas.com.br\/novelas\/resumos-de-coracao-acelerado\/\" target=\"_blank\" rel=\"noopener\">Resumos dos cap\u00edtulos de Cora\u00e7\u00e3o Acelerado<\/a><br \/>\n<strong>Saiba mais:<\/strong><br \/>\n<a href=\"https:\/\/wp.me\/pfspD2-W3\" target=\"_blank\" rel=\"noopener\">Cora\u00e7\u00e3o Acelerado: A trajet\u00f3ria da fam\u00edlia Sampaio Garcia<\/a><br \/>\n<a href=\"https:\/\/pt.wikipedia.org\/wiki\/Cora%C3%A7%C3%A3o_Acelerado\" target=\"_blank\" rel=\"noopener\">Sobre Cora\u00e7\u00e3o Acelerado na Wikipedia<\/a><br \/>\n<div class=\"pt-cv-wrapper\"><h2 class='pt-cv-heading-container heading2' data-blockid='9b88c0b6t2'><span class='pt-cv-heading'> \u00daltimas da novela <\/span><\/h2><div class=\"pt-cv-view pt-cv-grid pt-cv-colsys\" id=\"pt-cv-view-9b88c0b6t2\"><div data-id=\"pt-cv-page-1\" class=\"pt-cv-page\" data-cvc=\"1\"><div class=\"col-md-12 col-sm-12 col-xs-12 pt-cv-content-item pt-cv-1-col\" ><div class='pt-cv-ifield'><h4 class=\"pt-cv-title\"><a href=\"https:\/\/www.tvnovelas.com.br\/tvnews\/dona-de-mim-abel-aparece-e-salva-sofia-do-incendio\/\" class=\"_blank\" target=\"_blank\" >Dona de Mim: Abel \u2018aparece&#8217; e salva Sofia do inc\u00eandio<\/a><\/h4><\/div><\/div>\n<div class=\"col-md-12 col-sm-12 col-xs-12 pt-cv-content-item pt-cv-1-col\" ><div class='pt-cv-ifield'><h4 class=\"pt-cv-title\"><a href=\"https:\/\/www.tvnovelas.com.br\/tvnews\/dona-de-mim-jaques-coloca-fogo-na-boaz\/\" class=\"_blank\" target=\"_blank\" >Dona de Mim: Jaques coloca fogo na Boaz<\/a><\/h4><\/div><\/div>\n<div class=\"col-md-12 col-sm-12 col-xs-12 pt-cv-content-item pt-cv-1-col\" ><div class='pt-cv-ifield'><h4 class=\"pt-cv-title\"><a href=\"https:\/\/www.tvnovelas.com.br\/tvnews\/dona-de-mim-davi-e-barbara-sofrem-grave-acidente\/\" class=\"_blank\" target=\"_blank\" >Dona de Mim: Davi e B\u00e1rbara sofrem grave acidente<\/a><\/h4><\/div><\/div><\/div><\/div><\/div><\/p>\n<div style=\"font-size: 150%;\"><h3>Confira tamb\u00e9m<\/h3>\r\n<a href=\"https:\/\/tvnovelas.com.br\/novelas\/\" rel=\"noopener\" target=\"_blank\"><strong>Todos os resumos de novelas<\/strong><\/a><\/br>\r\n<a href=\"https:\/\/www.tvnovelas.com.br\/tvnews\/\" rel=\"noopener\" target=\"_blank\"><strong>\u00daltimas not\u00edcias das novelas<\/strong><\/a><\/br>\r\n<a href=\"https:\/\/www.tvnovelas.com.br\/filmes\/\" target=\"_blank\" rel=\"noopener noreferrer\"><strong>Programa\u00e7\u00e3o de filmes na TV aberta<\/strong><\/a><\/br>\r\n<a href=\"https:\/\/caetenews.com.br\/semana\/filmes-da-globo-na-sessao-da-tarde-desta-semana\/\" target=\"_blank\" rel=\"noopener\"><strong>Confira os filmes da semana na Sess\u00e3o da Tarde<\/strong><\/a><\/br>\r\n<a href=\"https:\/\/classindportal.mj.gov.br\/consulta-filmes\" target=\"_blank\" rel=\"noopener\"><strong>Consulte a classifica\u00e7\u00e3o indicativa dos filmes e novelas<\/strong><\/a><\/br><\/div>\n","protected":false},"excerpt":{"rendered":"<p>Cora\u00e7\u00e3o Acelerado:  Agrado descobre que \u00e9 fruto de viol\u00eancia&#8230; Agrado (Isadora Cruz) cresceu acreditando que sua fam\u00edlia sempre foi apenas ela e a m\u00e3e&#8230;<\/p>\n","protected":false},"author":1,"featured_media":87457,"comment_status":"closed","ping_status":"closed","sticky":false,"template":"","format":"standard","meta":{"_uf_show_specific_survey":0,"_uf_disable_surveys":false,"_jetpack_memberships_contains_paid_content":false,"footnotes":"","_wp_rev_ctl_limit":""},"categories":[1031],"tags":[1043,5,64],"class_list":["post-87455","post","type-post","status-publish","format-standard","has-post-thumbnail","hentry","category-coracao-acelerado","tag-coracao-acelerado","tag-globo","tag-novelas","wpcat-1031-id"],"aioseo_notices":[],"jetpack_featured_media_url":"https:\/\/i0.wp.com\/www.tvnovelas.com.br\/tvnews\/wp-content\/uploads\/2026\/01\/12809.jpg?fit=728%2C455&ssl=1","jetpack_shortlink":"https:\/\/wp.me\/pdP2BO-mKz","jetpack_sharing_enabled":true,"_links":{"self":[{"href":"https:\/\/www.tvnovelas.com.br\/tvnews\/wp-json\/wp\/v2\/posts\/87455","targetHints":{"allow":["GET"]}}],"collection":[{"href":"https:\/\/www.tvnovelas.com.br\/tvnews\/wp-json\/wp\/v2\/posts"}],"about":[{"href":"https:\/\/www.tvnovelas.com.br\/tvnews\/wp-json\/wp\/v2\/types\/post"}],"author":[{"embeddable":true,"href":"https:\/\/www.tvnovelas.com.br\/tvnews\/wp-json\/wp\/v2\/users\/1"}],"replies":[{"embeddable":true,"href":"https:\/\/www.tvnovelas.com.br\/tvnews\/wp-json\/wp\/v2\/comments?post=87455"}],"version-history":[{"count":2,"href":"https:\/\/www.tvnovelas.com.br\/tvnews\/wp-json\/wp\/v2\/posts\/87455\/revisions"}],"predecessor-version":[{"id":87459,"href":"https:\/\/www.tvnovelas.com.br\/tvnews\/wp-json\/wp\/v2\/posts\/87455\/revisions\/87459"}],"wp:featuredmedia":[{"embeddable":true,"href":"https:\/\/www.tvnovelas.com.br\/tvnews\/wp-json\/wp\/v2\/media\/87457"}],"wp:attachment":[{"href":"https:\/\/www.tvnovelas.com.br\/tvnews\/wp-json\/wp\/v2\/media?parent=87455"}],"wp:term":[{"taxonomy":"category","embeddable":true,"href":"https:\/\/www.tvnovelas.com.br\/tvnews\/wp-json\/wp\/v2\/categories?post=87455"},{"taxonomy":"post_tag","embeddable":true,"href":"https:\/\/www.tvnovelas.com.br\/tvnews\/wp-json\/wp\/v2\/tags?post=87455"}],"curies":[{"name":"wp","href":"https:\/\/api.w.org\/{rel}","templated":true}]}}