{"id":87469,"date":"2026-01-27T10:44:25","date_gmt":"2026-01-27T13:44:25","guid":{"rendered":"https:\/\/www.tvnovelas.com.br\/tvnews\/?p=87469"},"modified":"2026-01-27T10:44:25","modified_gmt":"2026-01-27T13:44:25","slug":"mae-zeynep-faz-denuncia-na-vara-da-infancia-apos-agressao-de-cengiz","status":"publish","type":"post","link":"https:\/\/www.tvnovelas.com.br\/tvnews\/mae-zeynep-faz-denuncia-na-vara-da-infancia-apos-agressao-de-cengiz\/","title":{"rendered":"M\u00e3e: Zeynep faz denuncia na Vara da Inf\u00e2ncia, ap\u00f3s agress\u00e3o de Cengiz"},"content":{"rendered":"<figure id=\"attachment_87470\" aria-describedby=\"caption-attachment-87470\" style=\"width: 728px\" class=\"wp-caption alignnone\"><img data-recalc-dims=\"1\" decoding=\"async\" src=\"https:\/\/i0.wp.com\/www.tvnovelas.com.br\/tvnews\/wp-content\/uploads\/2026\/01\/12803-1.jpg?resize=728%2C410&#038;ssl=1\" alt=\"Foto em M\u00e3e: Zeynep faz denuncia na Vara da Inf\u00e2ncia\" width=\"728\" height=\"410\" class=\"size-full wp-image-87470\" srcset=\"https:\/\/i0.wp.com\/www.tvnovelas.com.br\/tvnews\/wp-content\/uploads\/2026\/01\/12803-1.jpg?w=728&amp;ssl=1 728w, https:\/\/i0.wp.com\/www.tvnovelas.com.br\/tvnews\/wp-content\/uploads\/2026\/01\/12803-1.jpg?resize=250%2C141&amp;ssl=1 250w\" sizes=\"(max-width: 728px) 100vw, 728px\" \/><figcaption id=\"caption-attachment-87470\" class=\"wp-caption-text\">M\u00e3e: Zeynep faz denuncia na Vara da Inf\u00e2ncia, ap\u00f3s agress\u00e3o de Cengiz<\/figcaption><\/figure>\n<p>No cap\u00edtulo de M\u00e3e, desta ter\u00e7a, dia 27, Sule convida Zeynep para v\u00ea-la cantar no restaurante, onde conseguiu ser recontratada, agora como cantora. Cengiz chega ao local e agride Sule na frente de todos. Zeynep e Sinan seguram o malandro.<\/p>\n<p>Indignada, Zeynep decide fazer uma den\u00fancia na vara da inf\u00e2ncia. Integrantes da rede de prote\u00e7\u00e3o \u00e0 crian\u00e7as fazem uma visita \u00e0 casa de Sule, mas ela diz que n\u00e3o deixar\u00e1 os filhos no abrigo.<\/p>\n<p>Melek se desespera com a possibilidade de ficar longe do irm\u00e3o e vai at\u00e9 a casa de Gonul. Quando v\u00ea Zeynep ali, a menina se revolta e culpa a m\u00e3e adotiva.<\/p>\n<p>Confira o resumo do cap\u00edtulo:<\/p>\n<h2 style=\"color: #6e026f;\">Resumo de ter\u00e7a-feira, 27 de janeiro<\/h2>\n<p>Zeynep tenta quebrar a resist\u00eancia de Melek, mas a menina ainda fica distante. Sule pede que o dono do restaurante a deixe trabalhar de novo no local como cantora. Zeynep recebe uma boa not\u00edcia do m\u00e9dico e comemora com Sinan. Cengiz fica irado ao saber que a m\u00e3e n\u00e3o emprestou dinheiro para Sule, como a mulher havia falado. Sule convida Zeynep para v\u00ea-la cantar. Cengiz chega ao local e agride Sule na frente de todos. Zeynep e Sinan seguram o malandro. Indignada, a fot\u00f3grafa decide fazer uma den\u00fancia na vara da inf\u00e2ncia. Sule enfrenta Cengiz quando ele a amea\u00e7a, e conta que foi violentada por Nekme. Fora de si, Cengiz acredita que Hasan seja filho de Nekme. Integrantes da rede de prote\u00e7\u00e3o \u00e0 crian\u00e7as fazem uma visita \u00e0 casa de Sule, mas ela diz que n\u00e3o deixar\u00e1 os filhos no abrigo. Melek se desespera com a possibilidade de ficar longe do irm\u00e3o e vai at\u00e9 a casa de Gonul. Quando v\u00ea Zeynep ali, a menina se revolta e culpa a m\u00e3e adotiva.<\/p>\n<h2>Saiba mais<\/h2>\n<p><a href=\"https:\/\/tvnovelas.com.br\/novelas\/resumos-de-novela-mae\/\" target=\"_blank\" rel=\"noopener\">Resumos dos cap\u00edtulos da semana&lt;c\/a&gt;<br \/>\n<\/a><a href=\"https:\/\/wp.me\/pfspD2-VN\" target=\"_blank\" rel=\"noopener\">M\u00e3e: Resgatando uma crian\u00e7a da viol\u00eancia<\/a><a href=\"https:\/\/tvnovelas.com.br\/novelas\/resumos-de-novela-mae\/\" target=\"_blank\" rel=\"noopener\"><br \/>\n<div class=\"pt-cv-wrapper\"><h2 class='pt-cv-heading-container heading2' data-blockid='759454f593'><span class='pt-cv-heading'> \u00daltimas da Novela <\/span><\/h2><div class=\"pt-cv-view pt-cv-grid pt-cv-colsys\" id=\"pt-cv-view-759454f593\"><div data-id=\"pt-cv-page-1\" class=\"pt-cv-page\" data-cvc=\"1\"><div class=\"col-md-12 col-sm-12 col-xs-12 pt-cv-content-item pt-cv-1-col\" ><div class='pt-cv-ifield'><h4 class=\"pt-cv-title\"><a href=\"https:\/\/www.tvnovelas.com.br\/tvnews\/mae-o-destino-final-de-melek-e-zeynep\/\" class=\"_self\" target=\"_self\" >M\u00e3e: O destino final de Melek e Zeynep<\/a><\/h4><\/div><\/div>\n<div class=\"col-md-12 col-sm-12 col-xs-12 pt-cv-content-item pt-cv-1-col\" ><div class='pt-cv-ifield'><h4 class=\"pt-cv-title\"><a href=\"https:\/\/www.tvnovelas.com.br\/tvnews\/mae-zeynep-enfrenta-cengiz\/\" class=\"_self\" target=\"_self\" >M\u00e3e: Zeynep enfrenta Cengiz<\/a><\/h4><\/div><\/div>\n<div class=\"col-md-12 col-sm-12 col-xs-12 pt-cv-content-item pt-cv-1-col\" ><div class='pt-cv-ifield'><h4 class=\"pt-cv-title\"><a href=\"https:\/\/www.tvnovelas.com.br\/tvnews\/mae-cengiz-e-preso-sob-a-acusacao-de-assassinato\/\" class=\"_self\" target=\"_self\" >M\u00e3e: Cengiz \u00e9 preso sob a acusa\u00e7\u00e3o de assassinato<\/a><\/h4><\/div><\/div>\n<div class=\"col-md-12 col-sm-12 col-xs-12 pt-cv-content-item pt-cv-1-col\" ><div class='pt-cv-ifield'><h4 class=\"pt-cv-title\"><a href=\"https:\/\/www.tvnovelas.com.br\/tvnews\/mae-cengiz-assina-documento-renunciando-a-guarda-dos-filhos\/\" class=\"_self\" target=\"_self\" >M\u00e3e: Cengiz assina documento renunciando \u00e0 guarda dos filhos<\/a><\/h4><\/div><\/div>\n<div class=\"col-md-12 col-sm-12 col-xs-12 pt-cv-content-item pt-cv-1-col\" ><div class='pt-cv-ifield'><h4 class=\"pt-cv-title\"><a href=\"https:\/\/www.tvnovelas.com.br\/tvnews\/mae-cengiz-pode-estar-com-os-dias-contados\/\" class=\"_self\" target=\"_self\" >M\u00e3e: Cengiz pode estar com os dias contados<\/a><\/h4><\/div><\/div><\/div><\/div><\/div><\/a><\/p>\n<div style=\"font-size: 120%;\"><h3>Confira tamb\u00e9m<\/h3>\r\n<a href=\"https:\/\/tvnovelas.com.br\/novelas\/\" rel=\"noopener\" target=\"_blank\"><strong>Todos os resumos de novelas<\/strong><\/a><\/br>\r\n<a href=\"https:\/\/www.tvnovelas.com.br\/tvnews\/\" rel=\"noopener\" target=\"_blank\"><strong>\u00daltimas not\u00edcias das novelas<\/strong><\/a><\/br>\r\n<a href=\"https:\/\/www.tvnovelas.com.br\/filmes\/\" target=\"_blank\" rel=\"noopener noreferrer\"><strong>Programa\u00e7\u00e3o de filmes na TV aberta<\/strong><\/a><\/br>\r\n<a href=\"https:\/\/caetenews.com.br\/semana\/filmes-da-globo-na-sessao-da-tarde-desta-semana\/\" target=\"_blank\" rel=\"noopener\"><strong>Confira os filmes da semana na Sess\u00e3o da Tarde<\/strong><\/a><\/br>\r\n<a href=\"https:\/\/classindportal.mj.gov.br\/consulta-filmes\" target=\"_blank\" rel=\"noopener\"><strong>Consulte a classifica\u00e7\u00e3o indicativa dos filmes e novelas<\/strong><\/a><\/br><\/div>\n","protected":false},"excerpt":{"rendered":"<p>M\u00e3e: Zeynep faz denuncia na Vara da Inf\u00e2ncia&#8230; No cap\u00edtulo de M\u00e3e, desta ter\u00e7a, dia 27, Sule convida Zeynep para v\u00ea-la cantar no restaurante,&#8230;<\/p>\n","protected":false},"author":1,"featured_media":87470,"comment_status":"closed","ping_status":"closed","sticky":false,"template":"","format":"standard","meta":{"_uf_show_specific_survey":0,"_uf_disable_surveys":false,"_jetpack_memberships_contains_paid_content":false,"footnotes":"","_wp_rev_ctl_limit":""},"categories":[1012],"tags":[1013,64,14],"class_list":["post-87469","post","type-post","status-publish","format-standard","has-post-thumbnail","hentry","category-mae","tag-mae","tag-novelas","tag-record","wpcat-1012-id"],"aioseo_notices":[],"jetpack_featured_media_url":"https:\/\/i0.wp.com\/www.tvnovelas.com.br\/tvnews\/wp-content\/uploads\/2026\/01\/12803-1.jpg?fit=728%2C410&ssl=1","jetpack_shortlink":"https:\/\/wp.me\/pdP2BO-mKN","jetpack_sharing_enabled":true,"_links":{"self":[{"href":"https:\/\/www.tvnovelas.com.br\/tvnews\/wp-json\/wp\/v2\/posts\/87469","targetHints":{"allow":["GET"]}}],"collection":[{"href":"https:\/\/www.tvnovelas.com.br\/tvnews\/wp-json\/wp\/v2\/posts"}],"about":[{"href":"https:\/\/www.tvnovelas.com.br\/tvnews\/wp-json\/wp\/v2\/types\/post"}],"author":[{"embeddable":true,"href":"https:\/\/www.tvnovelas.com.br\/tvnews\/wp-json\/wp\/v2\/users\/1"}],"replies":[{"embeddable":true,"href":"https:\/\/www.tvnovelas.com.br\/tvnews\/wp-json\/wp\/v2\/comments?post=87469"}],"version-history":[{"count":2,"href":"https:\/\/www.tvnovelas.com.br\/tvnews\/wp-json\/wp\/v2\/posts\/87469\/revisions"}],"predecessor-version":[{"id":87472,"href":"https:\/\/www.tvnovelas.com.br\/tvnews\/wp-json\/wp\/v2\/posts\/87469\/revisions\/87472"}],"wp:featuredmedia":[{"embeddable":true,"href":"https:\/\/www.tvnovelas.com.br\/tvnews\/wp-json\/wp\/v2\/media\/87470"}],"wp:attachment":[{"href":"https:\/\/www.tvnovelas.com.br\/tvnews\/wp-json\/wp\/v2\/media?parent=87469"}],"wp:term":[{"taxonomy":"category","embeddable":true,"href":"https:\/\/www.tvnovelas.com.br\/tvnews\/wp-json\/wp\/v2\/categories?post=87469"},{"taxonomy":"post_tag","embeddable":true,"href":"https:\/\/www.tvnovelas.com.br\/tvnews\/wp-json\/wp\/v2\/tags?post=87469"}],"curies":[{"name":"wp","href":"https:\/\/api.w.org\/{rel}","templated":true}]}}