{"id":87479,"date":"2026-01-27T12:38:49","date_gmt":"2026-01-27T15:38:49","guid":{"rendered":"https:\/\/www.tvnovelas.com.br\/tvnews\/?p=87479"},"modified":"2026-01-27T12:38:49","modified_gmt":"2026-01-27T15:38:49","slug":"presente-de-amor-a-psicologa-diz-que-valentina-se-desapegou-da-mae","status":"publish","type":"post","link":"https:\/\/www.tvnovelas.com.br\/tvnews\/presente-de-amor-a-psicologa-diz-que-valentina-se-desapegou-da-mae\/","title":{"rendered":"Presente de Amor: A psic\u00f3loga diz que Valentina se desapegou da m\u00e3e"},"content":{"rendered":"<figure id=\"attachment_87480\" aria-describedby=\"caption-attachment-87480\" style=\"width: 728px\" class=\"wp-caption alignnone\"><img data-recalc-dims=\"1\" decoding=\"async\" class=\"wp-image-87480 size-full\" title=\"(Foto: SBT\/Televisa\/Presente de Amor)\" src=\"https:\/\/i0.wp.com\/www.tvnovelas.com.br\/tvnews\/wp-content\/uploads\/2026\/01\/12812.jpg?resize=728%2C410&#038;ssl=1\" alt=\"Foto em Presente de Amor: A psic\u00f3loga diz que Valentina se desapegou da m\u00e3e\" width=\"728\" height=\"410\" srcset=\"https:\/\/i0.wp.com\/www.tvnovelas.com.br\/tvnews\/wp-content\/uploads\/2026\/01\/12812.jpg?w=728&amp;ssl=1 728w, https:\/\/i0.wp.com\/www.tvnovelas.com.br\/tvnews\/wp-content\/uploads\/2026\/01\/12812.jpg?resize=250%2C141&amp;ssl=1 250w\" sizes=\"(max-width: 728px) 100vw, 728px\" \/><figcaption id=\"caption-attachment-87480\" class=\"wp-caption-text\">Presente de Amor: A psic\u00f3loga diz que Valentina se desapegou da m\u00e3e<\/figcaption><\/figure>\n<p>No cap\u00edtulo de Presente de Amor desta ter\u00e7a, dia 27, Petra continua negando diante de Eug\u00eanio que Valentina seja sua filha e diz que n\u00e3o \u00e9 um monstro para abandon\u00e1-la.<\/p>\n<p>A psic\u00f3loga diz a Isabella que Valentina n\u00e3o sente nenhum apego por sua m\u00e3e biol\u00f3gica, e chega at\u00e9 a supor que ela sofreu maus-tratos.<\/p>\n<p><em> Confira o resumo do cap\u00edtulo de hoje:<\/em><\/p>\n<h2 style=\"color: #6e026f;\">Resumo de ter\u00e7a-feira, 27 de janeiro<\/h2>\n<p>Am\u00e9lia diz a Petra que se preocupa com a menina dela, que ela deveria estar com ela, que tem certeza de que sua m\u00e3e a aceitar\u00e1. Petra responde que isso \u00e9 o de menos, j\u00e1 que ela n\u00e3o a quer e tampouco queria t\u00ea-la, que ela \u00e9 igual \u00e0 sua m\u00e3e. Am\u00e9lia pergunta se o pai tamb\u00e9m n\u00e3o a quer. Petra responde que o pai da menina est\u00e1 morto. Petra continua negando diante de Eug\u00eanio que Valentina seja sua filha e diz que n\u00e3o \u00e9 um monstro para abandon\u00e1-la. Petra diz a \u00darsula que se arrume e v\u00e1 \u00e0 sua casa, porque sua m\u00e3e convidou Isabella e Miranda para jantar, para falar sobre o evento de fim de ano da empresa, e que Eug\u00eanio estar\u00e1 l\u00e1. Petra diz a Lauro que est\u00e1 muito contente porque vai trabalhar em sua empresa. Petra diz a \u00darsula que ela precisa lhe atribuir o cargo que era de Maur\u00edcio. \u00darsula responde que j\u00e1 est\u00e1 preparando seu curr\u00edculo e diz a Lauro que n\u00e3o mova um \u00fanico papel sem consultar com ela. A psic\u00f3loga diz a Isabella que Valentina n\u00e3o sente nenhum apego por sua m\u00e3e biol\u00f3gica, e chega at\u00e9 a supor que ela sofreu maus-tratos. Emma diz a Tania que Isabella est\u00e1 procurando uma bab\u00e1 e, al\u00e9m disso, Valentina \u00e9 lind\u00edssima, ent\u00e3o lhe ocorre que ela poderia ser. Tania diz \u00e0 sua av\u00f3 que, se ela permitir, assim ganhar\u00e1 um dinheirinho. Sabina responde que, por ela, n\u00e3o h\u00e1 nenhum problema. \u00darsula diz a Fausta que est\u00e1 ciente de que a empresa de Isabella est\u00e1 em seu pior momento. Fausta responde que os boatos a incomodam e, al\u00e9m disso, adora as propostas de Isabella, que ela \u00e9 muito inteligente e que gosta dela para Eug\u00eanio. \u00darsula se irrita, mas disfar\u00e7a. Am\u00e9lia diz a Fausta que, se ela n\u00e3o confia em Petra, por que lhe deu um cart\u00e3o de cr\u00e9dito. Fausta responde que \u00e9 porque essa \u00e9 a \u00fanica maneira de Eug\u00eanio perceber como \u00e9 sua irm\u00e3, e que ela n\u00e3o vai demorar a coloc\u00e1-lo em problemas. Eug\u00eanio diz a Isabella que ela est\u00e1 muito bonita e que, desde que a conheceu, sente muita felicidade ao v\u00ea-la.<br \/>\n<div class=\"pt-cv-wrapper\"><h2 class='pt-cv-heading-container heading2' data-blockid='ab488fdp2g'><span class='pt-cv-heading'> \u00daltimas da Novela <\/span><\/h2><div class=\"pt-cv-view pt-cv-grid pt-cv-colsys\" id=\"pt-cv-view-ab488fdp2g\"><div data-id=\"pt-cv-page-1\" class=\"pt-cv-page\" data-cvc=\"1\"><div class=\"col-md-12 col-sm-12 col-xs-12 pt-cv-content-item pt-cv-1-col\" ><div class='pt-cv-ifield'><h4 class=\"pt-cv-title\"><a href=\"https:\/\/www.tvnovelas.com.br\/tvnews\/a-mar-estrela-reune-moradores-para-barrar-maquinario-de-sergio\/\" class=\"_self\" target=\"_self\" >A.Mar: Estrela re\u00fane moradores para barrar m\u00e1quin\u00e1rio de S\u00e9rgio<\/a><\/h4><\/div><\/div>\n<div class=\"col-md-12 col-sm-12 col-xs-12 pt-cv-content-item pt-cv-1-col\" ><div class='pt-cv-ifield'><h4 class=\"pt-cv-title\"><a href=\"https:\/\/www.tvnovelas.com.br\/tvnews\/a-mar-erika-inocenta-fabian-e-ulises\/\" class=\"_self\" target=\"_self\" >A.Mar: \u00c9rika inocenta Fabian e Ulises<\/a><\/h4><\/div><\/div>\n<div class=\"col-md-12 col-sm-12 col-xs-12 pt-cv-content-item pt-cv-1-col\" ><div class='pt-cv-ifield'><h4 class=\"pt-cv-title\"><a href=\"https:\/\/www.tvnovelas.com.br\/tvnews\/a-mar-erika-confessa-a-fabian-que-mentiu-sobre-gravidez\/\" class=\"_self\" target=\"_self\" >A.Mar: \u00c9rika confessa a Fabian que mentiu sobre gravidez<\/a><\/h4><\/div><\/div><\/div><\/div><\/div><\/p>\n<div style=\"font-size: 120%;\"><h3>Confira tamb\u00e9m<\/h3>\r\n<a href=\"https:\/\/tvnovelas.com.br\/novelas\/\" rel=\"noopener\" target=\"_blank\"><strong>Todos os resumos de novelas<\/strong><\/a><\/br>\r\n<a href=\"https:\/\/www.tvnovelas.com.br\/tvnews\/\" rel=\"noopener\" target=\"_blank\"><strong>\u00daltimas not\u00edcias das novelas<\/strong><\/a><\/br>\r\n<a href=\"https:\/\/www.tvnovelas.com.br\/filmes\/\" target=\"_blank\" rel=\"noopener noreferrer\"><strong>Programa\u00e7\u00e3o de filmes na TV aberta<\/strong><\/a><\/br>\r\n<a href=\"https:\/\/caetenews.com.br\/semana\/filmes-da-globo-na-sessao-da-tarde-desta-semana\/\" target=\"_blank\" rel=\"noopener\"><strong>Confira os filmes da semana na Sess\u00e3o da Tarde<\/strong><\/a><\/br>\r\n<a href=\"https:\/\/classindportal.mj.gov.br\/consulta-filmes\" target=\"_blank\" rel=\"noopener\"><strong>Consulte a classifica\u00e7\u00e3o indicativa dos filmes e novelas<\/strong><\/a><\/br><\/div>\n<p><a href=\"https:\/\/tvnovelas.com.br\/page2\/arquivo\/a-mar-conflitos-tragedia-e-drama-na-historia-de-estrela\/\" target=\"_blank\" rel=\"noopener\">A.Mar: Conhe\u00e7a a hist\u00f3ria da novela<\/a><\/p>\n","protected":false},"excerpt":{"rendered":"<p>Presente de Amor: A psic\u00f3loga diz que Valentina se desapegou da m\u00e3e&#8230; No cap\u00edtulo de Presente de Amor desta ter\u00e7a, dia 27, Petra continua negando&#8230;<\/p>\n","protected":false},"author":1,"featured_media":87480,"comment_status":"closed","ping_status":"closed","sticky":false,"template":"","format":"standard","meta":{"_uf_show_specific_survey":0,"_uf_disable_surveys":false,"_jetpack_memberships_contains_paid_content":false,"footnotes":"","_wp_rev_ctl_limit":""},"categories":[1044],"tags":[64,1045,13],"class_list":["post-87479","post","type-post","status-publish","format-standard","has-post-thumbnail","hentry","category-presente-de-amor","tag-novelas","tag-presente-de-amor","tag-sbt","wpcat-1044-id"],"aioseo_notices":[],"jetpack_featured_media_url":"https:\/\/i0.wp.com\/www.tvnovelas.com.br\/tvnews\/wp-content\/uploads\/2026\/01\/12812.jpg?fit=728%2C410&ssl=1","jetpack_shortlink":"https:\/\/wp.me\/pdP2BO-mKX","jetpack_sharing_enabled":true,"_links":{"self":[{"href":"https:\/\/www.tvnovelas.com.br\/tvnews\/wp-json\/wp\/v2\/posts\/87479","targetHints":{"allow":["GET"]}}],"collection":[{"href":"https:\/\/www.tvnovelas.com.br\/tvnews\/wp-json\/wp\/v2\/posts"}],"about":[{"href":"https:\/\/www.tvnovelas.com.br\/tvnews\/wp-json\/wp\/v2\/types\/post"}],"author":[{"embeddable":true,"href":"https:\/\/www.tvnovelas.com.br\/tvnews\/wp-json\/wp\/v2\/users\/1"}],"replies":[{"embeddable":true,"href":"https:\/\/www.tvnovelas.com.br\/tvnews\/wp-json\/wp\/v2\/comments?post=87479"}],"version-history":[{"count":2,"href":"https:\/\/www.tvnovelas.com.br\/tvnews\/wp-json\/wp\/v2\/posts\/87479\/revisions"}],"predecessor-version":[{"id":87482,"href":"https:\/\/www.tvnovelas.com.br\/tvnews\/wp-json\/wp\/v2\/posts\/87479\/revisions\/87482"}],"wp:featuredmedia":[{"embeddable":true,"href":"https:\/\/www.tvnovelas.com.br\/tvnews\/wp-json\/wp\/v2\/media\/87480"}],"wp:attachment":[{"href":"https:\/\/www.tvnovelas.com.br\/tvnews\/wp-json\/wp\/v2\/media?parent=87479"}],"wp:term":[{"taxonomy":"category","embeddable":true,"href":"https:\/\/www.tvnovelas.com.br\/tvnews\/wp-json\/wp\/v2\/categories?post=87479"},{"taxonomy":"post_tag","embeddable":true,"href":"https:\/\/www.tvnovelas.com.br\/tvnews\/wp-json\/wp\/v2\/tags?post=87479"}],"curies":[{"name":"wp","href":"https:\/\/api.w.org\/{rel}","templated":true}]}}