{"id":87492,"date":"2026-01-27T16:36:58","date_gmt":"2026-01-27T19:36:58","guid":{"rendered":"https:\/\/www.tvnovelas.com.br\/tvnews\/?p=87492"},"modified":"2026-01-27T16:36:58","modified_gmt":"2026-01-27T19:36:58","slug":"coracao-de-mae-e-o-nome-da-substituta-de-mae-na-record","status":"publish","type":"post","link":"https:\/\/www.tvnovelas.com.br\/tvnews\/coracao-de-mae-e-o-nome-da-substituta-de-mae-na-record\/","title":{"rendered":"&#8216;Cora\u00e7\u00e3o de M\u00e3e&#8217; \u00e9 o nome da substituta de M\u00e3e na Record"},"content":{"rendered":"<p><figure id=\"attachment_87493\" aria-describedby=\"caption-attachment-87493\" style=\"width: 728px\" class=\"wp-caption alignnone\"><img data-recalc-dims=\"1\" decoding=\"async\" src=\"https:\/\/i0.wp.com\/www.tvnovelas.com.br\/tvnews\/wp-content\/uploads\/2026\/01\/1282.jpg?resize=728%2C410&#038;ssl=1\" alt=\"Foto em &#039;Cora\u00e7\u00e3o de M\u00e3e&#039; \u00e9 o nome da substituta de M\u00e3e na Record\" width=\"728\" height=\"410\" class=\"size-full wp-image-87493\" srcset=\"https:\/\/i0.wp.com\/www.tvnovelas.com.br\/tvnews\/wp-content\/uploads\/2026\/01\/1282.jpg?w=728&amp;ssl=1 728w, https:\/\/i0.wp.com\/www.tvnovelas.com.br\/tvnews\/wp-content\/uploads\/2026\/01\/1282.jpg?resize=250%2C141&amp;ssl=1 250w\" sizes=\"(max-width: 728px) 100vw, 728px\" \/><figcaption id=\"caption-attachment-87493\" class=\"wp-caption-text\">&#8216;Cora\u00e7\u00e3o de M\u00e3e&#8217; \u00e9 o nome da substituta de M\u00e3e na Record<\/figcaption><\/figure><br \/>\nCora\u00e7\u00e3o de M\u00e3e \u00e9 o nome dado, no Brasil, \u00e0 novela turca &#8220;I Am Mother&#8221; que ser\u00e1 exibida pela Record, em substitui\u00e7\u00e3o a M\u00e3e. O t\u00edtulo original da obra \u00e9 &#8216;Sand\u0131k Kokusu&#8217;.<\/p>\n<p>A novela \u00e9 estrelada por \u00d6zge \u00d6zpirin\u00e7ci, a atriz que interpretou Bahar em For\u00e7a de Mulher, e agora vive a jornada de Karsu, uma mulher que precisa lidar com as marcas de um relacionamento t\u00f3xico e a dor insuport\u00e1vel de ter o filho desaparecido. <\/p>\n<p>O destino, por\u00e9m, reserva um encontro inesperado anos depois, dando in\u00edcio a uma batalha emocionante para reconquistar o amor de uma crian\u00e7a que j\u00e1 n\u00e3o a reconhece mais.<br \/>\n<!--FIM--><\/p>\n<div style=\"font-size: 120%;\"><h3>Confira tamb\u00e9m<\/h3>\r\n<a href=\"https:\/\/tvnovelas.com.br\/novelas\/\" rel=\"noopener\" target=\"_blank\"><strong>Todos os resumos de novelas<\/strong><\/a><\/br>\r\n<a href=\"https:\/\/www.tvnovelas.com.br\/tvnews\/\" rel=\"noopener\" target=\"_blank\"><strong>\u00daltimas not\u00edcias das novelas<\/strong><\/a><\/br>\r\n<a href=\"https:\/\/www.tvnovelas.com.br\/filmes\/\" target=\"_blank\" rel=\"noopener noreferrer\"><strong>Programa\u00e7\u00e3o de filmes na TV aberta<\/strong><\/a><\/br>\r\n<a href=\"https:\/\/caetenews.com.br\/semana\/filmes-da-globo-na-sessao-da-tarde-desta-semana\/\" target=\"_blank\" rel=\"noopener\"><strong>Confira os filmes da semana na Sess\u00e3o da Tarde<\/strong><\/a><\/br>\r\n<a href=\"https:\/\/classindportal.mj.gov.br\/consulta-filmes\" target=\"_blank\" rel=\"noopener\"><strong>Consulte a classifica\u00e7\u00e3o indicativa dos filmes e novelas<\/strong><\/a><\/br><\/div>\n","protected":false},"excerpt":{"rendered":"<p>&#8216;Cora\u00e7\u00e3o de M\u00e3e&#8217; \u00e9 o nome da substituta de M\u00e3e na Record&#8230; Cora\u00e7\u00e3o de M\u00e3e \u00e9 o nome dado, no Brasil, \u00e0 novela turca &#8220;I Am Mother&#8221; que ser\u00e1 exibida&#8230;<\/p>\n","protected":false},"author":1,"featured_media":87493,"comment_status":"closed","ping_status":"closed","sticky":false,"template":"","format":"standard","meta":{"_uf_show_specific_survey":0,"_uf_disable_surveys":false,"_jetpack_memberships_contains_paid_content":false,"footnotes":"","_wp_rev_ctl_limit":""},"categories":[1049],"tags":[1048,64,14],"class_list":["post-87492","post","type-post","status-publish","format-standard","has-post-thumbnail","hentry","category-coracao-de-mae","tag-coracao-de-mae","tag-novelas","tag-record","wpcat-1049-id"],"aioseo_notices":[],"jetpack_featured_media_url":"https:\/\/i0.wp.com\/www.tvnovelas.com.br\/tvnews\/wp-content\/uploads\/2026\/01\/1282.jpg?fit=728%2C410&ssl=1","jetpack_shortlink":"https:\/\/wp.me\/pdP2BO-mLa","jetpack_sharing_enabled":true,"_links":{"self":[{"href":"https:\/\/www.tvnovelas.com.br\/tvnews\/wp-json\/wp\/v2\/posts\/87492","targetHints":{"allow":["GET"]}}],"collection":[{"href":"https:\/\/www.tvnovelas.com.br\/tvnews\/wp-json\/wp\/v2\/posts"}],"about":[{"href":"https:\/\/www.tvnovelas.com.br\/tvnews\/wp-json\/wp\/v2\/types\/post"}],"author":[{"embeddable":true,"href":"https:\/\/www.tvnovelas.com.br\/tvnews\/wp-json\/wp\/v2\/users\/1"}],"replies":[{"embeddable":true,"href":"https:\/\/www.tvnovelas.com.br\/tvnews\/wp-json\/wp\/v2\/comments?post=87492"}],"version-history":[{"count":2,"href":"https:\/\/www.tvnovelas.com.br\/tvnews\/wp-json\/wp\/v2\/posts\/87492\/revisions"}],"predecessor-version":[{"id":87495,"href":"https:\/\/www.tvnovelas.com.br\/tvnews\/wp-json\/wp\/v2\/posts\/87492\/revisions\/87495"}],"wp:featuredmedia":[{"embeddable":true,"href":"https:\/\/www.tvnovelas.com.br\/tvnews\/wp-json\/wp\/v2\/media\/87493"}],"wp:attachment":[{"href":"https:\/\/www.tvnovelas.com.br\/tvnews\/wp-json\/wp\/v2\/media?parent=87492"}],"wp:term":[{"taxonomy":"category","embeddable":true,"href":"https:\/\/www.tvnovelas.com.br\/tvnews\/wp-json\/wp\/v2\/categories?post=87492"},{"taxonomy":"post_tag","embeddable":true,"href":"https:\/\/www.tvnovelas.com.br\/tvnews\/wp-json\/wp\/v2\/tags?post=87492"}],"curies":[{"name":"wp","href":"https:\/\/api.w.org\/{rel}","templated":true}]}}