{"id":87508,"date":"2026-01-27T18:51:05","date_gmt":"2026-01-27T21:51:05","guid":{"rendered":"https:\/\/www.tvnovelas.com.br\/tvnews\/?p=87508"},"modified":"2026-01-27T18:51:05","modified_gmt":"2026-01-27T21:51:05","slug":"chamas-do-destino-iskender-e-esfaqueado-e-tomris-arma-plano-para-salvar-ali","status":"publish","type":"post","link":"https:\/\/www.tvnovelas.com.br\/tvnews\/chamas-do-destino-iskender-e-esfaqueado-e-tomris-arma-plano-para-salvar-ali\/","title":{"rendered":"Chamas do Destino: Iskender \u00e9 esfaqueado e Tomris arma plano para salvar Ali"},"content":{"rendered":"<figure id=\"attachment_87510\" aria-describedby=\"caption-attachment-87510\" style=\"width: 727px\" class=\"wp-caption alignnone\"><img data-recalc-dims=\"1\" decoding=\"async\" class=\"wp-image-87510 size-full\" title=\"(Foto: Record\/Chamas do Destino)\" src=\"https:\/\/i0.wp.com\/www.tvnovelas.com.br\/tvnews\/wp-content\/uploads\/2026\/01\/12678-1.jpg?resize=727%2C410&#038;ssl=1\" alt=\"Foto em Chamas do Destino: Iskender \u00e9 esfaqueado e Tomris arma plano para salvar Ali\" width=\"727\" height=\"410\" srcset=\"https:\/\/i0.wp.com\/www.tvnovelas.com.br\/tvnews\/wp-content\/uploads\/2026\/01\/12678-1.jpg?w=727&amp;ssl=1 727w, https:\/\/i0.wp.com\/www.tvnovelas.com.br\/tvnews\/wp-content\/uploads\/2026\/01\/12678-1.jpg?resize=250%2C141&amp;ssl=1 250w\" sizes=\"(max-width: 727px) 100vw, 727px\" \/><figcaption id=\"caption-attachment-87510\" class=\"wp-caption-text\">Chamas do Destino: Iskender \u00e9 esfaqueado e Tomris arma plano para salvar Ali<\/figcaption><\/figure>\n<p>No cap\u00edtulo de Chamas do Destino desta ter\u00e7a, dia 27, o momento rom\u00e2ntico de Cemre e Ruya, que finalmente encontraram um respiro ao lado de Ozan e Omer, dura pouco. A paz \u00e9 quebrada pela not\u00edcia de que Iskender foi esfaqueado e luta pela vida em estado grave.<\/p>\n<p>No hospital, a tens\u00e3o escala quando a Dra. Tomris assume o comando da cirurgia e, ao deixar o centro cir\u00fargico, precisa encarar a f\u00faria de Celebi, que exige respostas imediatas sobre o autor do crime. Enquanto Cemre tenta equilibrar o sentimento por Ozan com a necessidade de se afastar para proteg\u00ea-lo, a saudade da filha transborda em cartas escritas no sil\u00eancio da noite.<\/p>\n<p>Por outro lado, as pe\u00e7as dessa perigosa trama se movem de forma perigosa. &#8220;Simal&#8221; convoca Ruya para levar Ali ao seu encontro, mas Tomris enxerga no crime cometido pelo rapaz a oportunidade perfeita para amarrar de vez seu pacto com Cicek.<\/p>\n<p>A m\u00e9dica n\u00e3o hesita em manipular as evid\u00eancias no local do atentado contra Iskender para garantir que a culpa recaia sobre outra pessoa. O alvo escolhido \u00e9 Bullet que, ao chegar embriagado e invadir o quarto de Cicek, acaba se tornando alvo de Tomris para proteger seus pr\u00f3prios interesses e manter o segredo sobre a identidade de Cicek.<\/p>\n<p>Paralelamente, o cerco aperta para Seher, que se v\u00ea desesperada ao receber oficiais de justi\u00e7a com cobran\u00e7as de d\u00edvidas inesperadas. Sem sa\u00edda, ela busca o aux\u00edlio de Ozan, mas o mist\u00e9rio sobre suas finan\u00e7as permanece no ar, j\u00e1 que ela evita dar explica\u00e7\u00f5es diretas ao jornalista. Entre d\u00edvidas ocultas e pris\u00f5es injustas, o cap\u00edtulo de hoje promete redefinir as alian\u00e7as e os perigos que rondam as protagonistas.<br \/>\n<!--FIM DO POST--><br \/>\n<strong>Saiba mais:<\/strong><br \/>\n<a href=\"https:\/\/wp.me\/pfspD2-VZ\" target=\"_blank\" rel=\"noopener\">Chamas do Destino: Tr\u00eas mulheres cujas hist\u00f3rias se cruzam<\/a> (Sinopse)<br \/>\n<div class=\"pt-cv-wrapper\"><h1 class='pt-cv-heading-container heading1' data-blockid='2ab72430a2'><span class='pt-cv-heading'> \u00daltimas da Novela <\/span><\/h1><div class=\"pt-cv-view pt-cv-grid pt-cv-colsys\" id=\"pt-cv-view-2ab72430a2\"><div data-id=\"pt-cv-page-1\" class=\"pt-cv-page\" data-cvc=\"1\"><div class=\"col-md-12 col-sm-12 col-xs-12 pt-cv-content-item pt-cv-1-col\" ><div class='pt-cv-ifield'><h4 class=\"pt-cv-title\"><a href=\"https:\/\/www.tvnovelas.com.br\/tvnews\/chamas-do-destino-iskender-e-preso-apos-denuncia-de-cicek\/\" class=\"_self\" target=\"_self\" >Chamas do Destino: Iskender \u00e9 preso ap\u00f3s den\u00fancia de Cicek<\/a><\/h4><\/div><\/div>\n<div class=\"col-md-12 col-sm-12 col-xs-12 pt-cv-content-item pt-cv-1-col\" ><div class='pt-cv-ifield'><h4 class=\"pt-cv-title\"><a href=\"https:\/\/www.tvnovelas.com.br\/tvnews\/chamas-do-destino-seher-permite-que-cemre-visite-ozan\/\" class=\"_self\" target=\"_self\" >Chamas do Destino: Seher permite que Cemre visite Ozan<\/a><\/h4><\/div><\/div>\n<div class=\"col-md-12 col-sm-12 col-xs-12 pt-cv-content-item pt-cv-1-col\" ><div class='pt-cv-ifield'><h4 class=\"pt-cv-title\"><a href=\"https:\/\/www.tvnovelas.com.br\/tvnews\/chamas-do-destino-iskender-se-torna-a-unica-esperanca-para-salvar-a-vida-de-ozan\/\" class=\"_self\" target=\"_self\" >Chamas do Destino: Iskender se torna a \u00fanica esperan\u00e7a para salvar a vida de Ozan<\/a><\/h4><\/div><\/div><\/div><\/div><\/div><\/p>\n<div style=\"font-size: 150%;\"><h3>Confira tamb\u00e9m<\/h3>\r\n<a href=\"https:\/\/tvnovelas.com.br\/novelas\/\" rel=\"noopener\" target=\"_blank\"><strong>Todos os resumos de novelas<\/strong><\/a><\/br>\r\n<a href=\"https:\/\/www.tvnovelas.com.br\/tvnews\/\" rel=\"noopener\" target=\"_blank\"><strong>\u00daltimas not\u00edcias das novelas<\/strong><\/a><\/br>\r\n<a href=\"https:\/\/www.tvnovelas.com.br\/filmes\/\" target=\"_blank\" rel=\"noopener noreferrer\"><strong>Programa\u00e7\u00e3o de filmes na TV aberta<\/strong><\/a><\/br>\r\n<a href=\"https:\/\/caetenews.com.br\/semana\/filmes-da-globo-na-sessao-da-tarde-desta-semana\/\" target=\"_blank\" rel=\"noopener\"><strong>Confira os filmes da semana na Sess\u00e3o da Tarde<\/strong><\/a><\/br>\r\n<a href=\"https:\/\/classindportal.mj.gov.br\/consulta-filmes\" target=\"_blank\" rel=\"noopener\"><strong>Consulte a classifica\u00e7\u00e3o indicativa dos filmes e novelas<\/strong><\/a><\/br><\/div>\n","protected":false},"excerpt":{"rendered":"<p>Chamas do Destino: Iskender \u00e9 esfaqueado&#8230; No cap\u00edtulo de Chamas do Destino desta ter\u00e7a, dia 27, o momento rom\u00e2ntico de Cemre e Ruya&#8230;<\/p>\n","protected":false},"author":1,"featured_media":87510,"comment_status":"closed","ping_status":"closed","sticky":false,"template":"","format":"standard","meta":{"_uf_show_specific_survey":0,"_uf_disable_surveys":false,"_jetpack_memberships_contains_paid_content":false,"footnotes":"","_wp_rev_ctl_limit":""},"categories":[1040,353],"tags":[1041,64,14],"class_list":["post-87508","post","type-post","status-publish","format-standard","has-post-thumbnail","hentry","category-chamas-do-destino","category-resumos-de-novelas","tag-chamas-do-destino","tag-novelas","tag-record","wpcat-1040-id","wpcat-353-id"],"aioseo_notices":[],"jetpack_featured_media_url":"https:\/\/i0.wp.com\/www.tvnovelas.com.br\/tvnews\/wp-content\/uploads\/2026\/01\/12678-1.jpg?fit=727%2C410&ssl=1","jetpack_shortlink":"https:\/\/wp.me\/pdP2BO-mLq","jetpack_sharing_enabled":true,"_links":{"self":[{"href":"https:\/\/www.tvnovelas.com.br\/tvnews\/wp-json\/wp\/v2\/posts\/87508","targetHints":{"allow":["GET"]}}],"collection":[{"href":"https:\/\/www.tvnovelas.com.br\/tvnews\/wp-json\/wp\/v2\/posts"}],"about":[{"href":"https:\/\/www.tvnovelas.com.br\/tvnews\/wp-json\/wp\/v2\/types\/post"}],"author":[{"embeddable":true,"href":"https:\/\/www.tvnovelas.com.br\/tvnews\/wp-json\/wp\/v2\/users\/1"}],"replies":[{"embeddable":true,"href":"https:\/\/www.tvnovelas.com.br\/tvnews\/wp-json\/wp\/v2\/comments?post=87508"}],"version-history":[{"count":2,"href":"https:\/\/www.tvnovelas.com.br\/tvnews\/wp-json\/wp\/v2\/posts\/87508\/revisions"}],"predecessor-version":[{"id":87511,"href":"https:\/\/www.tvnovelas.com.br\/tvnews\/wp-json\/wp\/v2\/posts\/87508\/revisions\/87511"}],"wp:featuredmedia":[{"embeddable":true,"href":"https:\/\/www.tvnovelas.com.br\/tvnews\/wp-json\/wp\/v2\/media\/87510"}],"wp:attachment":[{"href":"https:\/\/www.tvnovelas.com.br\/tvnews\/wp-json\/wp\/v2\/media?parent=87508"}],"wp:term":[{"taxonomy":"category","embeddable":true,"href":"https:\/\/www.tvnovelas.com.br\/tvnews\/wp-json\/wp\/v2\/categories?post=87508"},{"taxonomy":"post_tag","embeddable":true,"href":"https:\/\/www.tvnovelas.com.br\/tvnews\/wp-json\/wp\/v2\/tags?post=87508"}],"curies":[{"name":"wp","href":"https:\/\/api.w.org\/{rel}","templated":true}]}}